{"id":1226,"date":"2018-11-11T23:31:44","date_gmt":"2018-11-11T22:31:44","guid":{"rendered":"http:\/\/biblioteca.iesalmudeyne.es\/?p=1226"},"modified":"2018-11-11T23:31:44","modified_gmt":"2018-11-11T22:31:44","slug":"i-certamen-de-poesia-de-los-palacios-y-villafranca","status":"publish","type":"post","link":"https:\/\/biblioteca.iesalmudeyne.es\/?p=1226","title":{"rendered":"I Certamen de Poes\u00eda de Los Palacios y Villafranca"},"content":{"rendered":"<h5>Recientemente se ha celebrado en nuestra localidad\u00a0 el I Certamen de Poes\u00eda, convocado por el Excmo. Ayuntamiento y con motivo de la celebraci\u00f3n de la Feria del Libro. En el IES Almudeyne somos muy afortunados ya que, no solo una de nuestras alumnas de 2\u00ba de bachillerato C, Luc\u00eda Jim\u00e9nez\u00a0 Carvajal ha conseguido el primer premio en la categor\u00eda de \u00abPoes\u00eda juvenil\u00bb sino que tambi\u00e9n nuestro compa\u00f1ero y profesor de Lengua Castellana, Jos\u00e9 Manuel Begines Hormigo, se ha alzado con el Primer Acc\u00e9sit con su obra \u00abSiempre todav\u00eda\u00bb.<\/h5>\n<h5 style=\"text-align: center;\"><strong>\u00a1Enhorabuena a los dos!<\/strong><\/h5>\n<h5><strong>Luc\u00eda nos ha contado, de primera mano, su experiencia as\u00ed que aqu\u00ed os dejamos sus palabras y su sentir po\u00e9tico.<\/strong><\/h5>\n<h5 style=\"text-align: left;\">\u00abHab\u00eda o\u00eddo en verano algo de un certamen, pero cre\u00eda que los menores de edad no pod\u00edamos participar, hasta que un d\u00eda un miembro del Vivero Cultural (asociaci\u00f3n a la que pertenezco) nos inform\u00f3 sobre el certamen y nos anim\u00f3 a que los menores particip\u00e1ramos .<a href=\"http:\/\/biblioteca.iesalmudeyne.es\/wp-content\/uploads\/2018\/11\/download-3.jpg\"><img decoding=\"async\" class=\"alignleft size-full wp-image-1227\" src=\"http:\/\/biblioteca.iesalmudeyne.es\/wp-content\/uploads\/2018\/11\/download-3.jpg\" alt=\"\" width=\"189\" height=\"267\" \/><\/a>\u00a0 \u00a0 En un principio dud\u00e9 si participar por mera verg\u00fcenza, al fin y al cabo eran mis poemas, en los que en parte plasmaba sentimientos de manera introspectiva, por eso nunca pens\u00e9 que estos saldr\u00edan a la luz. Las bases ped\u00edan un poema o un conjunto de poemas que siguieran una misma l\u00ednea tem\u00e1tica siempre que estos estuvieran entre treinta y cien versos, por ello escog\u00ed tres poemas. Estos tres forman una mini historia, pero a la vez pertenecen a una historia m\u00e1s amplia, de hecho, los saque de un libro, un poemario que escrib\u00ed hace dos a\u00f1os. Aunque estos poemas sean exclusivamente de desamor, he de explicar el contexto de mi poemario para mayor compresi\u00f3n. Al principio yo estaba dispuesta a escribir una historia de desamor, sobre haber querido mal y de superaci\u00f3n, en la que el yo po\u00e9tico comienza a darse valor, pero de repente algo pasa\u2026\u00a0 Se enamora\u2026 Y claro, no se puede escribir de desamor cuando se est\u00e1 enamorada. Por lo que en el poemario se pide perd\u00f3n por haber escrito de desamor y comienza a escribir de amor y de anhelo, hasta que de nuevo llega el desamor, pero este es diferente, real y m\u00e1s duro. El poemario culmina por el que puede que sea otro tipo de desamor, quiz\u00e1 fr\u00edo, en el que ya nada es lo mismo y el amor termina por desaparecer completamente.<br \/>\nEl primer poema que eleg\u00ed \u201cEpifan\u00eda\u201d pertenece al primer desamor, el segundo \u201cEt\u00e9reo\u201d forma parte del segundo tipo de desamor: real y m\u00e1s duro. Y por \u00faltimo, el tercero: \u201cEl reencuentro entre dos cuerpos fr\u00edos por el paso del tiempo.\u201d En el que el amor se pierde.<br \/>\nRespecto a la recogida de premios, en un principio lo pas\u00e9 bastante mal, pues soy muy t\u00edmida y no creo que lo m\u00edo sea hablar en p\u00fablico.<br \/>\nEstaba muy nerviosa, tanto que cuando sub\u00ed a recibir el premio y a leer mis poemas no agradec\u00ed nada a nadie, ni a la editorial Ediciones Pangea, ni a la Delegaci\u00f3n de Educaci\u00f3n, ni al jurado, ni a todas las personas, en general, que hicieron el certamen posible, as\u00ed que aprovecho ahora para que quede constancia de que estaba muy contenta por haber participado y a la vez les doy las gracias a estos y todas las personas que estuvieron all\u00ed presentes.<br \/>\nM\u00e1s tarde y pens\u00e1ndolo mejor, en realidad fue muy bonito estar rodeada de gente a la que tambi\u00e9n les apasiona la poes\u00eda, con los que adem\u00e1s tuve la oportunidad de compartir mis poemas y ellos, con mucho m\u00e1s recorrido que yo, me escucharon, e incluso ciertas personas me alegraron el d\u00eda cuando se acercaron a m\u00ed a decirme que les hab\u00eda emocionado mi forma de recitar y mi voz dulce.<br \/>\nRecuerdo estar muy nerviosa, las piernas me temblaban, pero pude mantener firme la voz y recitar mis poemas con su adecuada entonaci\u00f3n, pausadamente e intentado reflejar las emociones de cada poema.<br \/>\nEspero que a las personas que lean mis poemas les gusten, los hagan suyos, los entiendan a su manera y que lean mucha poes\u00eda. Yo tengo la suerte de haber tenido profesores y personas a mi alrededor, las cuales, han sabido transmitirme la poes\u00eda de forma correcta, cosa que es esencial.<br \/>\nTambi\u00e9n espero que a las personas que no les hayan gustado tomen conciencia de que estos poemas los escrib\u00ed con tan solo quince a\u00f1os y que desde entonces, espero haber madurado en mi forma de escribir. Me quedan muchos libros por leer y mucha poes\u00eda que escribir.<br \/>\n<strong><em>Luc\u00eda Jim\u00e9nez Carvajal<\/em><\/strong><\/h5>\n<h5 style=\"text-align: left;\"><strong>Y desde luego sus hermosos poemas!<\/strong><\/h5>\n<h5 style=\"text-align: left;\"><span style=\"color: #0000ff;\"><strong>\u201cEpifan\u00eda\u201d<\/strong><\/span><br \/>\nEl alba es un poco m\u00e1s eterna,<br \/>\nlos amaneceres se me hacen cada vez m\u00e1s mon\u00f3tonos.<br \/>\nHe saboreado tantas veces el salobre sabor de mis l\u00e1grimas,<a href=\"http:\/\/biblioteca.iesalmudeyne.es\/wp-content\/uploads\/2018\/11\/download-6.jpg\"><img decoding=\"async\" class=\"size-thumbnail wp-image-1386 alignright\" src=\"http:\/\/biblioteca.iesalmudeyne.es\/wp-content\/uploads\/2018\/11\/download-6-150x150.jpg\" alt=\"\" width=\"150\" height=\"150\" srcset=\"https:\/\/biblioteca.iesalmudeyne.es\/wp-content\/uploads\/2018\/11\/download-6-66x66.jpg 66w, https:\/\/biblioteca.iesalmudeyne.es\/wp-content\/uploads\/2018\/11\/download-6-150x150.jpg 150w, https:\/\/biblioteca.iesalmudeyne.es\/wp-content\/uploads\/2018\/11\/download-6.jpg 268w\" sizes=\"(max-width: 150px) 100vw, 150px\" \/><\/a><br \/>\nHasta tal punto\u2026<br \/>\nQue el mar me parece demasiado afable.<br \/>\nAfable como eran tus palabras.<br \/>\nHe mirado tantas veces al firmamento, esperanzada,<br \/>\nque mis ojos se han te\u00f1ido de un color turquesa.<br \/>\nTe quise tanto, y tan mal,<br \/>\nque olvid\u00e9 amarme primero a m\u00ed misma.<br \/>\nHe abierto tanto los ojos y cerrado tantas heridas.<br \/>\nQue ya, amor, no te extra\u00f1o.<br \/>\nSe acab\u00f3 el ser altruista.<\/h5>\n<h5 style=\"text-align: left;\"><a href=\"http:\/\/biblioteca.iesalmudeyne.es\/wp-content\/uploads\/2018\/11\/download-7.jpg\"><img decoding=\"async\" class=\"alignleft size-thumbnail wp-image-1387\" src=\"http:\/\/biblioteca.iesalmudeyne.es\/wp-content\/uploads\/2018\/11\/download-7-150x150.jpg\" alt=\"\" width=\"150\" height=\"150\" srcset=\"https:\/\/biblioteca.iesalmudeyne.es\/wp-content\/uploads\/2018\/11\/download-7-66x66.jpg 66w, https:\/\/biblioteca.iesalmudeyne.es\/wp-content\/uploads\/2018\/11\/download-7-150x150.jpg 150w, https:\/\/biblioteca.iesalmudeyne.es\/wp-content\/uploads\/2018\/11\/download-7.jpg 180w\" sizes=\"(max-width: 150px) 100vw, 150px\" \/><\/a><\/h5>\n<h5 style=\"text-align: center;\"><span style=\"color: #ff00ff;\"><strong>\u201cEt\u00e9reo\u201d<\/strong><\/span><br \/>\nEl coraz\u00f3n en un pu\u00f1o,<br \/>\nLas palabras se agotaron<br \/>\ny el mar se hizo preso<br \/>\nbajo mis cansados p\u00e1rpados.<br \/>\nSe qued\u00f3 sin agua el mar.<br \/>\n\u00c9sta me anduvo resbalando<br \/>\npor mi semblante rosado<br \/>\nque el mar arrastraba con la pena<br \/>\nde un amor que no ha empezado.<\/h5>\n<h5 style=\"text-align: left;\"><span style=\"color: #993366;\"><strong>\u201cEl reencuentro entre dos cuerpos fr\u00edos por el paso del tiempo.\u201d<\/strong><\/span><\/h5>\n<h5 style=\"text-align: left;\">El rencuentro entre dos almas<a href=\"http:\/\/biblioteca.iesalmudeyne.es\/wp-content\/uploads\/2018\/11\/download-8.jpg\"><img decoding=\"async\" class=\"size-thumbnail wp-image-1388 alignright\" src=\"http:\/\/biblioteca.iesalmudeyne.es\/wp-content\/uploads\/2018\/11\/download-8-150x150.jpg\" alt=\"\" width=\"150\" height=\"150\" srcset=\"https:\/\/biblioteca.iesalmudeyne.es\/wp-content\/uploads\/2018\/11\/download-8-66x66.jpg 66w, https:\/\/biblioteca.iesalmudeyne.es\/wp-content\/uploads\/2018\/11\/download-8-150x150.jpg 150w, https:\/\/biblioteca.iesalmudeyne.es\/wp-content\/uploads\/2018\/11\/download-8.jpg 200w\" sizes=\"(max-width: 150px) 100vw, 150px\" \/><\/a><br \/>\nque se a\u00f1oran, que se aman.<br \/>\nDos cuerpos cicatrizados<br \/>\nde heridas, de baladas.<br \/>\nDe palabras que se fueron<br \/>\nSe hicieron mudas las voces.<br \/>\nM\u00e1s hiri\u00f3 el silencio<br \/>\nque mil palabras atroces.<\/h5>\n","protected":false},"excerpt":{"rendered":"<p>Recientemente se ha celebrado en nuestra localidad\u00a0 el I Certamen [&hellip;]<\/p>\n","protected":false},"author":1,"featured_media":0,"comment_status":"open","ping_status":"open","sticky":false,"template":"","format":"standard","meta":{"footnotes":""},"categories":[1],"tags":[],"class_list":["post-1226","post","type-post","status-publish","format-standard","hentry","category-uncategorized"],"_links":{"self":[{"href":"https:\/\/biblioteca.iesalmudeyne.es\/index.php?rest_route=\/wp\/v2\/posts\/1226","targetHints":{"allow":["GET"]}}],"collection":[{"href":"https:\/\/biblioteca.iesalmudeyne.es\/index.php?rest_route=\/wp\/v2\/posts"}],"about":[{"href":"https:\/\/biblioteca.iesalmudeyne.es\/index.php?rest_route=\/wp\/v2\/types\/post"}],"author":[{"embeddable":true,"href":"https:\/\/biblioteca.iesalmudeyne.es\/index.php?rest_route=\/wp\/v2\/users\/1"}],"replies":[{"embeddable":true,"href":"https:\/\/biblioteca.iesalmudeyne.es\/index.php?rest_route=%2Fwp%2Fv2%2Fcomments&post=1226"}],"version-history":[{"count":0,"href":"https:\/\/biblioteca.iesalmudeyne.es\/index.php?rest_route=\/wp\/v2\/posts\/1226\/revisions"}],"wp:attachment":[{"href":"https:\/\/biblioteca.iesalmudeyne.es\/index.php?rest_route=%2Fwp%2Fv2%2Fmedia&parent=1226"}],"wp:term":[{"taxonomy":"category","embeddable":true,"href":"https:\/\/biblioteca.iesalmudeyne.es\/index.php?rest_route=%2Fwp%2Fv2%2Fcategories&post=1226"},{"taxonomy":"post_tag","embeddable":true,"href":"https:\/\/biblioteca.iesalmudeyne.es\/index.php?rest_route=%2Fwp%2Fv2%2Ftags&post=1226"}],"curies":[{"name":"wp","href":"https:\/\/api.w.org\/{rel}","templated":true}]}}