{"id":1252,"date":"2018-11-18T14:39:26","date_gmt":"2018-11-18T13:39:26","guid":{"rendered":"http:\/\/biblioteca.iesalmudeyne.es\/?p=1252"},"modified":"2018-11-18T14:39:26","modified_gmt":"2018-11-18T13:39:26","slug":"salimos-al-teatro","status":"publish","type":"post","link":"https:\/\/biblioteca.iesalmudeyne.es\/?p=1252","title":{"rendered":"Salimos al teatro"},"content":{"rendered":"<h4>La semana pasada los alumnos de 1\u00ba y 2\u00ba de ESO pudieron disfrutar de una salida extraescolar a la ciudad de Sevilla, donde visitaron el Teatro Quintero y disfrutaron de la obra<strong> \u00abLa vuelta al mundo en 80 d\u00edas\u00bb<\/strong> interpretado por la Compa\u00f1\u00eda Haz Teatring dedicada al teatro escolar. La obra con una estupenda puesta en escena resulto muy\u00a0 \u00a0 \u00a0 divertida.<\/h4>\n<h4><a href=\"http:\/\/biblioteca.iesalmudeyne.es\/wp-content\/uploads\/2018\/11\/download1-1.jpg\"><img decoding=\"async\" class=\"alignleft size-full wp-image-1255\" src=\"http:\/\/biblioteca.iesalmudeyne.es\/wp-content\/uploads\/2018\/11\/download1-1.jpg\" alt=\"\" width=\"280\" height=\"180\" srcset=\"https:\/\/biblioteca.iesalmudeyne.es\/wp-content\/uploads\/2018\/11\/download1-1-200x129.jpg 200w, https:\/\/biblioteca.iesalmudeyne.es\/wp-content\/uploads\/2018\/11\/download1-1.jpg 280w\" sizes=\"(max-width: 280px) 100vw, 280px\" \/><\/a>Tras la representaci\u00f3n los actores respondieron a las preguntas que les plantearon los alumnos.<a href=\"http:\/\/biblioteca.iesalmudeyne.es\/wp-content\/uploads\/2018\/11\/download-5.jpg\"><img decoding=\"async\" class=\"aligncenter  wp-image-1253\" src=\"http:\/\/biblioteca.iesalmudeyne.es\/wp-content\/uploads\/2018\/11\/download-5.jpg\" alt=\"\" width=\"284\" height=\"130\" srcset=\"https:\/\/biblioteca.iesalmudeyne.es\/wp-content\/uploads\/2018\/11\/download-5-200x92.jpg 200w, https:\/\/biblioteca.iesalmudeyne.es\/wp-content\/uploads\/2018\/11\/download-5-300x137.jpg 300w, https:\/\/biblioteca.iesalmudeyne.es\/wp-content\/uploads\/2018\/11\/download-5.jpg 332w\" sizes=\"(max-width: 284px) 100vw, 284px\" \/><\/a><\/h4>\n<h4>Aunque el tiempo no nos acompa\u00f1\u00f3, despu\u00e9s del espect\u00e1culo visitaron la Plaza de Espa\u00f1a donde tuvieron un rato de esparcimiento.<\/h4>\n<p><a href=\"http:\/\/biblioteca.iesalmudeyne.es\/wp-content\/uploads\/2018\/11\/IMG_20181112_124308.jpg\"><img decoding=\"async\" class=\"aligncenter size-full wp-image-1256\" src=\"http:\/\/biblioteca.iesalmudeyne.es\/wp-content\/uploads\/2018\/11\/IMG_20181112_124308.jpg\" alt=\"\" width=\"4160\" height=\"3120\" \/><\/a><\/p>\n<p>El teatro es un recurso siempre ameno e instructivo capaz de trasladarnos a otras \u00e9pocas, a otros mundos.<\/p>\n<p>\u00a1No dej\u00e9is de valorarlo y disfrutarlo!<\/p>\n","protected":false},"excerpt":{"rendered":"<p>La semana pasada los alumnos de 1\u00ba y 2\u00ba de [&hellip;]<\/p>\n","protected":false},"author":1,"featured_media":0,"comment_status":"open","ping_status":"open","sticky":false,"template":"","format":"standard","meta":{"footnotes":""},"categories":[1],"tags":[],"class_list":["post-1252","post","type-post","status-publish","format-standard","hentry","category-uncategorized"],"_links":{"self":[{"href":"https:\/\/biblioteca.iesalmudeyne.es\/index.php?rest_route=\/wp\/v2\/posts\/1252","targetHints":{"allow":["GET"]}}],"collection":[{"href":"https:\/\/biblioteca.iesalmudeyne.es\/index.php?rest_route=\/wp\/v2\/posts"}],"about":[{"href":"https:\/\/biblioteca.iesalmudeyne.es\/index.php?rest_route=\/wp\/v2\/types\/post"}],"author":[{"embeddable":true,"href":"https:\/\/biblioteca.iesalmudeyne.es\/index.php?rest_route=\/wp\/v2\/users\/1"}],"replies":[{"embeddable":true,"href":"https:\/\/biblioteca.iesalmudeyne.es\/index.php?rest_route=%2Fwp%2Fv2%2Fcomments&post=1252"}],"version-history":[{"count":0,"href":"https:\/\/biblioteca.iesalmudeyne.es\/index.php?rest_route=\/wp\/v2\/posts\/1252\/revisions"}],"wp:attachment":[{"href":"https:\/\/biblioteca.iesalmudeyne.es\/index.php?rest_route=%2Fwp%2Fv2%2Fmedia&parent=1252"}],"wp:term":[{"taxonomy":"category","embeddable":true,"href":"https:\/\/biblioteca.iesalmudeyne.es\/index.php?rest_route=%2Fwp%2Fv2%2Fcategories&post=1252"},{"taxonomy":"post_tag","embeddable":true,"href":"https:\/\/biblioteca.iesalmudeyne.es\/index.php?rest_route=%2Fwp%2Fv2%2Ftags&post=1252"}],"curies":[{"name":"wp","href":"https:\/\/api.w.org\/{rel}","templated":true}]}}