{"id":1260,"date":"2018-11-20T21:47:18","date_gmt":"2018-11-20T20:47:18","guid":{"rendered":"http:\/\/biblioteca.iesalmudeyne.es\/?p=1260"},"modified":"2018-11-20T21:47:18","modified_gmt":"2018-11-20T20:47:18","slug":"formamos-a-nuestros-nuevos-usuarios","status":"publish","type":"post","link":"https:\/\/biblioteca.iesalmudeyne.es\/?p=1260","title":{"rendered":"Formamos a nuestros nuevos usuarios"},"content":{"rendered":"<h4>Cada curso llegan nuevos alumnos a 1\u00ba de ESO y la mayor\u00eda no se atreven a entrar en la biblioteca, desconocen los servicios y recursos que pueden encontrar en ella y por eso es tan importante ense\u00f1arles como funciona este espacio tan especial de nuestro centro.<\/h4>\n<h4>As\u00ed el pasado lunes comenzamos a impartir la formaci\u00f3n a nuevos usuarios. Les contamos como se organizan las bibliotecas y la nuestra en particular,\u00a0 que servicios tenemos como el servicio de pr\u00e9stamos, la ludoteca, el club de lectura, conexi\u00f3n a Internet, orientaci\u00f3n sobre lectura o sala de estudios. Les hacemos acercarse a los libros y nos encanta ver como disfrutan cuando descubren alg\u00fan libro que les gustar\u00eda leer, les explicamos las distintas partes que componen un libro y terminamos con alg\u00fan juego que implique buscar datos o libros en las estanter\u00edas.<\/h4>\n<p><a href=\"http:\/\/biblioteca.iesalmudeyne.es\/wp-content\/uploads\/2018\/11\/IMG-20181120-WA0008.jpg\"><img decoding=\"async\" class=\"aligncenter size-full wp-image-1261\" src=\"http:\/\/biblioteca.iesalmudeyne.es\/wp-content\/uploads\/2018\/11\/IMG-20181120-WA0008.jpg\" alt=\"\" width=\"1599\" height=\"1200\" srcset=\"https:\/\/biblioteca.iesalmudeyne.es\/wp-content\/uploads\/2018\/11\/IMG-20181120-WA0008-200x150.jpg 200w, https:\/\/biblioteca.iesalmudeyne.es\/wp-content\/uploads\/2018\/11\/IMG-20181120-WA0008-300x225.jpg 300w, https:\/\/biblioteca.iesalmudeyne.es\/wp-content\/uploads\/2018\/11\/IMG-20181120-WA0008-400x300.jpg 400w, https:\/\/biblioteca.iesalmudeyne.es\/wp-content\/uploads\/2018\/11\/IMG-20181120-WA0008-600x450.jpg 600w, https:\/\/biblioteca.iesalmudeyne.es\/wp-content\/uploads\/2018\/11\/IMG-20181120-WA0008-768x576.jpg 768w, https:\/\/biblioteca.iesalmudeyne.es\/wp-content\/uploads\/2018\/11\/IMG-20181120-WA0008-800x600.jpg 800w, https:\/\/biblioteca.iesalmudeyne.es\/wp-content\/uploads\/2018\/11\/IMG-20181120-WA0008-1024x768.jpg 1024w, https:\/\/biblioteca.iesalmudeyne.es\/wp-content\/uploads\/2018\/11\/IMG-20181120-WA0008-1200x901.jpg 1200w, https:\/\/biblioteca.iesalmudeyne.es\/wp-content\/uploads\/2018\/11\/IMG-20181120-WA0008-1536x1153.jpg 1536w, https:\/\/biblioteca.iesalmudeyne.es\/wp-content\/uploads\/2018\/11\/IMG-20181120-WA0008.jpg 1599w\" sizes=\"(max-width: 1599px) 100vw, 1599px\" \/><\/a><\/p>\n<h4>Para atender a los cinco grupos de primero hemos establecido el siguiente calendario:<\/h4>\n<ul>\n<li>\n<h4>19 de noviembre 1\u00ba A<\/h4>\n<\/li>\n<li>\n<h4>26 de noviembre 1\u00ba B<\/h4>\n<\/li>\n<li>\n<h4>3 de diciembre 1\u00ba C<\/h4>\n<\/li>\n<li>\n<h4>10 de diciembre 1\u00ba D<\/h4>\n<\/li>\n<li>\n<h4>14 de enero 1\u00ba E<\/h4>\n<\/li>\n<\/ul>\n<h4>Para los alumnos es una sesi\u00f3n diferente y motivadora, siempre participan con ganas e inter\u00e9s y lo mejor es que \u00a1algunos solicitan su primer pr\u00e9stamo!.<\/h4>\n","protected":false},"excerpt":{"rendered":"<p>Cada curso llegan nuevos alumnos a 1\u00ba de ESO y [&hellip;]<\/p>\n","protected":false},"author":1,"featured_media":0,"comment_status":"open","ping_status":"open","sticky":false,"template":"","format":"standard","meta":{"footnotes":""},"categories":[1],"tags":[],"class_list":["post-1260","post","type-post","status-publish","format-standard","hentry","category-uncategorized"],"_links":{"self":[{"href":"https:\/\/biblioteca.iesalmudeyne.es\/index.php?rest_route=\/wp\/v2\/posts\/1260","targetHints":{"allow":["GET"]}}],"collection":[{"href":"https:\/\/biblioteca.iesalmudeyne.es\/index.php?rest_route=\/wp\/v2\/posts"}],"about":[{"href":"https:\/\/biblioteca.iesalmudeyne.es\/index.php?rest_route=\/wp\/v2\/types\/post"}],"author":[{"embeddable":true,"href":"https:\/\/biblioteca.iesalmudeyne.es\/index.php?rest_route=\/wp\/v2\/users\/1"}],"replies":[{"embeddable":true,"href":"https:\/\/biblioteca.iesalmudeyne.es\/index.php?rest_route=%2Fwp%2Fv2%2Fcomments&post=1260"}],"version-history":[{"count":0,"href":"https:\/\/biblioteca.iesalmudeyne.es\/index.php?rest_route=\/wp\/v2\/posts\/1260\/revisions"}],"wp:attachment":[{"href":"https:\/\/biblioteca.iesalmudeyne.es\/index.php?rest_route=%2Fwp%2Fv2%2Fmedia&parent=1260"}],"wp:term":[{"taxonomy":"category","embeddable":true,"href":"https:\/\/biblioteca.iesalmudeyne.es\/index.php?rest_route=%2Fwp%2Fv2%2Fcategories&post=1260"},{"taxonomy":"post_tag","embeddable":true,"href":"https:\/\/biblioteca.iesalmudeyne.es\/index.php?rest_route=%2Fwp%2Fv2%2Ftags&post=1260"}],"curies":[{"name":"wp","href":"https:\/\/api.w.org\/{rel}","templated":true}]}}