{"id":1272,"date":"2018-12-14T11:20:06","date_gmt":"2018-12-14T10:20:06","guid":{"rendered":"http:\/\/biblioteca.iesalmudeyne.es\/?p=1272"},"modified":"2018-12-14T11:20:06","modified_gmt":"2018-12-14T10:20:06","slug":"ya-estan-aquiiiiii","status":"publish","type":"post","link":"https:\/\/biblioteca.iesalmudeyne.es\/?p=1272","title":{"rendered":"\u00a1\u00a1\u00a1\u00a1Ya est\u00e1n aqu\u00ediiiii!!!!"},"content":{"rendered":"<h5>Pues si, para todos,\u00a0 la nueva remesa de libros, ya est\u00e1n aqu\u00ed!!!!<\/h5>\n<h5>Estamos muy contentos ya que hemos podido atender algunas de vuestras peticiones y otras recomendaciones que van de nuestra parte y que no os pod\u00e9is perder.<\/h5>\n<h5><a href=\"http:\/\/biblioteca.iesalmudeyne.es\/wp-content\/uploads\/2018\/12\/nov8.jpg\"><img decoding=\"async\" class=\"alignleft size-full wp-image-1281\" src=\"http:\/\/biblioteca.iesalmudeyne.es\/wp-content\/uploads\/2018\/12\/nov8.jpg\" alt=\"\" width=\"181\" height=\"278\" \/><\/a><\/h5>\n<h3><span style=\"color: #ff0000;\">\u00a0 \u00a0 \u00a0 \u00a0 \u00a0 \u00a0 \u00a0 Novela Rom\u00e1ntica\u00a0 \u00a0 \u00a0 \u00a0 \u00a0 \u00a0 \u00a0 \u00a0 \u00a0 \u00a0 \u00a0 \u00a0 \u00a0 \u00a0 \u00a0<\/span><\/h3>\n<p><a href=\"http:\/\/biblioteca.iesalmudeyne.es\/wp-content\/uploads\/2018\/12\/nov5.jpg\"><img decoding=\"async\" class=\"size-full wp-image-1279\" src=\"http:\/\/biblioteca.iesalmudeyne.es\/wp-content\/uploads\/2018\/12\/nov5.jpg\" alt=\"\" width=\"225\" height=\"225\" srcset=\"https:\/\/biblioteca.iesalmudeyne.es\/wp-content\/uploads\/2018\/12\/nov5-66x66.jpg 66w, https:\/\/biblioteca.iesalmudeyne.es\/wp-content\/uploads\/2018\/12\/nov5-150x150.jpg 150w, https:\/\/biblioteca.iesalmudeyne.es\/wp-content\/uploads\/2018\/12\/nov5-200x200.jpg 200w, https:\/\/biblioteca.iesalmudeyne.es\/wp-content\/uploads\/2018\/12\/nov5.jpg 225w\" sizes=\"(max-width: 225px) 100vw, 225px\" \/><\/a><a href=\"http:\/\/biblioteca.iesalmudeyne.es\/wp-content\/uploads\/2018\/12\/blog.jpg\"><img decoding=\"async\" class=\" wp-image-1320 alignright\" src=\"http:\/\/biblioteca.iesalmudeyne.es\/wp-content\/uploads\/2018\/12\/blog.jpg\" alt=\"\" width=\"150\" height=\"230\" \/><\/a><\/p>\n<h5 style=\"text-align: center;\">No os contamos nada\u00a1Tendr\u00e9is que descubrirlo!!<\/h5>\n<h3>\u00a0<a href=\"http:\/\/biblioteca.iesalmudeyne.es\/wp-content\/uploads\/2018\/12\/nov10.jpg\"><img decoding=\"async\" class=\"size-full wp-image-1282 alignleft\" src=\"http:\/\/biblioteca.iesalmudeyne.es\/wp-content\/uploads\/2018\/12\/nov10.jpg\" alt=\"\" width=\"186\" height=\"271\" \/><\/a><span style=\"color: #993366;\">Manga<\/span><\/h3>\n<p>Un mundo y unos personajes\u00a0 fascinantes para dejar volar la imaginaci\u00f3n.<a href=\"http:\/\/biblioteca.iesalmudeyne.es\/wp-content\/uploads\/2018\/12\/nov9.jpg\"><img decoding=\"async\" class=\"size-full wp-image-1277 alignleft\" src=\"http:\/\/biblioteca.iesalmudeyne.es\/wp-content\/uploads\/2018\/12\/nov9.jpg\" alt=\"\" width=\"187\" height=\"270\" \/><\/a><\/p>\n<h3>\u00a0<a href=\"http:\/\/biblioteca.iesalmudeyne.es\/wp-content\/uploads\/2018\/12\/images-4.jpg\"><img decoding=\"async\" class=\"alignright size-full wp-image-1376\" src=\"http:\/\/biblioteca.iesalmudeyne.es\/wp-content\/uploads\/2018\/12\/images-4.jpg\" alt=\"\" width=\"275\" height=\"183\" srcset=\"https:\/\/biblioteca.iesalmudeyne.es\/wp-content\/uploads\/2018\/12\/images-4-200x133.jpg 200w, https:\/\/biblioteca.iesalmudeyne.es\/wp-content\/uploads\/2018\/12\/images-4.jpg 275w\" sizes=\"(max-width: 275px) 100vw, 275px\" \/><\/a><\/h3>\n<h3><\/h3>\n<h3><\/h3>\n<h3><\/h3>\n<h3><\/h3>\n<h3><\/h3>\n<h3><span style=\"color: #993300;\">Literatura Fant\u00e1stica<\/span><\/h3>\n<h5><span style=\"color: #000000;\">\u00a0Emma Carstairs ha descubierto que el amor que siente por su parabaratai, Julian Blackthorn, no solo est\u00e1 prohibido, sino que incluso puede destruirlos a ambos. Debe alejarse de \u00e9l, pero \u00bf<a href=\"http:\/\/biblioteca.iesalmudeyne.es\/wp-content\/uploads\/2018\/12\/nov6.jpg\"><img decoding=\"async\" class=\"size-full wp-image-1280 alignleft\" src=\"http:\/\/biblioteca.iesalmudeyne.es\/wp-content\/uploads\/2018\/12\/nov6.jpg\" alt=\"\" width=\"225\" height=\"225\" srcset=\"https:\/\/biblioteca.iesalmudeyne.es\/wp-content\/uploads\/2018\/12\/nov6-66x66.jpg 66w, https:\/\/biblioteca.iesalmudeyne.es\/wp-content\/uploads\/2018\/12\/nov6-150x150.jpg 150w, https:\/\/biblioteca.iesalmudeyne.es\/wp-content\/uploads\/2018\/12\/nov6-200x200.jpg 200w, https:\/\/biblioteca.iesalmudeyne.es\/wp-content\/uploads\/2018\/12\/nov6.jpg 225w\" sizes=\"(max-width: 225px) 100vw, 225px\" \/><\/a>c\u00f3mo hacerlo justo en el momento en que Julian la necesita m\u00e1s que nunca?<br \/>\nSu \u00fanica esperanza es el Libro Negro de los Muertos, un compendio de hechizos con un terrible poder. Todos lo quieren, pero solo los Blackthorn pueden encontrarlo. Pero para ello deber\u00e1n retar y vencer la voluntad del imponente Se\u00f1or de las Sombras\u2026<\/span><\/h5>\n<h2><span style=\"color: #0000ff;\"><a href=\"http:\/\/biblioteca.iesalmudeyne.es\/wp-content\/uploads\/2018\/12\/nov1.jpg\"><img decoding=\"async\" class=\"size-full wp-image-1273 alignleft\" src=\"http:\/\/biblioteca.iesalmudeyne.es\/wp-content\/uploads\/2018\/12\/nov1.jpg\" alt=\"\" width=\"177\" height=\"285\" \/><\/a><\/span><span style=\"color: #008000;\">Novela Ilustrada.\u00a0 \u00a0 \u00a0 \u00a0 \u00a0 \u00a0 \u00a0Comedia<\/span><\/h2>\n<h5>Mejor no preguntarle a Greg qu\u00e9 tal lo ha pasado durante las vacaciones de verano, porque no quiere ni o\u00edr hablar del asunto. De hecho, al empezar el nuevo curso Greg est\u00e1 deseando olvidar los \u00faltimos tres meses de su vida,\u00a0 en particular cierto acontecimiento&#8230;. Por desgracia para \u00e9l, su hermano Rodrick lo sabe todo sobre ese incidente que \u00e9l querr\u00eda enterrar para siempre. Y es que todos los secretos acaban saliendo a la luz&#8230; sobre todo cuando hay un diario de por medio.<\/h5>\n<h3 style=\"text-align: center;\"><strong>\u00a0 <span style=\"color: #000000;\">Miedo y Terror<\/span><\/strong><\/h3>\n<h5><a href=\"http:\/\/biblioteca.iesalmudeyne.es\/wp-content\/uploads\/2018\/12\/nov3.jpg\"><i>L<span style=\"color: #000000;\">os fantasmas favoritos de Roald Dahl<\/span><\/i><span style=\"color: #000000;\">\u00a0es una inquietante y adictiva antolog\u00eda de relatos de fantasmas .\u00a0A Dahl\u00a0 se le ocurri\u00f3 hacer una serie de televisi\u00f3n con las historias m\u00e1s terror\u00edficas que pudiera encontrar en la literatura. Creyendo que la tarea ser\u00eda f\u00e1cil, dada la cantidad de autores (Dickens, entre otros) que se hab\u00edan dedicado a la labor de escribir historias espeluznantes, Dahl se zambull\u00f3 de lleno en la lectura de los grandes y descubri\u00f3, para su espanto, que sus relatos daban sue\u00f1o antes que miedo<\/span>.<img decoding=\"async\" class=\"size-full wp-image-1275 alignleft\" src=\"http:\/\/biblioteca.iesalmudeyne.es\/wp-content\/uploads\/2018\/12\/nov3.jpg\" alt=\"\" width=\"185\" height=\"272\" \/><\/a><\/h5>\n<p>&nbsp;<\/p>\n<h2><a href=\"http:\/\/biblioteca.iesalmudeyne.es\/wp-content\/uploads\/2018\/12\/nov2.jpg\"><img decoding=\"async\" class=\"alignleft size-full wp-image-1274\" src=\"http:\/\/biblioteca.iesalmudeyne.es\/wp-content\/uploads\/2018\/12\/nov2.jpg\" alt=\"\" width=\"197\" height=\"256\" \/><\/a>\u00a0 \u00a0\u00a0<strong><span style=\"color: #33cccc;\">La mujer en la historia<\/span><\/strong><\/h2>\n<section class=\"contingut-principal\">\n<div class=\"wrapper\">\n<div class=\"fitxa fitxa-llibre\">\n<div class=\"bloc dades-generals\">\n<div class=\"fitxa-bloc-b\">\n<div class=\"fitxa-bloc-b3\">\n<div id=\"capsa-sinopsi\" class=\"sinopsi\">\n<h5>Un libro une la vida de varios personajes femeninos a trav\u00e9s del tiempo. La historia comienza con la joven que lo escribe a comienzos del siglo XIX. A partir de ah\u00ed un ejemplar ir\u00e1 pasando por diferentes mujeres hasta llegar al presente. Todas interact\u00faan con el libro y dejan su huella en \u00e9l, pero leerlo tambi\u00e9n las transforma a ellas. Una met\u00e1fora del amor por los libros y de la magia de la literatura contada a trav\u00e9s de unos personajes fuertes y carism\u00e1ticos que se rebelan ante los convencionalismos de su \u00e9poca. Si es cierto que un libro puede transformarte la vida, tal vez\u00a0<em>El legado de Catherine Elliot<\/em>\u00a0cambiar\u00e1 la tuya.<\/h5>\n<p>&nbsp;<\/p>\n<\/div>\n<\/div>\n<\/div>\n<\/div>\n<\/div>\n<\/div>\n<\/section>\n<h3 style=\"text-align: left;\"><span style=\"color: #800080;\"><span style=\"color: #339966;\">Nuestros autores : Jos\u00e9 M. Begines y \u00c1lvaro Romero<\/span>\u00a0 \u00a0 \u00a0 \u00a0 \u00a0 \u00a0 \u00a0 \u00a0 \u00a0 \u00a0 \u00a0 \u00a0 \u00a0 \u00a0 \u00a0 \u00a0 \u00a0 \u00a0 \u00a0 \u00a0 \u00a0\u00a0<\/span><\/h3>\n<p><a href=\"http:\/\/biblioteca.iesalmudeyne.es\/wp-content\/uploads\/2018\/12\/download-1.jpg\"><img decoding=\"async\" class=\" wp-image-1290 alignnone alignleft\" src=\"http:\/\/biblioteca.iesalmudeyne.es\/wp-content\/uploads\/2018\/12\/download-1.jpg\" alt=\"\" width=\"162\" height=\"254\" \/><\/a><em><strong>El amor que mueve el mundo, la locura de amor, lo que parece amor y tal vez no lo sea, el amor que remedia nuestros males o que los crea&#8230;&#8230;.\u00a1emocionantes!<\/strong><\/em><\/p>\n<p style=\"padding-left: 30px;\"><a href=\"http:\/\/biblioteca.iesalmudeyne.es\/wp-content\/uploads\/2018\/12\/download1.jpg\"><img decoding=\"async\" class=\"size-full wp-image-1373 alignleft\" src=\"http:\/\/biblioteca.iesalmudeyne.es\/wp-content\/uploads\/2018\/12\/download1.jpg\" alt=\"\" width=\"168\" height=\"270\" \/><\/a><\/p>\n<p>&nbsp;<\/p>\n<p>&nbsp;<\/p>\n<p>&nbsp;<\/p>\n<p>&nbsp;<\/p>\n<p>&nbsp;<\/p>\n<p>&nbsp;<\/p>\n<p>&nbsp;<\/p>\n<p style=\"text-align: left;\">\u00a1Pues ya los tenemos en la Biblioteca para disfrutarlos!<\/p>\n","protected":false},"excerpt":{"rendered":"<p>Pues si, para todos,\u00a0 la nueva remesa de libros, ya [&hellip;]<\/p>\n","protected":false},"author":1,"featured_media":0,"comment_status":"open","ping_status":"open","sticky":false,"template":"","format":"standard","meta":{"footnotes":""},"categories":[1],"tags":[],"class_list":["post-1272","post","type-post","status-publish","format-standard","hentry","category-uncategorized"],"_links":{"self":[{"href":"https:\/\/biblioteca.iesalmudeyne.es\/index.php?rest_route=\/wp\/v2\/posts\/1272","targetHints":{"allow":["GET"]}}],"collection":[{"href":"https:\/\/biblioteca.iesalmudeyne.es\/index.php?rest_route=\/wp\/v2\/posts"}],"about":[{"href":"https:\/\/biblioteca.iesalmudeyne.es\/index.php?rest_route=\/wp\/v2\/types\/post"}],"author":[{"embeddable":true,"href":"https:\/\/biblioteca.iesalmudeyne.es\/index.php?rest_route=\/wp\/v2\/users\/1"}],"replies":[{"embeddable":true,"href":"https:\/\/biblioteca.iesalmudeyne.es\/index.php?rest_route=%2Fwp%2Fv2%2Fcomments&post=1272"}],"version-history":[{"count":0,"href":"https:\/\/biblioteca.iesalmudeyne.es\/index.php?rest_route=\/wp\/v2\/posts\/1272\/revisions"}],"wp:attachment":[{"href":"https:\/\/biblioteca.iesalmudeyne.es\/index.php?rest_route=%2Fwp%2Fv2%2Fmedia&parent=1272"}],"wp:term":[{"taxonomy":"category","embeddable":true,"href":"https:\/\/biblioteca.iesalmudeyne.es\/index.php?rest_route=%2Fwp%2Fv2%2Fcategories&post=1272"},{"taxonomy":"post_tag","embeddable":true,"href":"https:\/\/biblioteca.iesalmudeyne.es\/index.php?rest_route=%2Fwp%2Fv2%2Ftags&post=1272"}],"curies":[{"name":"wp","href":"https:\/\/api.w.org\/{rel}","templated":true}]}}