{"id":1284,"date":"2018-12-17T11:22:46","date_gmt":"2018-12-17T10:22:46","guid":{"rendered":"http:\/\/biblioteca.iesalmudeyne.es\/?p=1284"},"modified":"2018-12-17T11:22:46","modified_gmt":"2018-12-17T10:22:46","slug":"nuestro-proyecto-linguistico-sigue-adelante","status":"publish","type":"post","link":"https:\/\/biblioteca.iesalmudeyne.es\/?p=1284","title":{"rendered":"Nuestro Proyecto ling\u00fc\u00edstico sigue adelante."},"content":{"rendered":"<h5>Dentro de este proyecto, que implica a todo nuestro Centro,\u00a0 se realizan m\u00faltiples actividades en los distintos niveles educativos.<\/h5>\n<h5>Las profesoras Ana Fern\u00e1ndez\u00a0 y Raquel V\u00e1zquez , de los departamentos de Lengua e Ingl\u00e9s respectivamente, han estado trabajando durante el trimestre la adaptaci\u00f3n de textos a formato\u00a0 c\u00f3mic. Los grupos de 1\u00ba de ESO B y E han adaptado cuentos breves de navidad a dicho formato, haciendo ellos mismos las ilustraciones, distribuci\u00f3n de vi\u00f1etas, adaptaci\u00f3n de texto\u2026etc. En el caso de 1\u00ba E, la historia se ha hecho en ambos idiomas: castellano e ingl\u00e9s. Los alumnos de 4\u00ba de ESO han hecho su propia adaptaci\u00f3n de cuentos de toda la vida como Cuento de Navidad de Dickens o la historia de la fosforera usando herramientas digitales. El resultado de este trabajo se ha podido ver expuesto en los pasillos de nuestro centro.<\/h5>\n<h5><a href=\"http:\/\/biblioteca.iesalmudeyne.es\/wp-content\/uploads\/2018\/12\/IMG_20181220_132455-1.jpg\"><img decoding=\"async\" class=\"aligncenter size-medium wp-image-1328\" src=\"http:\/\/biblioteca.iesalmudeyne.es\/wp-content\/uploads\/2018\/12\/IMG_20181220_132455-1-300x225.jpg\" alt=\"\" width=\"300\" height=\"225\" srcset=\"https:\/\/biblioteca.iesalmudeyne.es\/wp-content\/uploads\/2018\/12\/IMG_20181220_132455-1-200x150.jpg 200w, https:\/\/biblioteca.iesalmudeyne.es\/wp-content\/uploads\/2018\/12\/IMG_20181220_132455-1-300x225.jpg 300w, https:\/\/biblioteca.iesalmudeyne.es\/wp-content\/uploads\/2018\/12\/IMG_20181220_132455-1-400x300.jpg 400w, https:\/\/biblioteca.iesalmudeyne.es\/wp-content\/uploads\/2018\/12\/IMG_20181220_132455-1-600x450.jpg 600w, https:\/\/biblioteca.iesalmudeyne.es\/wp-content\/uploads\/2018\/12\/IMG_20181220_132455-1-768x576.jpg 768w, https:\/\/biblioteca.iesalmudeyne.es\/wp-content\/uploads\/2018\/12\/IMG_20181220_132455-1-800x600.jpg 800w, https:\/\/biblioteca.iesalmudeyne.es\/wp-content\/uploads\/2018\/12\/IMG_20181220_132455-1-1024x768.jpg 1024w, https:\/\/biblioteca.iesalmudeyne.es\/wp-content\/uploads\/2018\/12\/IMG_20181220_132455-1-1200x900.jpg 1200w, https:\/\/biblioteca.iesalmudeyne.es\/wp-content\/uploads\/2018\/12\/IMG_20181220_132455-1-1536x1152.jpg 1536w, https:\/\/biblioteca.iesalmudeyne.es\/wp-content\/uploads\/2018\/12\/IMG_20181220_132455-1-scaled.jpg 2560w\" sizes=\"(max-width: 300px) 100vw, 300px\" \/><\/a><a href=\"http:\/\/biblioteca.iesalmudeyne.es\/wp-content\/uploads\/2018\/12\/IMG_20181223_180153.jpg\"><img decoding=\"async\" class=\"wp-image-1332 alignleft\" src=\"http:\/\/biblioteca.iesalmudeyne.es\/wp-content\/uploads\/2018\/12\/IMG_20181223_180153-300x225.jpg\" alt=\"\" width=\"292\" height=\"219\" srcset=\"https:\/\/biblioteca.iesalmudeyne.es\/wp-content\/uploads\/2018\/12\/IMG_20181223_180153-200x150.jpg 200w, https:\/\/biblioteca.iesalmudeyne.es\/wp-content\/uploads\/2018\/12\/IMG_20181223_180153-300x225.jpg 300w, https:\/\/biblioteca.iesalmudeyne.es\/wp-content\/uploads\/2018\/12\/IMG_20181223_180153-400x300.jpg 400w, https:\/\/biblioteca.iesalmudeyne.es\/wp-content\/uploads\/2018\/12\/IMG_20181223_180153-600x450.jpg 600w, https:\/\/biblioteca.iesalmudeyne.es\/wp-content\/uploads\/2018\/12\/IMG_20181223_180153-768x576.jpg 768w, https:\/\/biblioteca.iesalmudeyne.es\/wp-content\/uploads\/2018\/12\/IMG_20181223_180153-800x600.jpg 800w, https:\/\/biblioteca.iesalmudeyne.es\/wp-content\/uploads\/2018\/12\/IMG_20181223_180153-1024x768.jpg 1024w, https:\/\/biblioteca.iesalmudeyne.es\/wp-content\/uploads\/2018\/12\/IMG_20181223_180153-1200x900.jpg 1200w, https:\/\/biblioteca.iesalmudeyne.es\/wp-content\/uploads\/2018\/12\/IMG_20181223_180153-1536x1152.jpg 1536w, https:\/\/biblioteca.iesalmudeyne.es\/wp-content\/uploads\/2018\/12\/IMG_20181223_180153.jpg 2034w\" sizes=\"(max-width: 292px) 100vw, 292px\" \/><\/a><a href=\"http:\/\/biblioteca.iesalmudeyne.es\/wp-content\/uploads\/2018\/12\/IMG_20181223_180317.jpg\"><img decoding=\"async\" class=\"alignleft size-medium wp-image-1330\" src=\"http:\/\/biblioteca.iesalmudeyne.es\/wp-content\/uploads\/2018\/12\/IMG_20181223_180317-300x203.jpg\" alt=\"\" width=\"300\" height=\"203\" srcset=\"https:\/\/biblioteca.iesalmudeyne.es\/wp-content\/uploads\/2018\/12\/IMG_20181223_180317-200x135.jpg 200w, https:\/\/biblioteca.iesalmudeyne.es\/wp-content\/uploads\/2018\/12\/IMG_20181223_180317-300x203.jpg 300w, https:\/\/biblioteca.iesalmudeyne.es\/wp-content\/uploads\/2018\/12\/IMG_20181223_180317-400x270.jpg 400w, https:\/\/biblioteca.iesalmudeyne.es\/wp-content\/uploads\/2018\/12\/IMG_20181223_180317-600x406.jpg 600w, https:\/\/biblioteca.iesalmudeyne.es\/wp-content\/uploads\/2018\/12\/IMG_20181223_180317-768x519.jpg 768w, https:\/\/biblioteca.iesalmudeyne.es\/wp-content\/uploads\/2018\/12\/IMG_20181223_180317-800x541.jpg 800w, https:\/\/biblioteca.iesalmudeyne.es\/wp-content\/uploads\/2018\/12\/IMG_20181223_180317-1024x692.jpg 1024w, https:\/\/biblioteca.iesalmudeyne.es\/wp-content\/uploads\/2018\/12\/IMG_20181223_180317-1200x811.jpg 1200w, https:\/\/biblioteca.iesalmudeyne.es\/wp-content\/uploads\/2018\/12\/IMG_20181223_180317-1536x1039.jpg 1536w, https:\/\/biblioteca.iesalmudeyne.es\/wp-content\/uploads\/2018\/12\/IMG_20181223_180317.jpg 1816w\" sizes=\"(max-width: 300px) 100vw, 300px\" \/><\/a><\/h5>\n<p>&nbsp;<\/p>\n<p>&nbsp;<\/p>\n<p>&nbsp;<\/p>\n<p>&nbsp;<\/p>\n<p>&nbsp;<\/p>\n<p><a href=\"http:\/\/biblioteca.iesalmudeyne.es\/wp-content\/uploads\/2018\/12\/IMG_20181226_123247-1.jpg\"><img decoding=\"async\" class=\"aligncenter size-large wp-image-1327\" src=\"http:\/\/biblioteca.iesalmudeyne.es\/wp-content\/uploads\/2018\/12\/IMG_20181226_123247-1-1024x555.jpg\" alt=\"\" width=\"652\" height=\"353\" srcset=\"https:\/\/biblioteca.iesalmudeyne.es\/wp-content\/uploads\/2018\/12\/IMG_20181226_123247-1-200x108.jpg 200w, https:\/\/biblioteca.iesalmudeyne.es\/wp-content\/uploads\/2018\/12\/IMG_20181226_123247-1-300x163.jpg 300w, https:\/\/biblioteca.iesalmudeyne.es\/wp-content\/uploads\/2018\/12\/IMG_20181226_123247-1-400x217.jpg 400w, https:\/\/biblioteca.iesalmudeyne.es\/wp-content\/uploads\/2018\/12\/IMG_20181226_123247-1-600x325.jpg 600w, https:\/\/biblioteca.iesalmudeyne.es\/wp-content\/uploads\/2018\/12\/IMG_20181226_123247-1-768x417.jpg 768w, https:\/\/biblioteca.iesalmudeyne.es\/wp-content\/uploads\/2018\/12\/IMG_20181226_123247-1-800x434.jpg 800w, https:\/\/biblioteca.iesalmudeyne.es\/wp-content\/uploads\/2018\/12\/IMG_20181226_123247-1-1024x555.jpg 1024w, https:\/\/biblioteca.iesalmudeyne.es\/wp-content\/uploads\/2018\/12\/IMG_20181226_123247-1-1200x651.jpg 1200w, https:\/\/biblioteca.iesalmudeyne.es\/wp-content\/uploads\/2018\/12\/IMG_20181226_123247-1-1536x833.jpg 1536w, https:\/\/biblioteca.iesalmudeyne.es\/wp-content\/uploads\/2018\/12\/IMG_20181226_123247-1.jpg 1888w\" sizes=\"(max-width: 652px) 100vw, 652px\" \/><\/a><\/p>\n<p><a href=\"http:\/\/biblioteca.iesalmudeyne.es\/wp-content\/uploads\/2018\/12\/IMG_20181221_115756-1.jpg\"><img decoding=\"async\" class=\"wp-image-1325 alignleft\" src=\"http:\/\/biblioteca.iesalmudeyne.es\/wp-content\/uploads\/2018\/12\/IMG_20181221_115756-1-300x225.jpg\" alt=\"\" width=\"279\" height=\"209\" srcset=\"https:\/\/biblioteca.iesalmudeyne.es\/wp-content\/uploads\/2018\/12\/IMG_20181221_115756-1-200x150.jpg 200w, https:\/\/biblioteca.iesalmudeyne.es\/wp-content\/uploads\/2018\/12\/IMG_20181221_115756-1-300x225.jpg 300w, https:\/\/biblioteca.iesalmudeyne.es\/wp-content\/uploads\/2018\/12\/IMG_20181221_115756-1-400x300.jpg 400w, https:\/\/biblioteca.iesalmudeyne.es\/wp-content\/uploads\/2018\/12\/IMG_20181221_115756-1-600x450.jpg 600w, https:\/\/biblioteca.iesalmudeyne.es\/wp-content\/uploads\/2018\/12\/IMG_20181221_115756-1-768x576.jpg 768w, https:\/\/biblioteca.iesalmudeyne.es\/wp-content\/uploads\/2018\/12\/IMG_20181221_115756-1-800x600.jpg 800w, https:\/\/biblioteca.iesalmudeyne.es\/wp-content\/uploads\/2018\/12\/IMG_20181221_115756-1-1024x768.jpg 1024w, https:\/\/biblioteca.iesalmudeyne.es\/wp-content\/uploads\/2018\/12\/IMG_20181221_115756-1-1200x900.jpg 1200w, https:\/\/biblioteca.iesalmudeyne.es\/wp-content\/uploads\/2018\/12\/IMG_20181221_115756-1-1536x1152.jpg 1536w, https:\/\/biblioteca.iesalmudeyne.es\/wp-content\/uploads\/2018\/12\/IMG_20181221_115756-1-scaled.jpg 2560w\" sizes=\"(max-width: 279px) 100vw, 279px\" \/><\/a><\/p>\n<p><a href=\"http:\/\/biblioteca.iesalmudeyne.es\/wp-content\/uploads\/2018\/12\/IMG_20181221_115846-1.jpg\"><img decoding=\"async\" class=\"size-medium wp-image-1331 alignright\" src=\"http:\/\/biblioteca.iesalmudeyne.es\/wp-content\/uploads\/2018\/12\/IMG_20181221_115846-1-225x300.jpg\" alt=\"\" width=\"225\" height=\"300\" srcset=\"https:\/\/biblioteca.iesalmudeyne.es\/wp-content\/uploads\/2018\/12\/IMG_20181221_115846-1-200x267.jpg 200w, https:\/\/biblioteca.iesalmudeyne.es\/wp-content\/uploads\/2018\/12\/IMG_20181221_115846-1-225x300.jpg 225w, https:\/\/biblioteca.iesalmudeyne.es\/wp-content\/uploads\/2018\/12\/IMG_20181221_115846-1-400x533.jpg 400w, https:\/\/biblioteca.iesalmudeyne.es\/wp-content\/uploads\/2018\/12\/IMG_20181221_115846-1-600x800.jpg 600w, https:\/\/biblioteca.iesalmudeyne.es\/wp-content\/uploads\/2018\/12\/IMG_20181221_115846-1-768x1024.jpg 768w, https:\/\/biblioteca.iesalmudeyne.es\/wp-content\/uploads\/2018\/12\/IMG_20181221_115846-1-800x1067.jpg 800w, https:\/\/biblioteca.iesalmudeyne.es\/wp-content\/uploads\/2018\/12\/IMG_20181221_115846-1-1152x1536.jpg 1152w, https:\/\/biblioteca.iesalmudeyne.es\/wp-content\/uploads\/2018\/12\/IMG_20181221_115846-1-1200x1600.jpg 1200w, https:\/\/biblioteca.iesalmudeyne.es\/wp-content\/uploads\/2018\/12\/IMG_20181221_115846-1-1536x2048.jpg 1536w, https:\/\/biblioteca.iesalmudeyne.es\/wp-content\/uploads\/2018\/12\/IMG_20181221_115846-1-scaled.jpg 1920w\" sizes=\"(max-width: 225px) 100vw, 225px\" \/><\/a><\/p>\n<h5><\/h5>\n<h5>\u00a0Comics realizados con herramientas digitales.<\/h5>\n<h5><\/h5>\n<h5><\/h5>\n<h5><\/h5>\n<h5><\/h5>\n<h5><\/h5>\n<h5><\/h5>\n<h5><\/h5>\n<h5>En el aula de apoyo hemos trabajado adaptando villancicos andaluces tradicionales a nuestra manera, de forma que los alumnos han ido modificando las letras, respetando ritmo y rima y han conseguido otros villancicos muy originales y con los que se han divertido mucho.<\/h5>\n<p><a href=\"http:\/\/biblioteca.iesalmudeyne.es\/wp-content\/uploads\/2018\/12\/IMG_20181223_180520.jpg\"><img decoding=\"async\" class=\"aligncenter size-large wp-image-1333\" src=\"http:\/\/biblioteca.iesalmudeyne.es\/wp-content\/uploads\/2018\/12\/IMG_20181223_180520-1024x768.jpg\" alt=\"\" width=\"1024\" height=\"768\" srcset=\"https:\/\/biblioteca.iesalmudeyne.es\/wp-content\/uploads\/2018\/12\/IMG_20181223_180520-200x150.jpg 200w, https:\/\/biblioteca.iesalmudeyne.es\/wp-content\/uploads\/2018\/12\/IMG_20181223_180520-300x225.jpg 300w, https:\/\/biblioteca.iesalmudeyne.es\/wp-content\/uploads\/2018\/12\/IMG_20181223_180520-400x300.jpg 400w, https:\/\/biblioteca.iesalmudeyne.es\/wp-content\/uploads\/2018\/12\/IMG_20181223_180520-600x450.jpg 600w, https:\/\/biblioteca.iesalmudeyne.es\/wp-content\/uploads\/2018\/12\/IMG_20181223_180520-768x576.jpg 768w, https:\/\/biblioteca.iesalmudeyne.es\/wp-content\/uploads\/2018\/12\/IMG_20181223_180520-800x600.jpg 800w, https:\/\/biblioteca.iesalmudeyne.es\/wp-content\/uploads\/2018\/12\/IMG_20181223_180520-1024x768.jpg 1024w, https:\/\/biblioteca.iesalmudeyne.es\/wp-content\/uploads\/2018\/12\/IMG_20181223_180520-1200x900.jpg 1200w, https:\/\/biblioteca.iesalmudeyne.es\/wp-content\/uploads\/2018\/12\/IMG_20181223_180520-1536x1152.jpg 1536w, https:\/\/biblioteca.iesalmudeyne.es\/wp-content\/uploads\/2018\/12\/IMG_20181223_180520-scaled.jpg 2560w\" sizes=\"(max-width: 1024px) 100vw, 1024px\" \/><\/a><\/p>\n<h5>Ademas se han realizado otras muchas actividades que pod\u00e9is conocer en el Blog de la maestra Berta Oca\u00f1a, os dejo el enlace para que las disfrut\u00e9is.<\/h5>\n<h4 style=\"text-align: center;\"><a href=\"http:\/\/nuestraspalabrassonmagicas.com\/blog\/\">http:\/\/nuestraspalabrassonmagicas.com\/blog\/<\/a><\/h4>\n<h4 style=\"text-align: center;\">\u00a1Enhorabuena por su trabajo a alumnos y profesores!<\/h4>\n<p>&nbsp;<\/p>\n","protected":false},"excerpt":{"rendered":"<p>Dentro de este proyecto, que implica a todo nuestro Centro,\u00a0 [&hellip;]<\/p>\n","protected":false},"author":1,"featured_media":0,"comment_status":"open","ping_status":"open","sticky":false,"template":"","format":"standard","meta":{"footnotes":""},"categories":[1],"tags":[],"class_list":["post-1284","post","type-post","status-publish","format-standard","hentry","category-uncategorized"],"_links":{"self":[{"href":"https:\/\/biblioteca.iesalmudeyne.es\/index.php?rest_route=\/wp\/v2\/posts\/1284","targetHints":{"allow":["GET"]}}],"collection":[{"href":"https:\/\/biblioteca.iesalmudeyne.es\/index.php?rest_route=\/wp\/v2\/posts"}],"about":[{"href":"https:\/\/biblioteca.iesalmudeyne.es\/index.php?rest_route=\/wp\/v2\/types\/post"}],"author":[{"embeddable":true,"href":"https:\/\/biblioteca.iesalmudeyne.es\/index.php?rest_route=\/wp\/v2\/users\/1"}],"replies":[{"embeddable":true,"href":"https:\/\/biblioteca.iesalmudeyne.es\/index.php?rest_route=%2Fwp%2Fv2%2Fcomments&post=1284"}],"version-history":[{"count":0,"href":"https:\/\/biblioteca.iesalmudeyne.es\/index.php?rest_route=\/wp\/v2\/posts\/1284\/revisions"}],"wp:attachment":[{"href":"https:\/\/biblioteca.iesalmudeyne.es\/index.php?rest_route=%2Fwp%2Fv2%2Fmedia&parent=1284"}],"wp:term":[{"taxonomy":"category","embeddable":true,"href":"https:\/\/biblioteca.iesalmudeyne.es\/index.php?rest_route=%2Fwp%2Fv2%2Fcategories&post=1284"},{"taxonomy":"post_tag","embeddable":true,"href":"https:\/\/biblioteca.iesalmudeyne.es\/index.php?rest_route=%2Fwp%2Fv2%2Ftags&post=1284"}],"curies":[{"name":"wp","href":"https:\/\/api.w.org\/{rel}","templated":true}]}}