{"id":1307,"date":"2018-12-19T11:24:35","date_gmt":"2018-12-19T10:24:35","guid":{"rendered":"http:\/\/biblioteca.iesalmudeyne.es\/?p=1307"},"modified":"2018-12-19T11:24:35","modified_gmt":"2018-12-19T10:24:35","slug":"musica-y-libros-dia-de-la-lectura-en-andalucia","status":"publish","type":"post","link":"https:\/\/biblioteca.iesalmudeyne.es\/?p=1307","title":{"rendered":"M\u00daSICA Y LIBROS. D\u00eda de la lectura en Andaluc\u00eda"},"content":{"rendered":"<h5 style=\"text-align: left;\">Ya sab\u00e9is que todos los a\u00f1os nos gusta celebrar, de alguna manera, no solo el D\u00eda de los libros en Andaluc\u00eda, sino tambi\u00e9n que nuestra biblioteca est\u00e1 cada d\u00eda m\u00e1s viva. Cada a\u00f1o nos esforzamos por preparar algo especial que nos\u00a0 re\u00fana alrededor de este espacio.\u00a0<a href=\"http:\/\/biblioteca.iesalmudeyne.es\/wp-content\/uploads\/2018\/12\/48390144_2151118864909396_7110596882862178304_n.jpg\"><img decoding=\"async\" class=\"size-medium wp-image-1340 alignleft\" src=\"http:\/\/biblioteca.iesalmudeyne.es\/wp-content\/uploads\/2018\/12\/48390144_2151118864909396_7110596882862178304_n-202x300.jpg\" alt=\"\" width=\"202\" height=\"300\" srcset=\"https:\/\/biblioteca.iesalmudeyne.es\/wp-content\/uploads\/2018\/12\/48390144_2151118864909396_7110596882862178304_n-200x297.jpg 200w, https:\/\/biblioteca.iesalmudeyne.es\/wp-content\/uploads\/2018\/12\/48390144_2151118864909396_7110596882862178304_n-202x300.jpg 202w, https:\/\/biblioteca.iesalmudeyne.es\/wp-content\/uploads\/2018\/12\/48390144_2151118864909396_7110596882862178304_n-400x594.jpg 400w, https:\/\/biblioteca.iesalmudeyne.es\/wp-content\/uploads\/2018\/12\/48390144_2151118864909396_7110596882862178304_n-600x890.jpg 600w, https:\/\/biblioteca.iesalmudeyne.es\/wp-content\/uploads\/2018\/12\/48390144_2151118864909396_7110596882862178304_n.jpg 647w\" sizes=\"(max-width: 202px) 100vw, 202px\" \/><\/a> Y como en el Almudeyne hay mucho arte, pues que mejor idea que contar con profesores y\u00a0 alumnos para crear este evento<strong> \u00abM\u00fasica y Libros\u00bb<\/strong> que incluy\u00f3 un\u00a0 concierto del grupo de profesores \u00abSociedad Divergente\u00bb, actuaci\u00f3n de los alumnos de 1\u00ba ESO-C a la flauta junto con su profesor de m\u00fasica Antonio Carrero, al piano, tocando una composici\u00f3n\u00a0 propia titulada \u00abChanges\u00bb,\u00a0 presentaci\u00f3n de las novedades adquiridas recientemente por la biblioteca y recitado de sus poemas por parte de la alumna Luc\u00eda J\u00edm\u00e9nez que este a\u00f1o ha sido ganadora del Primer Premio de poes\u00eda para menores de 20 a\u00f1os en el Concurso de la Feria del Libro convocado por el Excmo. Ayuntamiento de Los Palacios y Villafranca y de la nos sentimos muy orgullosos.\u00a0 \u00a1 todo un lujo!<\/h5>\n<p>&nbsp;<\/p>\n<h4 style=\"text-align: center;\">Os dejamos algunos momentos\u00a0 para recordar:<\/h4>\n<div class=\"video-shortcode\"><iframe title=\"M\u00fasica y libros 2\" width=\"1200\" height=\"675\" src=\"https:\/\/www.youtube.com\/embed\/TYFBq-LTVaI?feature=oembed\" frameborder=\"0\" allow=\"accelerometer; autoplay; clipboard-write; encrypted-media; gyroscope; picture-in-picture\" allowfullscreen><\/iframe><\/div>\n<h4 style=\"text-align: center;\"><strong>\u00a1Bravo, Luc\u00eda nos emocionastes a todos!<\/strong><\/h4>\n<div class=\"video-shortcode\"><iframe title=\"M\u00fasica y libros: 1\" width=\"1200\" height=\"675\" src=\"https:\/\/www.youtube.com\/embed\/ByTZ4ZI2MpI?feature=oembed\" frameborder=\"0\" allow=\"accelerometer; autoplay; clipboard-write; encrypted-media; gyroscope; picture-in-picture\" allowfullscreen><\/iframe><\/div>\n<h4 style=\"text-align: left;\"><a href=\"http:\/\/biblioteca.iesalmudeyne.es\/wp-content\/uploads\/2018\/12\/IMG-20181219-WA0005.jpg\"><img decoding=\"async\" class=\"size-medium wp-image-1304 alignleft\" src=\"http:\/\/biblioteca.iesalmudeyne.es\/wp-content\/uploads\/2018\/12\/IMG-20181219-WA0005-300x225.jpg\" alt=\"\" width=\"300\" height=\"225\" srcset=\"https:\/\/biblioteca.iesalmudeyne.es\/wp-content\/uploads\/2018\/12\/IMG-20181219-WA0005-200x150.jpg 200w, https:\/\/biblioteca.iesalmudeyne.es\/wp-content\/uploads\/2018\/12\/IMG-20181219-WA0005-300x225.jpg 300w, https:\/\/biblioteca.iesalmudeyne.es\/wp-content\/uploads\/2018\/12\/IMG-20181219-WA0005-400x300.jpg 400w, https:\/\/biblioteca.iesalmudeyne.es\/wp-content\/uploads\/2018\/12\/IMG-20181219-WA0005-600x450.jpg 600w, https:\/\/biblioteca.iesalmudeyne.es\/wp-content\/uploads\/2018\/12\/IMG-20181219-WA0005-768x576.jpg 768w, https:\/\/biblioteca.iesalmudeyne.es\/wp-content\/uploads\/2018\/12\/IMG-20181219-WA0005-800x600.jpg 800w, https:\/\/biblioteca.iesalmudeyne.es\/wp-content\/uploads\/2018\/12\/IMG-20181219-WA0005-1024x768.jpg 1024w, https:\/\/biblioteca.iesalmudeyne.es\/wp-content\/uploads\/2018\/12\/IMG-20181219-WA0005-1200x900.jpg 1200w, https:\/\/biblioteca.iesalmudeyne.es\/wp-content\/uploads\/2018\/12\/IMG-20181219-WA0005-1536x1152.jpg 1536w, https:\/\/biblioteca.iesalmudeyne.es\/wp-content\/uploads\/2018\/12\/IMG-20181219-WA0005.jpg 1600w\" sizes=\"(max-width: 300px) 100vw, 300px\" \/><\/a> <a href=\"http:\/\/biblioteca.iesalmudeyne.es\/wp-content\/uploads\/2018\/12\/IMG-20181220-WA0005.jpg\"><img decoding=\"async\" class=\" wp-image-1299 alignnone\" src=\"http:\/\/biblioteca.iesalmudeyne.es\/wp-content\/uploads\/2018\/12\/IMG-20181220-WA0005-300x225.jpg\" alt=\"\" width=\"334\" height=\"250\" srcset=\"https:\/\/biblioteca.iesalmudeyne.es\/wp-content\/uploads\/2018\/12\/IMG-20181220-WA0005-200x150.jpg 200w, https:\/\/biblioteca.iesalmudeyne.es\/wp-content\/uploads\/2018\/12\/IMG-20181220-WA0005-300x225.jpg 300w, https:\/\/biblioteca.iesalmudeyne.es\/wp-content\/uploads\/2018\/12\/IMG-20181220-WA0005-400x300.jpg 400w, https:\/\/biblioteca.iesalmudeyne.es\/wp-content\/uploads\/2018\/12\/IMG-20181220-WA0005-600x450.jpg 600w, https:\/\/biblioteca.iesalmudeyne.es\/wp-content\/uploads\/2018\/12\/IMG-20181220-WA0005-768x576.jpg 768w, https:\/\/biblioteca.iesalmudeyne.es\/wp-content\/uploads\/2018\/12\/IMG-20181220-WA0005-800x600.jpg 800w, https:\/\/biblioteca.iesalmudeyne.es\/wp-content\/uploads\/2018\/12\/IMG-20181220-WA0005-1024x768.jpg 1024w, https:\/\/biblioteca.iesalmudeyne.es\/wp-content\/uploads\/2018\/12\/IMG-20181220-WA0005-1200x900.jpg 1200w, https:\/\/biblioteca.iesalmudeyne.es\/wp-content\/uploads\/2018\/12\/IMG-20181220-WA0005-1536x1152.jpg 1536w, https:\/\/biblioteca.iesalmudeyne.es\/wp-content\/uploads\/2018\/12\/IMG-20181220-WA0005.jpg 1600w\" sizes=\"(max-width: 334px) 100vw, 334px\" \/><\/a><strong><a href=\"http:\/\/biblioteca.iesalmudeyne.es\/wp-content\/uploads\/2018\/12\/IMG-20181219-WA0001.jpg\"><img decoding=\"async\" class=\"size-medium wp-image-1302 alignright\" src=\"http:\/\/biblioteca.iesalmudeyne.es\/wp-content\/uploads\/2018\/12\/IMG-20181219-WA0001-225x300.jpg\" alt=\"\" width=\"225\" height=\"300\" srcset=\"https:\/\/biblioteca.iesalmudeyne.es\/wp-content\/uploads\/2018\/12\/IMG-20181219-WA0001-200x267.jpg 200w, https:\/\/biblioteca.iesalmudeyne.es\/wp-content\/uploads\/2018\/12\/IMG-20181219-WA0001-225x300.jpg 225w, https:\/\/biblioteca.iesalmudeyne.es\/wp-content\/uploads\/2018\/12\/IMG-20181219-WA0001-400x533.jpg 400w, https:\/\/biblioteca.iesalmudeyne.es\/wp-content\/uploads\/2018\/12\/IMG-20181219-WA0001-600x800.jpg 600w, https:\/\/biblioteca.iesalmudeyne.es\/wp-content\/uploads\/2018\/12\/IMG-20181219-WA0001-768x1024.jpg 768w, https:\/\/biblioteca.iesalmudeyne.es\/wp-content\/uploads\/2018\/12\/IMG-20181219-WA0001-800x1067.jpg 800w, https:\/\/biblioteca.iesalmudeyne.es\/wp-content\/uploads\/2018\/12\/IMG-20181219-WA0001-1152x1536.jpg 1152w, https:\/\/biblioteca.iesalmudeyne.es\/wp-content\/uploads\/2018\/12\/IMG-20181219-WA0001.jpg 1200w\" sizes=\"(max-width: 225px) 100vw, 225px\" \/><\/a><\/strong><\/h4>\n<h4 style=\"text-align: center;\"><strong><a href=\"http:\/\/biblioteca.iesalmudeyne.es\/wp-content\/uploads\/2018\/12\/IMG-20181219-WA0010.jpg\"><img decoding=\"async\" class=\"alignleft size-medium wp-image-1305\" src=\"http:\/\/biblioteca.iesalmudeyne.es\/wp-content\/uploads\/2018\/12\/IMG-20181219-WA0010-225x300.jpg\" alt=\"\" width=\"225\" height=\"300\" srcset=\"https:\/\/biblioteca.iesalmudeyne.es\/wp-content\/uploads\/2018\/12\/IMG-20181219-WA0010-200x267.jpg 200w, https:\/\/biblioteca.iesalmudeyne.es\/wp-content\/uploads\/2018\/12\/IMG-20181219-WA0010-225x300.jpg 225w, https:\/\/biblioteca.iesalmudeyne.es\/wp-content\/uploads\/2018\/12\/IMG-20181219-WA0010-400x533.jpg 400w, https:\/\/biblioteca.iesalmudeyne.es\/wp-content\/uploads\/2018\/12\/IMG-20181219-WA0010-600x800.jpg 600w, https:\/\/biblioteca.iesalmudeyne.es\/wp-content\/uploads\/2018\/12\/IMG-20181219-WA0010-768x1024.jpg 768w, https:\/\/biblioteca.iesalmudeyne.es\/wp-content\/uploads\/2018\/12\/IMG-20181219-WA0010-800x1067.jpg 800w, https:\/\/biblioteca.iesalmudeyne.es\/wp-content\/uploads\/2018\/12\/IMG-20181219-WA0010-1152x1536.jpg 1152w, https:\/\/biblioteca.iesalmudeyne.es\/wp-content\/uploads\/2018\/12\/IMG-20181219-WA0010.jpg 1200w\" sizes=\"(max-width: 225px) 100vw, 225px\" \/><\/a>\u00a1Gracias, compa\u00f1eros!<\/strong><\/h4>\n<p>&nbsp;<\/p>\n<p>&nbsp;<\/p>\n<p>&nbsp;<\/p>\n<p>&nbsp;<\/p>\n<h4><strong>\u00a0 \u00a0 \u00a0 \u00a0 \u00a0 \u00a0 \u00a0 \u00a0 \u00a0 \u00a0 Y finalmente&#8230;.. presentamos nuestros nuevos libros&#8230;&#8230;.<\/strong><\/h4>\n<p><a href=\"http:\/\/biblioteca.iesalmudeyne.es\/wp-content\/uploads\/2018\/12\/IMG-20181220-WA0002.jpg\"><img decoding=\"async\" class=\"aligncenter size-large wp-image-1301\" src=\"http:\/\/biblioteca.iesalmudeyne.es\/wp-content\/uploads\/2018\/12\/IMG-20181220-WA0002-1024x768.jpg\" alt=\"\" width=\"1024\" height=\"768\" srcset=\"https:\/\/biblioteca.iesalmudeyne.es\/wp-content\/uploads\/2018\/12\/IMG-20181220-WA0002-200x150.jpg 200w, https:\/\/biblioteca.iesalmudeyne.es\/wp-content\/uploads\/2018\/12\/IMG-20181220-WA0002-300x225.jpg 300w, https:\/\/biblioteca.iesalmudeyne.es\/wp-content\/uploads\/2018\/12\/IMG-20181220-WA0002-400x300.jpg 400w, https:\/\/biblioteca.iesalmudeyne.es\/wp-content\/uploads\/2018\/12\/IMG-20181220-WA0002-600x450.jpg 600w, https:\/\/biblioteca.iesalmudeyne.es\/wp-content\/uploads\/2018\/12\/IMG-20181220-WA0002-768x576.jpg 768w, https:\/\/biblioteca.iesalmudeyne.es\/wp-content\/uploads\/2018\/12\/IMG-20181220-WA0002-800x600.jpg 800w, https:\/\/biblioteca.iesalmudeyne.es\/wp-content\/uploads\/2018\/12\/IMG-20181220-WA0002-1024x768.jpg 1024w, https:\/\/biblioteca.iesalmudeyne.es\/wp-content\/uploads\/2018\/12\/IMG-20181220-WA0002-1200x900.jpg 1200w, https:\/\/biblioteca.iesalmudeyne.es\/wp-content\/uploads\/2018\/12\/IMG-20181220-WA0002-1536x1152.jpg 1536w, https:\/\/biblioteca.iesalmudeyne.es\/wp-content\/uploads\/2018\/12\/IMG-20181220-WA0002.jpg 1600w\" sizes=\"(max-width: 1024px) 100vw, 1024px\" \/><\/a><\/p>\n<p>&nbsp;<\/p>\n<h4 style=\"text-align: center;\"><em><strong>\u00a1Gracias a todos por vuestra colaboraci\u00f3n, vuestro inter\u00e9s e implicaci\u00f3n con nuestra biblioteca y gracias a todos los que asistieron porque nos dais \u00e1nimos para continuar!.<\/strong><\/em><\/h4>\n<p style=\"text-align: left;\">\n","protected":false},"excerpt":{"rendered":"<p>Ya sab\u00e9is que todos los a\u00f1os nos gusta celebrar, de [&hellip;]<\/p>\n","protected":false},"author":1,"featured_media":0,"comment_status":"open","ping_status":"open","sticky":false,"template":"","format":"standard","meta":{"footnotes":""},"categories":[1],"tags":[],"class_list":["post-1307","post","type-post","status-publish","format-standard","hentry","category-uncategorized"],"_links":{"self":[{"href":"https:\/\/biblioteca.iesalmudeyne.es\/index.php?rest_route=\/wp\/v2\/posts\/1307","targetHints":{"allow":["GET"]}}],"collection":[{"href":"https:\/\/biblioteca.iesalmudeyne.es\/index.php?rest_route=\/wp\/v2\/posts"}],"about":[{"href":"https:\/\/biblioteca.iesalmudeyne.es\/index.php?rest_route=\/wp\/v2\/types\/post"}],"author":[{"embeddable":true,"href":"https:\/\/biblioteca.iesalmudeyne.es\/index.php?rest_route=\/wp\/v2\/users\/1"}],"replies":[{"embeddable":true,"href":"https:\/\/biblioteca.iesalmudeyne.es\/index.php?rest_route=%2Fwp%2Fv2%2Fcomments&post=1307"}],"version-history":[{"count":0,"href":"https:\/\/biblioteca.iesalmudeyne.es\/index.php?rest_route=\/wp\/v2\/posts\/1307\/revisions"}],"wp:attachment":[{"href":"https:\/\/biblioteca.iesalmudeyne.es\/index.php?rest_route=%2Fwp%2Fv2%2Fmedia&parent=1307"}],"wp:term":[{"taxonomy":"category","embeddable":true,"href":"https:\/\/biblioteca.iesalmudeyne.es\/index.php?rest_route=%2Fwp%2Fv2%2Fcategories&post=1307"},{"taxonomy":"post_tag","embeddable":true,"href":"https:\/\/biblioteca.iesalmudeyne.es\/index.php?rest_route=%2Fwp%2Fv2%2Ftags&post=1307"}],"curies":[{"name":"wp","href":"https:\/\/api.w.org\/{rel}","templated":true}]}}