{"id":1313,"date":"2018-12-20T11:21:45","date_gmt":"2018-12-20T10:21:45","guid":{"rendered":"http:\/\/biblioteca.iesalmudeyne.es\/?p=1313"},"modified":"2018-12-20T11:21:45","modified_gmt":"2018-12-20T10:21:45","slug":"noticias-del-club-de-lectura","status":"publish","type":"post","link":"https:\/\/biblioteca.iesalmudeyne.es\/?p=1313","title":{"rendered":"Noticias del Club de lectura"},"content":{"rendered":"<p>&nbsp;<\/p>\n<p align=\"JUSTIFY\"><a href=\"http:\/\/biblioteca.iesalmudeyne.es\/wp-content\/uploads\/2018\/12\/logo-lectores-de-suec3b1os.jpg\"><img decoding=\"async\" class=\"alignleft size-thumbnail wp-image-1314\" src=\"http:\/\/biblioteca.iesalmudeyne.es\/wp-content\/uploads\/2018\/12\/logo-lectores-de-suec3b1os-150x150.jpg\" alt=\"\" width=\"150\" height=\"150\" srcset=\"https:\/\/biblioteca.iesalmudeyne.es\/wp-content\/uploads\/2018\/12\/logo-lectores-de-suec3b1os-66x66.jpg 66w, https:\/\/biblioteca.iesalmudeyne.es\/wp-content\/uploads\/2018\/12\/logo-lectores-de-suec3b1os-150x150.jpg 150w, https:\/\/biblioteca.iesalmudeyne.es\/wp-content\/uploads\/2018\/12\/logo-lectores-de-suec3b1os.jpg 900w\" sizes=\"(max-width: 150px) 100vw, 150px\" \/><\/a>En noviembre, en nuestra reuni\u00f3n mensual del club de lectura, estuvimos comentando libros ambientados en el futuro. Salieron t\u00edtulos tan interesantes como estos:<\/p>\n<p align=\"JUSTIFY\">&#8211; <i>Cinder<\/i> de la saga Cr\u00f3nicas Lunares (Marissa meyer), donde se reescriben cuentos tradicionales en versi\u00f3n m\u00e1s actual y futurista. En este caso, la protagonista es una Cenicienta-cyborg.<\/p>\n<p align=\"JUSTIFY\"><i>&#8211; La Luz Fant\u00e1stica<\/i>, de Terry Pratchet. Segunda novela de la saga del Mundodisco que contin\u00faa las aventuras de Rincewind y Dosflores iniciadas en El color de la magia, esta vez acompa\u00f1ados por uno de los legendarios h\u00e9roes del Disco: Cohen el B\u00e1rbaro.<\/p>\n<p align=\"JUSTIFY\">&#8211; <i>La Cura Mortal<\/i>, de la saga El Corredor del Laberinto (James Dasher).<\/p>\n<p align=\"JUSTIFY\"><i>&#8211; La Gu\u00eda del Autoestopista Gal\u00e1ctico<\/i>, de Douglas Adams. Que es el primero de una larga saga de libros donde se narran las aventuras de unos curiosos personajes que viajan por diversos planetas de galaxias muy lejanas.<\/p>\n<p align=\"JUSTIFY\">&#8211; <i>Reiniciados, de Amy Tintera\u00a0<\/i>.Nos encontramos con un libro protagonizado por una chica que muri\u00f3 y resucit\u00f3 m\u00e1s de dos horas despu\u00e9s, volvi\u00e9ndose fuerte y letal. Esto le da un toque de originalidad muy interesante.<\/p>\n<p align=\"JUSTIFY\"><a href=\"http:\/\/biblioteca.iesalmudeyne.es\/wp-content\/uploads\/2018\/12\/IMG-20181220-WA0023.jpg\"><img decoding=\"async\" class=\"aligncenter size-full wp-image-1292\" src=\"http:\/\/biblioteca.iesalmudeyne.es\/wp-content\/uploads\/2018\/12\/IMG-20181220-WA0023.jpg\" alt=\"\" width=\"1600\" height=\"1200\" srcset=\"https:\/\/biblioteca.iesalmudeyne.es\/wp-content\/uploads\/2018\/12\/IMG-20181220-WA0023-200x150.jpg 200w, https:\/\/biblioteca.iesalmudeyne.es\/wp-content\/uploads\/2018\/12\/IMG-20181220-WA0023-300x225.jpg 300w, https:\/\/biblioteca.iesalmudeyne.es\/wp-content\/uploads\/2018\/12\/IMG-20181220-WA0023-400x300.jpg 400w, https:\/\/biblioteca.iesalmudeyne.es\/wp-content\/uploads\/2018\/12\/IMG-20181220-WA0023-600x450.jpg 600w, https:\/\/biblioteca.iesalmudeyne.es\/wp-content\/uploads\/2018\/12\/IMG-20181220-WA0023-768x576.jpg 768w, https:\/\/biblioteca.iesalmudeyne.es\/wp-content\/uploads\/2018\/12\/IMG-20181220-WA0023-800x600.jpg 800w, https:\/\/biblioteca.iesalmudeyne.es\/wp-content\/uploads\/2018\/12\/IMG-20181220-WA0023-1024x768.jpg 1024w, https:\/\/biblioteca.iesalmudeyne.es\/wp-content\/uploads\/2018\/12\/IMG-20181220-WA0023-1200x900.jpg 1200w, https:\/\/biblioteca.iesalmudeyne.es\/wp-content\/uploads\/2018\/12\/IMG-20181220-WA0023-1536x1152.jpg 1536w, https:\/\/biblioteca.iesalmudeyne.es\/wp-content\/uploads\/2018\/12\/IMG-20181220-WA0023.jpg 1600w\" sizes=\"(max-width: 1600px) 100vw, 1600px\" \/><\/a><\/p>\n<p align=\"JUSTIFY\">En nuestra reuni\u00f3n m\u00e1s reciente, celebrada el 20 de diciembre, hemos comentado libros que han sido publicados en 2018:<\/p>\n<p align=\"JUSTIFY\">&#8211; <i>Los cuentos que nunca te han contado<\/i>, ilustrado por Dani Torrent. Es una colecci\u00f3n de cuentos poco conocidos, donde las mujeres rompen con los cl\u00e1sicos estereotipos de los cuentos de hadas para asumir un papel mucho m\u00e1s poderoso.<\/p>\n<p align=\"JUSTIFY\"><span lang=\"en-US\">&#8211; <\/span><span lang=\"en-US\"><i>I will always love you<\/i><\/span><span lang=\"en-US\">, Marisa Morea. <\/span>Un precioso libro ilustrado perfecto para amantes de la m\u00fasica, donde se habla de grandes historias de amor y desamor de leyendas del mundo de la m\u00fasica y de las canciones y discos que inspiraron.<\/p>\n<p align=\"JUSTIFY\">Se aprovech\u00f3 tambi\u00e9n la reuni\u00f3n para presentar a los alumnos asistentes las nuevas adquisiciones de la biblioteca, que despertaron gran inter\u00e9s. Entre esas novedades se encuentran El Legado de Catherine Elliot, ilustrado por Esther Gili, Cuentos de Fantasmas (selecci\u00f3n hecha por Roald Dahl ) o un anime de Death Note con geniales ilustraciones, entre otros.<\/p>\n<p align=\"JUSTIFY\">Os animamos a que nunca os alej\u00e9is de la lectura y particip\u00e9is en el Club que cada vez es una experiencia de intercambio de emociones muy interesante.<\/p>\n<p>&nbsp;<\/p>\n","protected":false},"excerpt":{"rendered":"<p>&nbsp; En noviembre, en nuestra reuni\u00f3n mensual del club de [&hellip;]<\/p>\n","protected":false},"author":1,"featured_media":0,"comment_status":"open","ping_status":"open","sticky":false,"template":"","format":"standard","meta":{"footnotes":""},"categories":[1],"tags":[],"class_list":["post-1313","post","type-post","status-publish","format-standard","hentry","category-uncategorized"],"_links":{"self":[{"href":"https:\/\/biblioteca.iesalmudeyne.es\/index.php?rest_route=\/wp\/v2\/posts\/1313","targetHints":{"allow":["GET"]}}],"collection":[{"href":"https:\/\/biblioteca.iesalmudeyne.es\/index.php?rest_route=\/wp\/v2\/posts"}],"about":[{"href":"https:\/\/biblioteca.iesalmudeyne.es\/index.php?rest_route=\/wp\/v2\/types\/post"}],"author":[{"embeddable":true,"href":"https:\/\/biblioteca.iesalmudeyne.es\/index.php?rest_route=\/wp\/v2\/users\/1"}],"replies":[{"embeddable":true,"href":"https:\/\/biblioteca.iesalmudeyne.es\/index.php?rest_route=%2Fwp%2Fv2%2Fcomments&post=1313"}],"version-history":[{"count":0,"href":"https:\/\/biblioteca.iesalmudeyne.es\/index.php?rest_route=\/wp\/v2\/posts\/1313\/revisions"}],"wp:attachment":[{"href":"https:\/\/biblioteca.iesalmudeyne.es\/index.php?rest_route=%2Fwp%2Fv2%2Fmedia&parent=1313"}],"wp:term":[{"taxonomy":"category","embeddable":true,"href":"https:\/\/biblioteca.iesalmudeyne.es\/index.php?rest_route=%2Fwp%2Fv2%2Fcategories&post=1313"},{"taxonomy":"post_tag","embeddable":true,"href":"https:\/\/biblioteca.iesalmudeyne.es\/index.php?rest_route=%2Fwp%2Fv2%2Ftags&post=1313"}],"curies":[{"name":"wp","href":"https:\/\/api.w.org\/{rel}","templated":true}]}}