{"id":1417,"date":"2019-01-27T20:29:16","date_gmt":"2019-01-27T19:29:16","guid":{"rendered":"http:\/\/biblioteca.iesalmudeyne.es\/?p=1417"},"modified":"2019-01-27T20:29:16","modified_gmt":"2019-01-27T19:29:16","slug":"elegida-dorsal-0-para-la-carrera-rosa","status":"publish","type":"post","link":"https:\/\/biblioteca.iesalmudeyne.es\/?p=1417","title":{"rendered":"Elegida Dorsal 0 para la Carrera Rosa\u00a1\u00a1"},"content":{"rendered":"<p><a href=\"http:\/\/biblioteca.iesalmudeyne.es\/wp-content\/uploads\/2019\/01\/cartel_mini.jpg\"><img decoding=\"async\" class=\"alignleft size-full wp-image-1418\" src=\"http:\/\/biblioteca.iesalmudeyne.es\/wp-content\/uploads\/2019\/01\/cartel_mini.jpg\" alt=\"\" width=\"290\" height=\"410\" srcset=\"https:\/\/biblioteca.iesalmudeyne.es\/wp-content\/uploads\/2019\/01\/cartel_mini-200x283.jpg 200w, https:\/\/biblioteca.iesalmudeyne.es\/wp-content\/uploads\/2019\/01\/cartel_mini-212x300.jpg 212w, https:\/\/biblioteca.iesalmudeyne.es\/wp-content\/uploads\/2019\/01\/cartel_mini.jpg 290w\" sizes=\"(max-width: 290px) 100vw, 290px\" \/><\/a>Nos unimos al abrazo que recibi\u00f3 nuestra compa\u00f1era Concha Murube de su hija Marta despu\u00e9s de que las organizadoras de la III Carrera Rosa de nuestra localidad, en nuestro Centro y por sorpresa, la eligieran para lucir el dorsal 0 en esta carrera que busca recaudar fondos para la investigaci\u00f3n y la lucha contra el\u00a0 cancer de mama. Fue un momento muy emotivo para todos los que la conocemos y sabemos con que fortaleza ha luchado contra esta enfermedad.<\/p>\n<p><a href=\"http:\/\/biblioteca.iesalmudeyne.es\/wp-content\/uploads\/2019\/01\/IMG_20190124_103659.jpg\"><img decoding=\"async\" class=\"alignleft size-medium wp-image-1424\" src=\"http:\/\/biblioteca.iesalmudeyne.es\/wp-content\/uploads\/2019\/01\/IMG_20190124_103659-225x300.jpg\" alt=\"\" width=\"225\" height=\"300\" srcset=\"https:\/\/biblioteca.iesalmudeyne.es\/wp-content\/uploads\/2019\/01\/IMG_20190124_103659-200x267.jpg 200w, https:\/\/biblioteca.iesalmudeyne.es\/wp-content\/uploads\/2019\/01\/IMG_20190124_103659-225x300.jpg 225w, https:\/\/biblioteca.iesalmudeyne.es\/wp-content\/uploads\/2019\/01\/IMG_20190124_103659-400x533.jpg 400w, https:\/\/biblioteca.iesalmudeyne.es\/wp-content\/uploads\/2019\/01\/IMG_20190124_103659-600x800.jpg 600w, https:\/\/biblioteca.iesalmudeyne.es\/wp-content\/uploads\/2019\/01\/IMG_20190124_103659-768x1024.jpg 768w, https:\/\/biblioteca.iesalmudeyne.es\/wp-content\/uploads\/2019\/01\/IMG_20190124_103659-800x1067.jpg 800w, https:\/\/biblioteca.iesalmudeyne.es\/wp-content\/uploads\/2019\/01\/IMG_20190124_103659-1152x1536.jpg 1152w, https:\/\/biblioteca.iesalmudeyne.es\/wp-content\/uploads\/2019\/01\/IMG_20190124_103659-1200x1600.jpg 1200w, https:\/\/biblioteca.iesalmudeyne.es\/wp-content\/uploads\/2019\/01\/IMG_20190124_103659-1536x2048.jpg 1536w, https:\/\/biblioteca.iesalmudeyne.es\/wp-content\/uploads\/2019\/01\/IMG_20190124_103659-scaled.jpg 1920w\" sizes=\"(max-width: 225px) 100vw, 225px\" \/><\/a><\/p>\n<p>&nbsp;<\/p>\n<p>&nbsp;<\/p>\n<p>&nbsp;<\/p>\n<p>&nbsp;<\/p>\n<p>&nbsp;<\/p>\n<p>&nbsp;<\/p>\n<p>&nbsp;<\/p>\n<p>&nbsp;<\/p>\n<p><a href=\"http:\/\/biblioteca.iesalmudeyne.es\/wp-content\/uploads\/2019\/01\/IMG_20190124_103704.jpg\"><img decoding=\"async\" class=\"aligncenter size-large wp-image-1423\" src=\"http:\/\/biblioteca.iesalmudeyne.es\/wp-content\/uploads\/2019\/01\/IMG_20190124_103704-768x1024.jpg\" alt=\"\" width=\"652\" height=\"869\" srcset=\"https:\/\/biblioteca.iesalmudeyne.es\/wp-content\/uploads\/2019\/01\/IMG_20190124_103704-200x267.jpg 200w, https:\/\/biblioteca.iesalmudeyne.es\/wp-content\/uploads\/2019\/01\/IMG_20190124_103704-225x300.jpg 225w, https:\/\/biblioteca.iesalmudeyne.es\/wp-content\/uploads\/2019\/01\/IMG_20190124_103704-400x533.jpg 400w, https:\/\/biblioteca.iesalmudeyne.es\/wp-content\/uploads\/2019\/01\/IMG_20190124_103704-600x800.jpg 600w, https:\/\/biblioteca.iesalmudeyne.es\/wp-content\/uploads\/2019\/01\/IMG_20190124_103704-768x1024.jpg 768w, https:\/\/biblioteca.iesalmudeyne.es\/wp-content\/uploads\/2019\/01\/IMG_20190124_103704-800x1067.jpg 800w, https:\/\/biblioteca.iesalmudeyne.es\/wp-content\/uploads\/2019\/01\/IMG_20190124_103704-1152x1536.jpg 1152w, https:\/\/biblioteca.iesalmudeyne.es\/wp-content\/uploads\/2019\/01\/IMG_20190124_103704-1200x1600.jpg 1200w, https:\/\/biblioteca.iesalmudeyne.es\/wp-content\/uploads\/2019\/01\/IMG_20190124_103704-1536x2048.jpg 1536w, https:\/\/biblioteca.iesalmudeyne.es\/wp-content\/uploads\/2019\/01\/IMG_20190124_103704-scaled.jpg 1920w\" sizes=\"(max-width: 652px) 100vw, 652px\" \/><\/a><\/p>\n<p><a href=\"http:\/\/biblioteca.iesalmudeyne.es\/wp-content\/uploads\/2019\/01\/IMG_20190124_103735.jpg\"><img decoding=\"async\" class=\"aligncenter size-large wp-image-1421\" src=\"http:\/\/biblioteca.iesalmudeyne.es\/wp-content\/uploads\/2019\/01\/IMG_20190124_103735-1024x768.jpg\" alt=\"\" width=\"652\" height=\"489\" srcset=\"https:\/\/biblioteca.iesalmudeyne.es\/wp-content\/uploads\/2019\/01\/IMG_20190124_103735-200x150.jpg 200w, https:\/\/biblioteca.iesalmudeyne.es\/wp-content\/uploads\/2019\/01\/IMG_20190124_103735-300x225.jpg 300w, https:\/\/biblioteca.iesalmudeyne.es\/wp-content\/uploads\/2019\/01\/IMG_20190124_103735-400x300.jpg 400w, https:\/\/biblioteca.iesalmudeyne.es\/wp-content\/uploads\/2019\/01\/IMG_20190124_103735-600x450.jpg 600w, https:\/\/biblioteca.iesalmudeyne.es\/wp-content\/uploads\/2019\/01\/IMG_20190124_103735-768x576.jpg 768w, https:\/\/biblioteca.iesalmudeyne.es\/wp-content\/uploads\/2019\/01\/IMG_20190124_103735-800x600.jpg 800w, https:\/\/biblioteca.iesalmudeyne.es\/wp-content\/uploads\/2019\/01\/IMG_20190124_103735-1024x768.jpg 1024w, https:\/\/biblioteca.iesalmudeyne.es\/wp-content\/uploads\/2019\/01\/IMG_20190124_103735-1200x900.jpg 1200w, https:\/\/biblioteca.iesalmudeyne.es\/wp-content\/uploads\/2019\/01\/IMG_20190124_103735-1536x1152.jpg 1536w, https:\/\/biblioteca.iesalmudeyne.es\/wp-content\/uploads\/2019\/01\/IMG_20190124_103735-scaled.jpg 2560w\" sizes=\"(max-width: 652px) 100vw, 652px\" \/><\/a><\/p>\n<p>Desde luego el 10 de marzo estaremos con ella en este evento que es algo m\u00e1s que un acto de solidaridad, es una llamada a la esperanza.<\/p>\n<p>&nbsp;<\/p>\n","protected":false},"excerpt":{"rendered":"<p>Nos unimos al abrazo que recibi\u00f3 nuestra compa\u00f1era Concha Murube [&hellip;]<\/p>\n","protected":false},"author":1,"featured_media":0,"comment_status":"open","ping_status":"open","sticky":false,"template":"","format":"standard","meta":{"footnotes":""},"categories":[1],"tags":[],"class_list":["post-1417","post","type-post","status-publish","format-standard","hentry","category-uncategorized"],"_links":{"self":[{"href":"https:\/\/biblioteca.iesalmudeyne.es\/index.php?rest_route=\/wp\/v2\/posts\/1417","targetHints":{"allow":["GET"]}}],"collection":[{"href":"https:\/\/biblioteca.iesalmudeyne.es\/index.php?rest_route=\/wp\/v2\/posts"}],"about":[{"href":"https:\/\/biblioteca.iesalmudeyne.es\/index.php?rest_route=\/wp\/v2\/types\/post"}],"author":[{"embeddable":true,"href":"https:\/\/biblioteca.iesalmudeyne.es\/index.php?rest_route=\/wp\/v2\/users\/1"}],"replies":[{"embeddable":true,"href":"https:\/\/biblioteca.iesalmudeyne.es\/index.php?rest_route=%2Fwp%2Fv2%2Fcomments&post=1417"}],"version-history":[{"count":0,"href":"https:\/\/biblioteca.iesalmudeyne.es\/index.php?rest_route=\/wp\/v2\/posts\/1417\/revisions"}],"wp:attachment":[{"href":"https:\/\/biblioteca.iesalmudeyne.es\/index.php?rest_route=%2Fwp%2Fv2%2Fmedia&parent=1417"}],"wp:term":[{"taxonomy":"category","embeddable":true,"href":"https:\/\/biblioteca.iesalmudeyne.es\/index.php?rest_route=%2Fwp%2Fv2%2Fcategories&post=1417"},{"taxonomy":"post_tag","embeddable":true,"href":"https:\/\/biblioteca.iesalmudeyne.es\/index.php?rest_route=%2Fwp%2Fv2%2Ftags&post=1417"}],"curies":[{"name":"wp","href":"https:\/\/api.w.org\/{rel}","templated":true}]}}