{"id":1426,"date":"2019-01-27T20:53:30","date_gmt":"2019-01-27T19:53:30","guid":{"rendered":"http:\/\/biblioteca.iesalmudeyne.es\/?p=1426"},"modified":"2019-01-27T20:53:30","modified_gmt":"2019-01-27T19:53:30","slug":"almudeyne-con-la-paz","status":"publish","type":"post","link":"https:\/\/biblioteca.iesalmudeyne.es\/?p=1426","title":{"rendered":"Almudeyne con la PAZ"},"content":{"rendered":"<p>El IES Almudeyne ha participado en el Concurso de Logos por la Paz convocado por los Coordinadores del Proyecto de Paz Intercentros de nuestra localidad y nuestra alumna de 1\u00ba ESO-B,<strong>\u00a0 Luz Mar\u00eda Mar\u00edn Calvo<\/strong> ha sido la ganadora con este precioso logo. ! Enhorabuena\u00a1<\/p>\n<div id=\"attachment_1414\" style=\"width: 252px\" class=\"wp-caption aligncenter\"><a href=\"http:\/\/biblioteca.iesalmudeyne.es\/wp-content\/uploads\/2019\/01\/IMG_20190124_201011.jpg\"><img decoding=\"async\" aria-describedby=\"caption-attachment-1414\" class=\"wp-image-1414 size-medium\" src=\"http:\/\/biblioteca.iesalmudeyne.es\/wp-content\/uploads\/2019\/01\/IMG_20190124_201011-242x300.jpg\" alt=\"\" width=\"242\" height=\"300\" srcset=\"https:\/\/biblioteca.iesalmudeyne.es\/wp-content\/uploads\/2019\/01\/IMG_20190124_201011-200x248.jpg 200w, https:\/\/biblioteca.iesalmudeyne.es\/wp-content\/uploads\/2019\/01\/IMG_20190124_201011-242x300.jpg 242w, https:\/\/biblioteca.iesalmudeyne.es\/wp-content\/uploads\/2019\/01\/IMG_20190124_201011-400x495.jpg 400w, https:\/\/biblioteca.iesalmudeyne.es\/wp-content\/uploads\/2019\/01\/IMG_20190124_201011-600x743.jpg 600w, https:\/\/biblioteca.iesalmudeyne.es\/wp-content\/uploads\/2019\/01\/IMG_20190124_201011-768x951.jpg 768w, https:\/\/biblioteca.iesalmudeyne.es\/wp-content\/uploads\/2019\/01\/IMG_20190124_201011.jpg 780w\" sizes=\"(max-width: 242px) 100vw, 242px\" \/><\/a><p id=\"caption-attachment-1414\" class=\"wp-caption-text\">Logo ganador concurso<\/p><\/div>\n<p>Adem\u00e1s este mismo grupo de 1\u00ba de ESO asistir\u00e1 a la Marcha por la Paz que el d\u00eda 30 de enero reunir\u00e1 a alumnos de distintas edades y de todos los centros educativos de nuestro pueblo.<\/p>\n<p><a href=\"http:\/\/biblioteca.iesalmudeyne.es\/wp-content\/uploads\/2019\/01\/IMG-20190125-WA0013.jpg\"><img decoding=\"async\" class=\"aligncenter size-large wp-image-1427\" src=\"http:\/\/biblioteca.iesalmudeyne.es\/wp-content\/uploads\/2019\/01\/IMG-20190125-WA0013-1024x768.jpg\" alt=\"\" width=\"652\" height=\"489\" \/><\/a><\/p>\n<p>La<strong> Asociaci\u00f3n Madiba<\/strong> trabaja para llevar la<strong> Mediaci\u00f3n<\/strong> tanto a las familias como a los centro educativos, un excelente trabajo que empieza a dar sus frutos tambi\u00e9n en nuestro centro donde el proyecto de mediaci\u00f3n entre iguales se ha puesto en marcha este curso.<\/p>\n<p>&nbsp;<\/p>\n","protected":false},"excerpt":{"rendered":"<p>El IES Almudeyne ha participado en el Concurso de Logos [&hellip;]<\/p>\n","protected":false},"author":1,"featured_media":0,"comment_status":"open","ping_status":"open","sticky":false,"template":"","format":"standard","meta":{"footnotes":""},"categories":[1],"tags":[],"class_list":["post-1426","post","type-post","status-publish","format-standard","hentry","category-uncategorized"],"_links":{"self":[{"href":"https:\/\/biblioteca.iesalmudeyne.es\/index.php?rest_route=\/wp\/v2\/posts\/1426","targetHints":{"allow":["GET"]}}],"collection":[{"href":"https:\/\/biblioteca.iesalmudeyne.es\/index.php?rest_route=\/wp\/v2\/posts"}],"about":[{"href":"https:\/\/biblioteca.iesalmudeyne.es\/index.php?rest_route=\/wp\/v2\/types\/post"}],"author":[{"embeddable":true,"href":"https:\/\/biblioteca.iesalmudeyne.es\/index.php?rest_route=\/wp\/v2\/users\/1"}],"replies":[{"embeddable":true,"href":"https:\/\/biblioteca.iesalmudeyne.es\/index.php?rest_route=%2Fwp%2Fv2%2Fcomments&post=1426"}],"version-history":[{"count":0,"href":"https:\/\/biblioteca.iesalmudeyne.es\/index.php?rest_route=\/wp\/v2\/posts\/1426\/revisions"}],"wp:attachment":[{"href":"https:\/\/biblioteca.iesalmudeyne.es\/index.php?rest_route=%2Fwp%2Fv2%2Fmedia&parent=1426"}],"wp:term":[{"taxonomy":"category","embeddable":true,"href":"https:\/\/biblioteca.iesalmudeyne.es\/index.php?rest_route=%2Fwp%2Fv2%2Fcategories&post=1426"},{"taxonomy":"post_tag","embeddable":true,"href":"https:\/\/biblioteca.iesalmudeyne.es\/index.php?rest_route=%2Fwp%2Fv2%2Ftags&post=1426"}],"curies":[{"name":"wp","href":"https:\/\/api.w.org\/{rel}","templated":true}]}}