{"id":1429,"date":"2019-01-30T21:31:27","date_gmt":"2019-01-30T20:31:27","guid":{"rendered":"http:\/\/biblioteca.iesalmudeyne.es\/?p=1429"},"modified":"2019-01-30T21:31:27","modified_gmt":"2019-01-30T20:31:27","slug":"los-centros-educativos-de-la-localidad-juntos-por-la-paz","status":"publish","type":"post","link":"https:\/\/biblioteca.iesalmudeyne.es\/?p=1429","title":{"rendered":"Los Centros educativos de la localidad juntos por la PAZ"},"content":{"rendered":"<p>Hoy d\u00eda 30 se ha celebrado un acto muy bonito que ha supuesto, por primera vez el hermanamiento de todos los centros educativos de nuestra localidad. Con la colaboraci\u00f3n del Excmo. Ayuntamiento, la Asociaci\u00f3n Madiba. el Aula de la experiencia y los coordinadores\u00a0 del Proyecto Escuela, espacio de paz, un grupo de cada Centro, tanto de primaria, secundaria, bachillerato y Escuela de Adultos,\u00a0 han realizado una breve marcha desde el Parque de las Marismas hasta el Ayuntamiento para leer un manifiesto y poner de relieve lo importante que es para una\u00a0 sociedad una convivencia saludable.<\/p>\n<p>En nuestro IES ha podido asistir el grupo de 1\u00ba ESO-B, ya que en \u00e9l se encuentra Luz Mar\u00eda, la alumna ganadora del concurso de Logos, un total de 32 alumnos y alumnas a los que han acompa\u00f1ado un grupo de alumnos de bachillerato que asist\u00edan al acto como voluntarios para colaborar con la organizaci\u00f3n.<\/p>\n<p><a href=\"http:\/\/biblioteca.iesalmudeyne.es\/wp-content\/uploads\/2019\/01\/IMG_20190130_102120.jpg\"><img decoding=\"async\" class=\"aligncenter wp-image-1430 size-large\" title=\"1\u00baESO-B\" src=\"http:\/\/biblioteca.iesalmudeyne.es\/wp-content\/uploads\/2019\/01\/IMG_20190130_102120-1024x768.jpg\" alt=\"\" width=\"652\" height=\"489\" srcset=\"https:\/\/biblioteca.iesalmudeyne.es\/wp-content\/uploads\/2019\/01\/IMG_20190130_102120-200x150.jpg 200w, https:\/\/biblioteca.iesalmudeyne.es\/wp-content\/uploads\/2019\/01\/IMG_20190130_102120-300x225.jpg 300w, https:\/\/biblioteca.iesalmudeyne.es\/wp-content\/uploads\/2019\/01\/IMG_20190130_102120-400x300.jpg 400w, https:\/\/biblioteca.iesalmudeyne.es\/wp-content\/uploads\/2019\/01\/IMG_20190130_102120-600x450.jpg 600w, https:\/\/biblioteca.iesalmudeyne.es\/wp-content\/uploads\/2019\/01\/IMG_20190130_102120-768x576.jpg 768w, https:\/\/biblioteca.iesalmudeyne.es\/wp-content\/uploads\/2019\/01\/IMG_20190130_102120-800x600.jpg 800w, https:\/\/biblioteca.iesalmudeyne.es\/wp-content\/uploads\/2019\/01\/IMG_20190130_102120-1024x768.jpg 1024w, https:\/\/biblioteca.iesalmudeyne.es\/wp-content\/uploads\/2019\/01\/IMG_20190130_102120-1200x900.jpg 1200w, https:\/\/biblioteca.iesalmudeyne.es\/wp-content\/uploads\/2019\/01\/IMG_20190130_102120-1536x1152.jpg 1536w, https:\/\/biblioteca.iesalmudeyne.es\/wp-content\/uploads\/2019\/01\/IMG_20190130_102120-scaled.jpg 2560w\" sizes=\"(max-width: 652px) 100vw, 652px\" \/><\/a><\/p>\n<p>Una vez en el parque de las Marismas cada instituto se agrup\u00f3 con los colegios que tiene adscritos y asi todos juntos iniciaron la marcha.<\/p>\n<p><a href=\"http:\/\/biblioteca.iesalmudeyne.es\/wp-content\/uploads\/2019\/01\/IMG_20190130_104218.jpg\"><img decoding=\"async\" class=\"aligncenter size-large wp-image-1432\" src=\"http:\/\/biblioteca.iesalmudeyne.es\/wp-content\/uploads\/2019\/01\/IMG_20190130_104218-1024x768.jpg\" alt=\"\" width=\"652\" height=\"489\" srcset=\"https:\/\/biblioteca.iesalmudeyne.es\/wp-content\/uploads\/2019\/01\/IMG_20190130_104218-200x150.jpg 200w, https:\/\/biblioteca.iesalmudeyne.es\/wp-content\/uploads\/2019\/01\/IMG_20190130_104218-300x225.jpg 300w, https:\/\/biblioteca.iesalmudeyne.es\/wp-content\/uploads\/2019\/01\/IMG_20190130_104218-400x300.jpg 400w, https:\/\/biblioteca.iesalmudeyne.es\/wp-content\/uploads\/2019\/01\/IMG_20190130_104218-600x450.jpg 600w, https:\/\/biblioteca.iesalmudeyne.es\/wp-content\/uploads\/2019\/01\/IMG_20190130_104218-768x576.jpg 768w, https:\/\/biblioteca.iesalmudeyne.es\/wp-content\/uploads\/2019\/01\/IMG_20190130_104218-800x600.jpg 800w, https:\/\/biblioteca.iesalmudeyne.es\/wp-content\/uploads\/2019\/01\/IMG_20190130_104218-1024x768.jpg 1024w, https:\/\/biblioteca.iesalmudeyne.es\/wp-content\/uploads\/2019\/01\/IMG_20190130_104218-1200x900.jpg 1200w, https:\/\/biblioteca.iesalmudeyne.es\/wp-content\/uploads\/2019\/01\/IMG_20190130_104218-1536x1152.jpg 1536w, https:\/\/biblioteca.iesalmudeyne.es\/wp-content\/uploads\/2019\/01\/IMG_20190130_104218-scaled.jpg 2560w\" sizes=\"(max-width: 652px) 100vw, 652px\" \/><\/a><\/p>\n<p>Nuestros alumnos han elaborado una parte de la pancarta que al unirse con las de los dem\u00e1s centros han formado\u00a0 una frase donde solicitaban la paz.<\/p>\n<p>Ya en la plaza del Ayuntamiento algunos alumnos han le\u00eddo un manifiesto y han puesto voz a algunos de los personajes que m\u00e1s notoriamente han luchado por los Derechos Humanos y por el\u00a0 derecho a vivir en paz.<\/p>\n<p><a href=\"http:\/\/biblioteca.iesalmudeyne.es\/wp-content\/uploads\/2019\/01\/IMG_20190130_111037.jpg\"><img decoding=\"async\" class=\"aligncenter size-large wp-image-1434\" src=\"http:\/\/biblioteca.iesalmudeyne.es\/wp-content\/uploads\/2019\/01\/IMG_20190130_111037-1024x768.jpg\" alt=\"\" width=\"652\" height=\"489\" srcset=\"https:\/\/biblioteca.iesalmudeyne.es\/wp-content\/uploads\/2019\/01\/IMG_20190130_111037-200x150.jpg 200w, https:\/\/biblioteca.iesalmudeyne.es\/wp-content\/uploads\/2019\/01\/IMG_20190130_111037-300x225.jpg 300w, https:\/\/biblioteca.iesalmudeyne.es\/wp-content\/uploads\/2019\/01\/IMG_20190130_111037-400x300.jpg 400w, https:\/\/biblioteca.iesalmudeyne.es\/wp-content\/uploads\/2019\/01\/IMG_20190130_111037-600x450.jpg 600w, https:\/\/biblioteca.iesalmudeyne.es\/wp-content\/uploads\/2019\/01\/IMG_20190130_111037-768x576.jpg 768w, https:\/\/biblioteca.iesalmudeyne.es\/wp-content\/uploads\/2019\/01\/IMG_20190130_111037-800x600.jpg 800w, https:\/\/biblioteca.iesalmudeyne.es\/wp-content\/uploads\/2019\/01\/IMG_20190130_111037-1024x768.jpg 1024w, https:\/\/biblioteca.iesalmudeyne.es\/wp-content\/uploads\/2019\/01\/IMG_20190130_111037-1200x900.jpg 1200w, https:\/\/biblioteca.iesalmudeyne.es\/wp-content\/uploads\/2019\/01\/IMG_20190130_111037-1536x1152.jpg 1536w, https:\/\/biblioteca.iesalmudeyne.es\/wp-content\/uploads\/2019\/01\/IMG_20190130_111037-scaled.jpg 2560w\" sizes=\"(max-width: 652px) 100vw, 652px\" \/><\/a>Los peque\u00f1os han bailado una simp\u00e1tica coreograf\u00eda, se ha entonado una canci\u00f3n\u00a0 y\u00a0 el Alcalde ha dedicado a la comunidad unas palabras de exaltaci\u00f3n de la convivencia y para terminar se han soltado al aire unas palomas que son el s\u00edmbolo de la no violencia.<a href=\"http:\/\/biblioteca.iesalmudeyne.es\/wp-content\/uploads\/2019\/01\/paz.png\"><img decoding=\"async\" class=\"alignleft size-thumbnail wp-image-1450\" src=\"http:\/\/biblioteca.iesalmudeyne.es\/wp-content\/uploads\/2019\/01\/paz-150x150.png\" alt=\"\" width=\"150\" height=\"150\" srcset=\"https:\/\/biblioteca.iesalmudeyne.es\/wp-content\/uploads\/2019\/01\/paz-66x66.png 66w, https:\/\/biblioteca.iesalmudeyne.es\/wp-content\/uploads\/2019\/01\/paz-150x150.png 150w, https:\/\/biblioteca.iesalmudeyne.es\/wp-content\/uploads\/2019\/01\/paz.png 471w\" sizes=\"(max-width: 150px) 100vw, 150px\" \/><\/a><\/p>\n<p>&nbsp;<\/p>\n","protected":false},"excerpt":{"rendered":"<p>Hoy d\u00eda 30 se ha celebrado un acto muy bonito [&hellip;]<\/p>\n","protected":false},"author":1,"featured_media":0,"comment_status":"open","ping_status":"open","sticky":false,"template":"","format":"standard","meta":{"footnotes":""},"categories":[1],"tags":[],"class_list":["post-1429","post","type-post","status-publish","format-standard","hentry","category-uncategorized"],"_links":{"self":[{"href":"https:\/\/biblioteca.iesalmudeyne.es\/index.php?rest_route=\/wp\/v2\/posts\/1429","targetHints":{"allow":["GET"]}}],"collection":[{"href":"https:\/\/biblioteca.iesalmudeyne.es\/index.php?rest_route=\/wp\/v2\/posts"}],"about":[{"href":"https:\/\/biblioteca.iesalmudeyne.es\/index.php?rest_route=\/wp\/v2\/types\/post"}],"author":[{"embeddable":true,"href":"https:\/\/biblioteca.iesalmudeyne.es\/index.php?rest_route=\/wp\/v2\/users\/1"}],"replies":[{"embeddable":true,"href":"https:\/\/biblioteca.iesalmudeyne.es\/index.php?rest_route=%2Fwp%2Fv2%2Fcomments&post=1429"}],"version-history":[{"count":0,"href":"https:\/\/biblioteca.iesalmudeyne.es\/index.php?rest_route=\/wp\/v2\/posts\/1429\/revisions"}],"wp:attachment":[{"href":"https:\/\/biblioteca.iesalmudeyne.es\/index.php?rest_route=%2Fwp%2Fv2%2Fmedia&parent=1429"}],"wp:term":[{"taxonomy":"category","embeddable":true,"href":"https:\/\/biblioteca.iesalmudeyne.es\/index.php?rest_route=%2Fwp%2Fv2%2Fcategories&post=1429"},{"taxonomy":"post_tag","embeddable":true,"href":"https:\/\/biblioteca.iesalmudeyne.es\/index.php?rest_route=%2Fwp%2Fv2%2Ftags&post=1429"}],"curies":[{"name":"wp","href":"https:\/\/api.w.org\/{rel}","templated":true}]}}