{"id":1462,"date":"2019-02-04T20:35:05","date_gmt":"2019-02-04T19:35:05","guid":{"rendered":"http:\/\/biblioteca.iesalmudeyne.es\/?p=1462"},"modified":"2019-02-04T20:35:05","modified_gmt":"2019-02-04T19:35:05","slug":"esta-semana-recogida-de-alimentos","status":"publish","type":"post","link":"https:\/\/biblioteca.iesalmudeyne.es\/?p=1462","title":{"rendered":"Esta semana&#8230;. \u00a1\u00a1RECOGIDA DE ALIMENTOS!!"},"content":{"rendered":"<p>Contin\u00faa la recogida de alimentos que se inici\u00f3 el\u00a0 d\u00eda 30 de enero en solidaridad con el Banco de alimentos de la Cruz Roja, para atender la necesidades de familias de nuestra localidad. Tras la pasada campa\u00f1a navide\u00f1a, ahora, de nuevo, se necesita de nuestro granito de arena para paliar la falta de alimentos b\u00e1sicos en familias con pocos recursos.<\/p>\n<p>Hasta el momento se han recogido 127 kilos, pero<strong> si cada uno pusi\u00e9ramos solo un kilo podr\u00edamos alcanzar casi una tonelada.<\/strong><\/p>\n<p style=\"text-align: center;\">No nos supone ning\u00fan esfuerzo y el beneficio merece la pena.\u00a0<a href=\"http:\/\/biblioteca.iesalmudeyne.es\/wp-content\/uploads\/2019\/02\/download.jpg\"><img decoding=\"async\" class=\"aligncenter size-medium wp-image-1463\" src=\"http:\/\/biblioteca.iesalmudeyne.es\/wp-content\/uploads\/2019\/02\/download-300x158.jpg\" alt=\"\" width=\"300\" height=\"158\" srcset=\"https:\/\/biblioteca.iesalmudeyne.es\/wp-content\/uploads\/2019\/02\/download-200x105.jpg 200w, https:\/\/biblioteca.iesalmudeyne.es\/wp-content\/uploads\/2019\/02\/download-300x158.jpg 300w, https:\/\/biblioteca.iesalmudeyne.es\/wp-content\/uploads\/2019\/02\/download.jpg 310w\" sizes=\"(max-width: 300px) 100vw, 300px\" \/><\/a><\/p>\n<p style=\"text-align: center;\"><strong>\u00a1RECUERDA HASTA EL D\u00cdA 11 DE FEBRERO PUEDES TRAER AL CENTRO TU APORTACI\u00d3N!<\/strong><\/p>\n<h4 style=\"text-align: center;\"><strong>Almudeyne Solidario<\/strong><\/h4>\n","protected":false},"excerpt":{"rendered":"<p>Contin\u00faa la recogida de alimentos que se inici\u00f3 el\u00a0 d\u00eda [&hellip;]<\/p>\n","protected":false},"author":1,"featured_media":0,"comment_status":"open","ping_status":"open","sticky":false,"template":"","format":"standard","meta":{"footnotes":""},"categories":[1],"tags":[],"class_list":["post-1462","post","type-post","status-publish","format-standard","hentry","category-uncategorized"],"_links":{"self":[{"href":"https:\/\/biblioteca.iesalmudeyne.es\/index.php?rest_route=\/wp\/v2\/posts\/1462","targetHints":{"allow":["GET"]}}],"collection":[{"href":"https:\/\/biblioteca.iesalmudeyne.es\/index.php?rest_route=\/wp\/v2\/posts"}],"about":[{"href":"https:\/\/biblioteca.iesalmudeyne.es\/index.php?rest_route=\/wp\/v2\/types\/post"}],"author":[{"embeddable":true,"href":"https:\/\/biblioteca.iesalmudeyne.es\/index.php?rest_route=\/wp\/v2\/users\/1"}],"replies":[{"embeddable":true,"href":"https:\/\/biblioteca.iesalmudeyne.es\/index.php?rest_route=%2Fwp%2Fv2%2Fcomments&post=1462"}],"version-history":[{"count":0,"href":"https:\/\/biblioteca.iesalmudeyne.es\/index.php?rest_route=\/wp\/v2\/posts\/1462\/revisions"}],"wp:attachment":[{"href":"https:\/\/biblioteca.iesalmudeyne.es\/index.php?rest_route=%2Fwp%2Fv2%2Fmedia&parent=1462"}],"wp:term":[{"taxonomy":"category","embeddable":true,"href":"https:\/\/biblioteca.iesalmudeyne.es\/index.php?rest_route=%2Fwp%2Fv2%2Fcategories&post=1462"},{"taxonomy":"post_tag","embeddable":true,"href":"https:\/\/biblioteca.iesalmudeyne.es\/index.php?rest_route=%2Fwp%2Fv2%2Ftags&post=1462"}],"curies":[{"name":"wp","href":"https:\/\/api.w.org\/{rel}","templated":true}]}}