{"id":1465,"date":"2019-02-06T12:21:58","date_gmt":"2019-02-06T11:21:58","guid":{"rendered":"http:\/\/biblioteca.iesalmudeyne.es\/?p=1465"},"modified":"2019-02-06T12:21:58","modified_gmt":"2019-02-06T11:21:58","slug":"los-alumnos-del-grado-superior-ensenan-a-los-mas-pequenos","status":"publish","type":"post","link":"https:\/\/biblioteca.iesalmudeyne.es\/?p=1465","title":{"rendered":"Los alumnos del Grado Superior ense\u00f1an a los mas peque\u00f1os"},"content":{"rendered":"<p>Coincidiendo con la celebraci\u00f3n del D\u00eda Mundial de la Paz y la No Violencia, los alumnos de 1\u00ba del Ciclo de Administraci\u00f3n y Finanzas han iniciado una serie de exposiciones, en esta ocasi\u00f3n dirigida a los alumnos de1\u00baESO-C, sobre dos personajes destacados por su labor en favor de la paz y la concordia. Los personajes elegidos han sido Nelson Mandela, destacado por su lucha contra el apartheid en Sud\u00e1frica y Leymah-Roberta Gbowee creadora de la ONG \u00abGbowen Peace Fundation\u00bb que impulsa el desarrollo ayudando a mujeres y ni\u00f1os en \u00c1frica. Sin duda dos personalidades extraordinarias que nunca se han rendido ante las injusticias.<\/p>\n<p><a href=\"http:\/\/biblioteca.iesalmudeyne.es\/wp-content\/uploads\/2019\/02\/IMG_0459.jpg\"><img decoding=\"async\" class=\"aligncenter wp-image-1489 size-large\" src=\"http:\/\/biblioteca.iesalmudeyne.es\/wp-content\/uploads\/2019\/02\/IMG_0459-1024x768.jpg\" alt=\"\" width=\"652\" height=\"489\" srcset=\"https:\/\/biblioteca.iesalmudeyne.es\/wp-content\/uploads\/2019\/02\/IMG_0459-200x150.jpg 200w, https:\/\/biblioteca.iesalmudeyne.es\/wp-content\/uploads\/2019\/02\/IMG_0459-300x225.jpg 300w, https:\/\/biblioteca.iesalmudeyne.es\/wp-content\/uploads\/2019\/02\/IMG_0459-400x300.jpg 400w, https:\/\/biblioteca.iesalmudeyne.es\/wp-content\/uploads\/2019\/02\/IMG_0459-600x450.jpg 600w, https:\/\/biblioteca.iesalmudeyne.es\/wp-content\/uploads\/2019\/02\/IMG_0459-768x576.jpg 768w, https:\/\/biblioteca.iesalmudeyne.es\/wp-content\/uploads\/2019\/02\/IMG_0459-800x600.jpg 800w, https:\/\/biblioteca.iesalmudeyne.es\/wp-content\/uploads\/2019\/02\/IMG_0459-1024x768.jpg 1024w, https:\/\/biblioteca.iesalmudeyne.es\/wp-content\/uploads\/2019\/02\/IMG_0459-1200x900.jpg 1200w, https:\/\/biblioteca.iesalmudeyne.es\/wp-content\/uploads\/2019\/02\/IMG_0459-1536x1152.jpg 1536w, https:\/\/biblioteca.iesalmudeyne.es\/wp-content\/uploads\/2019\/02\/IMG_0459-scaled.jpg 2560w\" sizes=\"(max-width: 652px) 100vw, 652px\" \/><\/a><\/p>\n<p>El equipo de\u00a0 alumnos que ha\u00a0 realizado esta conferencia, guiados por su profesora Rosa Mu\u00f1oz, han sido:<\/p>\n<p>Roc\u00edo Llera Le\u00f3n, Roc\u00edo Jim\u00e9nez Torre\u00f1o, Luc\u00eda Barba Est\u00e9vez, Juan Jes\u00fas Garc\u00eda La\u00ednez y Cristobal Avecilla Canga-Arg\u00fcelles.<\/p>\n<p><a href=\"http:\/\/biblioteca.iesalmudeyne.es\/wp-content\/uploads\/2019\/02\/IMG_0459.jpg\"><img decoding=\"async\" class=\"aligncenter size-full wp-image-1489\" src=\"http:\/\/biblioteca.iesalmudeyne.es\/wp-content\/uploads\/2019\/02\/IMG_0459.jpg\" alt=\"\" width=\"3264\" height=\"2448\" \/><\/a><a href=\"http:\/\/biblioteca.iesalmudeyne.es\/wp-content\/uploads\/2019\/02\/20190131_091646.jpg\"><img decoding=\"async\" class=\"size-medium wp-image-1487 aligncenter\" src=\"http:\/\/biblioteca.iesalmudeyne.es\/wp-content\/uploads\/2019\/02\/20190131_091646-300x169.jpg\" alt=\"\" width=\"300\" height=\"169\" srcset=\"https:\/\/biblioteca.iesalmudeyne.es\/wp-content\/uploads\/2019\/02\/20190131_091646-200x113.jpg 200w, https:\/\/biblioteca.iesalmudeyne.es\/wp-content\/uploads\/2019\/02\/20190131_091646-300x169.jpg 300w, https:\/\/biblioteca.iesalmudeyne.es\/wp-content\/uploads\/2019\/02\/20190131_091646-400x225.jpg 400w, https:\/\/biblioteca.iesalmudeyne.es\/wp-content\/uploads\/2019\/02\/20190131_091646-600x338.jpg 600w, https:\/\/biblioteca.iesalmudeyne.es\/wp-content\/uploads\/2019\/02\/20190131_091646-768x432.jpg 768w, https:\/\/biblioteca.iesalmudeyne.es\/wp-content\/uploads\/2019\/02\/20190131_091646-800x450.jpg 800w, https:\/\/biblioteca.iesalmudeyne.es\/wp-content\/uploads\/2019\/02\/20190131_091646-1024x576.jpg 1024w, https:\/\/biblioteca.iesalmudeyne.es\/wp-content\/uploads\/2019\/02\/20190131_091646-1200x675.jpg 1200w, https:\/\/biblioteca.iesalmudeyne.es\/wp-content\/uploads\/2019\/02\/20190131_091646-1536x864.jpg 1536w, https:\/\/biblioteca.iesalmudeyne.es\/wp-content\/uploads\/2019\/02\/20190131_091646-scaled.jpg 2560w\" sizes=\"(max-width: 300px) 100vw, 300px\" \/><\/a> \u00a1Os dejamos sus interesantes presentaciones donde pod\u00e9is aprender m\u00e1s sobre estos personajes!<\/p>\n<p>&nbsp;<\/p>\n<div class=\"ead-preview\"><div class=\"ead-document\" style=\"position: relative;padding-top: 90%;\"><iframe src=\"\/\/view.officeapps.live.com\/op\/embed.aspx?src=http%3A%2F%2Fbiblioteca.iesalmudeyne.es%2Fwp-content%2Fuploads%2F2019%2F02%2FNELSON-MANDELA.pptx\" title=\"Documento incrustado\" class=\"ead-iframe\" style=\"width: 100%;height: 100%;border: none;position: absolute;left: 0;top: 0;\"><\/iframe><\/div><p class=\"embed_download\"><a href=\"http:\/\/biblioteca.iesalmudeyne.es\/wp-content\/uploads\/2019\/02\/NELSON-MANDELA.pptx\" download >Descargar [162.00 B] <\/a><\/p><\/div>\n<div class=\"ead-preview\"><div class=\"ead-document\" style=\"position: relative;padding-top: 90%;\"><iframe src=\"\/\/view.officeapps.live.com\/op\/embed.aspx?src=http%3A%2F%2Fbiblioteca.iesalmudeyne.es%2Fwp-content%2Fuploads%2F2019%2F02%2FLeymah-Gbowee-Rocio-Llera-y-Rocio-Jimenez.pptx\" title=\"Documento incrustado\" class=\"ead-iframe\" style=\"width: 100%;height: 100%;border: none;position: absolute;left: 0;top: 0;\"><\/iframe><\/div><p class=\"embed_download\"><a href=\"http:\/\/biblioteca.iesalmudeyne.es\/wp-content\/uploads\/2019\/02\/Leymah-Gbowee-Rocio-Llera-y-Rocio-Jimenez.pptx\" download >Descargar [162.00 B] <\/a><\/p><\/div>\n<p>&nbsp;<\/p>\n<p style=\"text-align: center;\"><strong>\u00a1Enhorabuena por vuestro trabajo<\/strong><\/p>\n","protected":false},"excerpt":{"rendered":"<p>Coincidiendo con la celebraci\u00f3n del D\u00eda Mundial de la Paz [&hellip;]<\/p>\n","protected":false},"author":1,"featured_media":0,"comment_status":"open","ping_status":"open","sticky":false,"template":"","format":"standard","meta":{"footnotes":""},"categories":[1],"tags":[],"class_list":["post-1465","post","type-post","status-publish","format-standard","hentry","category-uncategorized"],"_links":{"self":[{"href":"https:\/\/biblioteca.iesalmudeyne.es\/index.php?rest_route=\/wp\/v2\/posts\/1465","targetHints":{"allow":["GET"]}}],"collection":[{"href":"https:\/\/biblioteca.iesalmudeyne.es\/index.php?rest_route=\/wp\/v2\/posts"}],"about":[{"href":"https:\/\/biblioteca.iesalmudeyne.es\/index.php?rest_route=\/wp\/v2\/types\/post"}],"author":[{"embeddable":true,"href":"https:\/\/biblioteca.iesalmudeyne.es\/index.php?rest_route=\/wp\/v2\/users\/1"}],"replies":[{"embeddable":true,"href":"https:\/\/biblioteca.iesalmudeyne.es\/index.php?rest_route=%2Fwp%2Fv2%2Fcomments&post=1465"}],"version-history":[{"count":0,"href":"https:\/\/biblioteca.iesalmudeyne.es\/index.php?rest_route=\/wp\/v2\/posts\/1465\/revisions"}],"wp:attachment":[{"href":"https:\/\/biblioteca.iesalmudeyne.es\/index.php?rest_route=%2Fwp%2Fv2%2Fmedia&parent=1465"}],"wp:term":[{"taxonomy":"category","embeddable":true,"href":"https:\/\/biblioteca.iesalmudeyne.es\/index.php?rest_route=%2Fwp%2Fv2%2Fcategories&post=1465"},{"taxonomy":"post_tag","embeddable":true,"href":"https:\/\/biblioteca.iesalmudeyne.es\/index.php?rest_route=%2Fwp%2Fv2%2Ftags&post=1465"}],"curies":[{"name":"wp","href":"https:\/\/api.w.org\/{rel}","templated":true}]}}