{"id":1467,"date":"2019-02-04T21:39:43","date_gmt":"2019-02-04T20:39:43","guid":{"rendered":"http:\/\/biblioteca.iesalmudeyne.es\/?p=1467"},"modified":"2019-02-04T21:39:43","modified_gmt":"2019-02-04T20:39:43","slug":"i-concurso-de-relato-breve-sobre-mujeres-con-kapacidad","status":"publish","type":"post","link":"https:\/\/biblioteca.iesalmudeyne.es\/?p=1467","title":{"rendered":"I Concurso de relato breve sobre Mujeres con Kapacidad"},"content":{"rendered":"<p>Desde la Asociaci\u00f3n de Personas con Discapacidad F\u00edsica y Org\u00e1nica de Los Palacios y Villafranca y con la colaboraci\u00f3n de las Delegaciones de Igualdad y Asuntos Sociales, se pone en marcha por primera vez este interesante Concurso que est\u00e1 dirigido a <strong>alumnos de 4\u00ba de la ESO<\/strong> de todos los Institutos de la localidad.<\/p>\n<p>El objetivo es dar a conocer experiencias cotidianas de mujeres y ni\u00f1as que, con su discapacidad, siguen luchando y desarrollando una vida normal dentro de sus limitaciones y poner el dedo sobre la doble discriminaci\u00f3n que sufren por ser mujer y discapacitada.<\/p>\n<p>Como sabemos que hay grandes escritores y escritoras entre nuestro alumnado y que seguro que conoc\u00e9is a alguna mujer o ni\u00f1a que vive esta situaci\u00f3n, os animamos a participar.<\/p>\n<p>\u00a1 La fecha l\u00edmite para entregar vuestras historias es el 22 de febrero.!<\/p>\n<p style=\"text-align: center;\"><em><strong>Pod\u00e9is informaros de las bases de este concurso y sus premios en el Departamento de Orientaci\u00f3n.<\/strong><\/em><a href=\"http:\/\/biblioteca.iesalmudeyne.es\/wp-content\/uploads\/2019\/02\/depositphotos_129583150-stock-photo-happy-disabled-child-on-the.jpg\"><img decoding=\"async\" class=\"aligncenter wp-image-1470 size-medium\" src=\"http:\/\/biblioteca.iesalmudeyne.es\/wp-content\/uploads\/2019\/02\/depositphotos_129583150-stock-photo-happy-disabled-child-on-the-300x196.jpg\" alt=\"\" width=\"300\" height=\"196\" srcset=\"https:\/\/biblioteca.iesalmudeyne.es\/wp-content\/uploads\/2019\/02\/depositphotos_129583150-stock-photo-happy-disabled-child-on-the-200x131.jpg 200w, https:\/\/biblioteca.iesalmudeyne.es\/wp-content\/uploads\/2019\/02\/depositphotos_129583150-stock-photo-happy-disabled-child-on-the-300x196.jpg 300w, https:\/\/biblioteca.iesalmudeyne.es\/wp-content\/uploads\/2019\/02\/depositphotos_129583150-stock-photo-happy-disabled-child-on-the-400x261.jpg 400w, https:\/\/biblioteca.iesalmudeyne.es\/wp-content\/uploads\/2019\/02\/depositphotos_129583150-stock-photo-happy-disabled-child-on-the-600x392.jpg 600w, https:\/\/biblioteca.iesalmudeyne.es\/wp-content\/uploads\/2019\/02\/depositphotos_129583150-stock-photo-happy-disabled-child-on-the-768x502.jpg 768w, https:\/\/biblioteca.iesalmudeyne.es\/wp-content\/uploads\/2019\/02\/depositphotos_129583150-stock-photo-happy-disabled-child-on-the.jpg 773w\" sizes=\"(max-width: 300px) 100vw, 300px\" \/><\/a><\/p>\n","protected":false},"excerpt":{"rendered":"<p>Desde la Asociaci\u00f3n de Personas con Discapacidad F\u00edsica y Org\u00e1nica [&hellip;]<\/p>\n","protected":false},"author":1,"featured_media":0,"comment_status":"open","ping_status":"open","sticky":false,"template":"","format":"standard","meta":{"footnotes":""},"categories":[1],"tags":[],"class_list":["post-1467","post","type-post","status-publish","format-standard","hentry","category-uncategorized"],"_links":{"self":[{"href":"https:\/\/biblioteca.iesalmudeyne.es\/index.php?rest_route=\/wp\/v2\/posts\/1467","targetHints":{"allow":["GET"]}}],"collection":[{"href":"https:\/\/biblioteca.iesalmudeyne.es\/index.php?rest_route=\/wp\/v2\/posts"}],"about":[{"href":"https:\/\/biblioteca.iesalmudeyne.es\/index.php?rest_route=\/wp\/v2\/types\/post"}],"author":[{"embeddable":true,"href":"https:\/\/biblioteca.iesalmudeyne.es\/index.php?rest_route=\/wp\/v2\/users\/1"}],"replies":[{"embeddable":true,"href":"https:\/\/biblioteca.iesalmudeyne.es\/index.php?rest_route=%2Fwp%2Fv2%2Fcomments&post=1467"}],"version-history":[{"count":0,"href":"https:\/\/biblioteca.iesalmudeyne.es\/index.php?rest_route=\/wp\/v2\/posts\/1467\/revisions"}],"wp:attachment":[{"href":"https:\/\/biblioteca.iesalmudeyne.es\/index.php?rest_route=%2Fwp%2Fv2%2Fmedia&parent=1467"}],"wp:term":[{"taxonomy":"category","embeddable":true,"href":"https:\/\/biblioteca.iesalmudeyne.es\/index.php?rest_route=%2Fwp%2Fv2%2Fcategories&post=1467"},{"taxonomy":"post_tag","embeddable":true,"href":"https:\/\/biblioteca.iesalmudeyne.es\/index.php?rest_route=%2Fwp%2Fv2%2Ftags&post=1467"}],"curies":[{"name":"wp","href":"https:\/\/api.w.org\/{rel}","templated":true}]}}