{"id":1504,"date":"2019-02-12T09:54:00","date_gmt":"2019-02-12T08:54:00","guid":{"rendered":"http:\/\/biblioteca.iesalmudeyne.es\/?p=1504"},"modified":"2019-02-12T09:54:00","modified_gmt":"2019-02-12T08:54:00","slug":"evaluando-la-competencia-linguistica-de-nuestros-alumnos","status":"publish","type":"post","link":"https:\/\/biblioteca.iesalmudeyne.es\/?p=1504","title":{"rendered":"Evaluando la competencia ling\u00fc\u00edstica de nuestros alumnos"},"content":{"rendered":"<p>Nuestro Centro se encuentra dentro de su a\u00f1o dos en el desarrollo de su Proyecto Ling\u00fc\u00edstico de Centro. Este proyecto que llamamos\u00a0 PLC y que tiene gran calado y envergadura,\u00a0 pretende mejorar\u00a0 la competencia comunicativa de nuestro alumnado (escribir, hablar y escuchar).<\/p>\n<p>Dentro de las actuaciones que se est\u00e1n llevando a cabo en este a\u00f1o dos, est\u00e1 la detecci\u00f3n de los problemas ling\u00fc\u00edsticos o comunicativos que presentan nuestros estudiantes y las medidas que se pretenden llevar a cabo para mejorar esta situaci\u00f3n de partida. En esta l\u00ednea, el alumnado de 1\u00ba y 2\u00ba ESO ha realizado unas pruebas consistentes en medir la capacidad que tienen para escribir, escuchar y comprender.<\/p>\n<p>Los resultados han sido acordes a la realidad que vemos en nuestras aulas, carencias importantes a la hora de retener informaci\u00f3n tanto le\u00edda como escuchada, as\u00ed como a la hora de expresar por escrito sus ideas y planteamientos sobre cuestiones diversas. La evaluaci\u00f3n de cada una de las destrezas mencionadas ha tenido una valoraci\u00f3n<strong> m\u00e1xima de 4 puntos<\/strong>\u00a0 y en el resumen de resultados de 1\u00ba ESO que se ofrecen a continuaci\u00f3n, a modo de ejemplo, se puede observar que los estudiantes presentan carencias importantes en su Competencia Comunicativa .<\/p>\n<p><a href=\"http:\/\/biblioteca.iesalmudeyne.es\/wp-content\/uploads\/2019\/02\/resultados-plc-1.jpg\"><img decoding=\"async\" class=\"aligncenter size-full wp-image-1507\" src=\"http:\/\/biblioteca.iesalmudeyne.es\/wp-content\/uploads\/2019\/02\/resultados-plc-1.jpg\" alt=\"\" width=\"817\" height=\"357\" srcset=\"https:\/\/biblioteca.iesalmudeyne.es\/wp-content\/uploads\/2019\/02\/resultados-plc-1-200x87.jpg 200w, https:\/\/biblioteca.iesalmudeyne.es\/wp-content\/uploads\/2019\/02\/resultados-plc-1-300x131.jpg 300w, https:\/\/biblioteca.iesalmudeyne.es\/wp-content\/uploads\/2019\/02\/resultados-plc-1-400x175.jpg 400w, https:\/\/biblioteca.iesalmudeyne.es\/wp-content\/uploads\/2019\/02\/resultados-plc-1-600x262.jpg 600w, https:\/\/biblioteca.iesalmudeyne.es\/wp-content\/uploads\/2019\/02\/resultados-plc-1-768x336.jpg 768w, https:\/\/biblioteca.iesalmudeyne.es\/wp-content\/uploads\/2019\/02\/resultados-plc-1-800x350.jpg 800w, https:\/\/biblioteca.iesalmudeyne.es\/wp-content\/uploads\/2019\/02\/resultados-plc-1.jpg 817w\" sizes=\"(max-width: 817px) 100vw, 817px\" \/><\/a><\/p>\n<p>A la luz de estos resultados, desde los distintos Departamentos Did\u00e1cticos del Centro, se van a trabajar una serie de producciones escritas que est\u00e1n encaminadas a la mejora de estos puntos d\u00e9biles. Se trata de modelos de textos de diferentes tipolog\u00edas textuales en el que los alumnos encontraran unas pautas de producci\u00f3n para los suyos propios, es decir, el docente ofrecer\u00e1 una gu\u00eda al alumno que le servir\u00e1 para encauzar y maquetar su propia creaci\u00f3n escritas que, por un lado, tendr\u00e1 como base un modelo pero, por otro, ser\u00e1 original del alumno en cuesti\u00f3n.<\/p>\n<p>Os ense\u00f1amos algunos modelos propuestos por el Departamento de Lengua y de M\u00fasica:<\/p>\n<div class=\"ead-preview\"><div class=\"ead-document\" style=\"position: relative;padding-top: 90%;\"><div class=\"ead-iframe-wrapper\"><iframe src=\"\/\/docs.google.com\/viewer?url=http%3A%2F%2Fbiblioteca.iesalmudeyne.es%2Fwp-content%2Fuploads%2F2019%2F02%2FCARTEL-PUBLICITARIO-1%C2%BA-ESO-R.pdf&amp;embedded=true&amp;hl=en\" title=\"Documento incrustado\" class=\"ead-iframe\" style=\"width: 100%;height: 100%;border: none;position: absolute;left: 0;top: 0;visibility: hidden;\"><\/iframe><\/div>\t\t\t<div class=\"ead-document-loading\" style=\"width:100%;height:100%;position:absolute;left:0;top:0;z-index:10;\">\n\t\t\t\t<div class=\"ead-loading-wrap\">\n\t\t\t\t\t<div class=\"ead-loading-main\">\n\t\t\t\t\t\t<div class=\"ead-loading\">\n\t\t\t\t\t\t\t<img decoding=\"async\" src=\"https:\/\/biblioteca.iesalmudeyne.es\/wp-content\/plugins\/embed-any-document\/images\/loading.svg\" width=\"55\" height=\"55\" alt=\"Cargador\">\n\t\t\t\t\t\t\t<span>Cargando...<\/span>\n\t\t\t\t\t\t<\/div>\n\t\t\t\t\t<\/div>\n\t\t\t\t\t<div class=\"ead-loading-foot\">\n\t\t\t\t\t\t<div class=\"ead-loading-foot-title\">\n\t\t\t\t\t\t\t<img decoding=\"async\" src=\"https:\/\/biblioteca.iesalmudeyne.es\/wp-content\/plugins\/embed-any-document\/images\/EAD-logo.svg\" alt=\"Logotipo de EAD\" width=\"36\" height=\"23\"\/>\n\t\t\t\t\t\t\t<span>\u00bfTarda demasiado?<\/span>\n\t\t\t\t\t\t<\/div>\n\t\t\t\t\t\t<p>\n\t\t\t\t\t\t\t<div class=\"ead-document-btn ead-reload-btn\" role=\"button\">\n\t\t\t\t\t\t\t\t<img decoding=\"async\" src=\"https:\/\/biblioteca.iesalmudeyne.es\/wp-content\/plugins\/embed-any-document\/images\/reload.svg\" alt=\"Recargar\" width=\"12\" height=\"12\"\/> Recargar el documento\t\t\t\t\t\t\t<\/div>\n\t\t\t\t\t\t\t<span>|<\/span>\n\t\t\t\t\t\t\t<a href=\"http:\/\/biblioteca.iesalmudeyne.es\/wp-content\/uploads\/2019\/02\/CARTEL-PUBLICITARIO-1\u00ba-ESO-R.pdf\" class=\"ead-document-btn\" target=\"_blank\">\n\t\t\t\t\t\t\t\t<img decoding=\"async\" src=\"https:\/\/biblioteca.iesalmudeyne.es\/wp-content\/plugins\/embed-any-document\/images\/open.svg\" alt=\"Abrir\" width=\"12\" height=\"12\"\/> Abrir en una nueva pesta\u00f1a\t\t\t\t\t\t\t<\/a>\n\t\t\t\t\t<\/div>\n\t\t\t\t<\/div>\n\t\t\t<\/div>\n\t\t<\/div><p class=\"embed_download\"><a href=\"http:\/\/biblioteca.iesalmudeyne.es\/wp-content\/uploads\/2019\/02\/CARTEL-PUBLICITARIO-1\u00ba-ESO-R.pdf\" download >Descargar [162.00 B] <\/a><\/p><\/div>\n<div class=\"ead-preview\"><div class=\"ead-document\" style=\"position: relative;padding-top: 90%;\"><div class=\"ead-iframe-wrapper\"><iframe src=\"\/\/docs.google.com\/viewer?url=http%3A%2F%2Fbiblioteca.iesalmudeyne.es%2Fwp-content%2Fuploads%2F2019%2F02%2FEL-TEXTO-ARGUMENTATIVO-3%C2%BA-ESO.pdf&amp;embedded=true&amp;hl=en\" title=\"Documento incrustado\" class=\"ead-iframe\" style=\"width: 100%;height: 100%;border: none;position: absolute;left: 0;top: 0;visibility: hidden;\"><\/iframe><\/div>\t\t\t<div class=\"ead-document-loading\" style=\"width:100%;height:100%;position:absolute;left:0;top:0;z-index:10;\">\n\t\t\t\t<div class=\"ead-loading-wrap\">\n\t\t\t\t\t<div class=\"ead-loading-main\">\n\t\t\t\t\t\t<div class=\"ead-loading\">\n\t\t\t\t\t\t\t<img decoding=\"async\" src=\"https:\/\/biblioteca.iesalmudeyne.es\/wp-content\/plugins\/embed-any-document\/images\/loading.svg\" width=\"55\" height=\"55\" alt=\"Cargador\">\n\t\t\t\t\t\t\t<span>Cargando...<\/span>\n\t\t\t\t\t\t<\/div>\n\t\t\t\t\t<\/div>\n\t\t\t\t\t<div class=\"ead-loading-foot\">\n\t\t\t\t\t\t<div class=\"ead-loading-foot-title\">\n\t\t\t\t\t\t\t<img decoding=\"async\" src=\"https:\/\/biblioteca.iesalmudeyne.es\/wp-content\/plugins\/embed-any-document\/images\/EAD-logo.svg\" alt=\"Logotipo de EAD\" width=\"36\" height=\"23\"\/>\n\t\t\t\t\t\t\t<span>\u00bfTarda demasiado?<\/span>\n\t\t\t\t\t\t<\/div>\n\t\t\t\t\t\t<p>\n\t\t\t\t\t\t\t<div class=\"ead-document-btn ead-reload-btn\" role=\"button\">\n\t\t\t\t\t\t\t\t<img decoding=\"async\" src=\"https:\/\/biblioteca.iesalmudeyne.es\/wp-content\/plugins\/embed-any-document\/images\/reload.svg\" alt=\"Recargar\" width=\"12\" height=\"12\"\/> Recargar el documento\t\t\t\t\t\t\t<\/div>\n\t\t\t\t\t\t\t<span>|<\/span>\n\t\t\t\t\t\t\t<a href=\"http:\/\/biblioteca.iesalmudeyne.es\/wp-content\/uploads\/2019\/02\/EL-TEXTO-ARGUMENTATIVO-3\u00ba-ESO.pdf\" class=\"ead-document-btn\" target=\"_blank\">\n\t\t\t\t\t\t\t\t<img decoding=\"async\" src=\"https:\/\/biblioteca.iesalmudeyne.es\/wp-content\/plugins\/embed-any-document\/images\/open.svg\" alt=\"Abrir\" width=\"12\" height=\"12\"\/> Abrir en una nueva pesta\u00f1a\t\t\t\t\t\t\t<\/a>\n\t\t\t\t\t<\/div>\n\t\t\t\t<\/div>\n\t\t\t<\/div>\n\t\t<\/div><p class=\"embed_download\"><a href=\"http:\/\/biblioteca.iesalmudeyne.es\/wp-content\/uploads\/2019\/02\/EL-TEXTO-ARGUMENTATIVO-3\u00ba-ESO.pdf\" download >Descargar [162.00 B] <\/a><\/p><\/div>\n<p>El Claustro del IES Almudeyne y su\u00a0 Equipo Directivo, es muy consciente de la necesidad imperiosa de paliar este tipo de carencias, no solo para garantizar la mejora de los resultados acad\u00e9micos de nuestros alumnos, sino para dotar a estos, trabajando tambi\u00e9n desde las familias, de las herramientas comunicativas necesarias para la vida.<\/p>\n<p>&nbsp;<\/p>\n","protected":false},"excerpt":{"rendered":"<p>Nuestro Centro se encuentra dentro de su a\u00f1o dos en [&hellip;]<\/p>\n","protected":false},"author":1,"featured_media":0,"comment_status":"open","ping_status":"open","sticky":false,"template":"","format":"standard","meta":{"footnotes":""},"categories":[1],"tags":[],"class_list":["post-1504","post","type-post","status-publish","format-standard","hentry","category-uncategorized"],"_links":{"self":[{"href":"https:\/\/biblioteca.iesalmudeyne.es\/index.php?rest_route=\/wp\/v2\/posts\/1504","targetHints":{"allow":["GET"]}}],"collection":[{"href":"https:\/\/biblioteca.iesalmudeyne.es\/index.php?rest_route=\/wp\/v2\/posts"}],"about":[{"href":"https:\/\/biblioteca.iesalmudeyne.es\/index.php?rest_route=\/wp\/v2\/types\/post"}],"author":[{"embeddable":true,"href":"https:\/\/biblioteca.iesalmudeyne.es\/index.php?rest_route=\/wp\/v2\/users\/1"}],"replies":[{"embeddable":true,"href":"https:\/\/biblioteca.iesalmudeyne.es\/index.php?rest_route=%2Fwp%2Fv2%2Fcomments&post=1504"}],"version-history":[{"count":0,"href":"https:\/\/biblioteca.iesalmudeyne.es\/index.php?rest_route=\/wp\/v2\/posts\/1504\/revisions"}],"wp:attachment":[{"href":"https:\/\/biblioteca.iesalmudeyne.es\/index.php?rest_route=%2Fwp%2Fv2%2Fmedia&parent=1504"}],"wp:term":[{"taxonomy":"category","embeddable":true,"href":"https:\/\/biblioteca.iesalmudeyne.es\/index.php?rest_route=%2Fwp%2Fv2%2Fcategories&post=1504"},{"taxonomy":"post_tag","embeddable":true,"href":"https:\/\/biblioteca.iesalmudeyne.es\/index.php?rest_route=%2Fwp%2Fv2%2Ftags&post=1504"}],"curies":[{"name":"wp","href":"https:\/\/api.w.org\/{rel}","templated":true}]}}