{"id":1562,"date":"2019-02-26T21:54:56","date_gmt":"2019-02-26T20:54:56","guid":{"rendered":"http:\/\/biblioteca.iesalmudeyne.es\/?p=1562"},"modified":"2019-02-26T21:54:56","modified_gmt":"2019-02-26T20:54:56","slug":"el-dia-de-la-mujer-cientifica","status":"publish","type":"post","link":"https:\/\/biblioteca.iesalmudeyne.es\/?p=1562","title":{"rendered":"El D\u00eda de la Mujer Cient\u00edfica"},"content":{"rendered":"<div class=\"gE iv gt\">En conmemoraci\u00f3n con el d\u00eda de la mujer cient\u00edfica, algo que celebramos con gran entusiasmo en nuestro Instituto, los alumnos de 2\u00ba de bachillerato hemos decidido realizar una actividad diferente y un poco m\u00e1s din\u00e1mica que consiga llegar a la gente. Es por ello por lo que hemos realizado un teatro de marionetas sobre una cosmonauta muy importante, Valentina Tereshkova, ella fue la primera mujer cosmonauta y realiz\u00f3 un viaje de 48 \u00f3rbitas alrededor de la Tierra.<\/div>\n<div><\/div>\n<div class=\"gE iv gt\">Como a nosotros nos inspir\u00f3 su \u00e9nfasis y esp\u00edritu cient\u00edfico, decidimos hacerle este peque\u00f1o homenaje, y a pesar de que segundo de bachillerato es un curso dif\u00edcil e intenso, este teatro ha sido realizado con mucho entusiasmo y cari\u00f1o.<\/div>\n<div><\/div>\n<div class=\"gE iv gt\">Esperamos que os haya gustado a los que lo hay\u00e1is visto y a los que pod\u00e1is verlo, que os guste.<\/div>\n<div class=\"gE iv gt\">Soy Mar\u00eda Roc\u00edo Amuedo y mis compa\u00f1eros de teatro fueron: Alicia Lay, Alba Gonz\u00e1lez, Jos\u00e9 Antonio Dorado, Omar Elhani y \u00c1ngela Gonz\u00e1lez y tambi\u00e9n es necesario hablar del apoyo de nuestra fant\u00e1stica tutora Irene Gonz\u00e1lez, la cual nos apoy\u00f3 en todo momento del proyecto.<\/div>\n<div><\/div>\n<div><\/div>\n<div><a href=\"http:\/\/biblioteca.iesalmudeyne.es\/wp-content\/uploads\/2019\/02\/IMG_20190211_133304.jpg\"><img decoding=\"async\" class=\"size-large wp-image-1563 alignleft\" src=\"http:\/\/biblioteca.iesalmudeyne.es\/wp-content\/uploads\/2019\/02\/IMG_20190211_133304-1024x768.jpg\" alt=\"\" width=\"652\" height=\"489\" srcset=\"https:\/\/biblioteca.iesalmudeyne.es\/wp-content\/uploads\/2019\/02\/IMG_20190211_133304-200x150.jpg 200w, https:\/\/biblioteca.iesalmudeyne.es\/wp-content\/uploads\/2019\/02\/IMG_20190211_133304-300x225.jpg 300w, https:\/\/biblioteca.iesalmudeyne.es\/wp-content\/uploads\/2019\/02\/IMG_20190211_133304-400x300.jpg 400w, https:\/\/biblioteca.iesalmudeyne.es\/wp-content\/uploads\/2019\/02\/IMG_20190211_133304-600x450.jpg 600w, https:\/\/biblioteca.iesalmudeyne.es\/wp-content\/uploads\/2019\/02\/IMG_20190211_133304-768x576.jpg 768w, https:\/\/biblioteca.iesalmudeyne.es\/wp-content\/uploads\/2019\/02\/IMG_20190211_133304-800x600.jpg 800w, https:\/\/biblioteca.iesalmudeyne.es\/wp-content\/uploads\/2019\/02\/IMG_20190211_133304-1024x768.jpg 1024w, https:\/\/biblioteca.iesalmudeyne.es\/wp-content\/uploads\/2019\/02\/IMG_20190211_133304-1200x900.jpg 1200w, https:\/\/biblioteca.iesalmudeyne.es\/wp-content\/uploads\/2019\/02\/IMG_20190211_133304-1536x1152.jpg 1536w, https:\/\/biblioteca.iesalmudeyne.es\/wp-content\/uploads\/2019\/02\/IMG_20190211_133304-scaled.jpg 2560w\" sizes=\"(max-width: 652px) 100vw, 652px\" \/><\/a><\/div>\n<div style=\"text-align: center;\"><em><strong>Enviado por Mar\u00eda Rocio Amuedo<\/strong><\/em><\/div>\n<div><\/div>\n<div><\/div>\n<div><\/div>\n<div><\/div>\n<div><\/div>\n<div><\/div>\n<div><\/div>\n<div><\/div>\n<div><\/div>\n<div><\/div>\n<div><\/div>\n<div><\/div>\n<div><\/div>\n<div><\/div>\n<div><\/div>\n<div><\/div>\n<div><\/div>\n<div><\/div>\n<div><\/div>\n<div>Esta efem\u00e9rides nos dejo tambi\u00e9n unos trabajos maravillosos, guiados por el Departamento de F\u00edsica y Qu\u00edmica y explicados por los propios alumnos que montaron una exposici\u00f3n en el patio y que todos pudimos disfrutar.<\/div>\n<div>Un orgullo para todos el buen trabajo que han realizado estos alumnos.<\/div>\n<div><\/div>\n<div><a href=\"http:\/\/biblioteca.iesalmudeyne.es\/wp-content\/uploads\/2019\/02\/IMG_20190211_131258-1.jpg\"><img decoding=\"async\" class=\" wp-image-1570 alignleft\" src=\"http:\/\/biblioteca.iesalmudeyne.es\/wp-content\/uploads\/2019\/02\/IMG_20190211_131258-1-1024x768.jpg\" alt=\"\" width=\"592\" height=\"444\" srcset=\"https:\/\/biblioteca.iesalmudeyne.es\/wp-content\/uploads\/2019\/02\/IMG_20190211_131258-1-200x150.jpg 200w, https:\/\/biblioteca.iesalmudeyne.es\/wp-content\/uploads\/2019\/02\/IMG_20190211_131258-1-300x225.jpg 300w, https:\/\/biblioteca.iesalmudeyne.es\/wp-content\/uploads\/2019\/02\/IMG_20190211_131258-1-400x300.jpg 400w, https:\/\/biblioteca.iesalmudeyne.es\/wp-content\/uploads\/2019\/02\/IMG_20190211_131258-1-600x450.jpg 600w, https:\/\/biblioteca.iesalmudeyne.es\/wp-content\/uploads\/2019\/02\/IMG_20190211_131258-1-768x576.jpg 768w, https:\/\/biblioteca.iesalmudeyne.es\/wp-content\/uploads\/2019\/02\/IMG_20190211_131258-1-800x600.jpg 800w, https:\/\/biblioteca.iesalmudeyne.es\/wp-content\/uploads\/2019\/02\/IMG_20190211_131258-1-1024x768.jpg 1024w, https:\/\/biblioteca.iesalmudeyne.es\/wp-content\/uploads\/2019\/02\/IMG_20190211_131258-1-1200x900.jpg 1200w, https:\/\/biblioteca.iesalmudeyne.es\/wp-content\/uploads\/2019\/02\/IMG_20190211_131258-1-1536x1152.jpg 1536w, https:\/\/biblioteca.iesalmudeyne.es\/wp-content\/uploads\/2019\/02\/IMG_20190211_131258-1-scaled.jpg 2560w\" sizes=\"(max-width: 592px) 100vw, 592px\" \/><\/a><\/div>\n<div><a href=\"http:\/\/biblioteca.iesalmudeyne.es\/wp-content\/uploads\/2019\/02\/IMG_20190211_131219.jpg\"><img decoding=\"async\" class=\"aligncenter size-medium wp-image-1566\" src=\"http:\/\/biblioteca.iesalmudeyne.es\/wp-content\/uploads\/2019\/02\/IMG_20190211_131219-225x300.jpg\" alt=\"\" width=\"225\" height=\"300\" srcset=\"https:\/\/biblioteca.iesalmudeyne.es\/wp-content\/uploads\/2019\/02\/IMG_20190211_131219-200x267.jpg 200w, https:\/\/biblioteca.iesalmudeyne.es\/wp-content\/uploads\/2019\/02\/IMG_20190211_131219-225x300.jpg 225w, https:\/\/biblioteca.iesalmudeyne.es\/wp-content\/uploads\/2019\/02\/IMG_20190211_131219-400x533.jpg 400w, https:\/\/biblioteca.iesalmudeyne.es\/wp-content\/uploads\/2019\/02\/IMG_20190211_131219-600x800.jpg 600w, https:\/\/biblioteca.iesalmudeyne.es\/wp-content\/uploads\/2019\/02\/IMG_20190211_131219-768x1024.jpg 768w, https:\/\/biblioteca.iesalmudeyne.es\/wp-content\/uploads\/2019\/02\/IMG_20190211_131219-800x1067.jpg 800w, https:\/\/biblioteca.iesalmudeyne.es\/wp-content\/uploads\/2019\/02\/IMG_20190211_131219-1152x1536.jpg 1152w, https:\/\/biblioteca.iesalmudeyne.es\/wp-content\/uploads\/2019\/02\/IMG_20190211_131219-1200x1600.jpg 1200w, https:\/\/biblioteca.iesalmudeyne.es\/wp-content\/uploads\/2019\/02\/IMG_20190211_131219-1536x2048.jpg 1536w, https:\/\/biblioteca.iesalmudeyne.es\/wp-content\/uploads\/2019\/02\/IMG_20190211_131219-scaled.jpg 1920w\" sizes=\"(max-width: 225px) 100vw, 225px\" \/><\/a><\/div>\n<div><a href=\"http:\/\/biblioteca.iesalmudeyne.es\/wp-content\/uploads\/2019\/02\/IMG_20190211_132204.jpg\"><img decoding=\"async\" class=\"alignleft wp-image-1565 size-medium\" src=\"http:\/\/biblioteca.iesalmudeyne.es\/wp-content\/uploads\/2019\/02\/IMG_20190211_132204-300x225.jpg\" alt=\"\" width=\"300\" height=\"225\" srcset=\"https:\/\/biblioteca.iesalmudeyne.es\/wp-content\/uploads\/2019\/02\/IMG_20190211_132204-200x150.jpg 200w, https:\/\/biblioteca.iesalmudeyne.es\/wp-content\/uploads\/2019\/02\/IMG_20190211_132204-300x225.jpg 300w, https:\/\/biblioteca.iesalmudeyne.es\/wp-content\/uploads\/2019\/02\/IMG_20190211_132204-400x300.jpg 400w, https:\/\/biblioteca.iesalmudeyne.es\/wp-content\/uploads\/2019\/02\/IMG_20190211_132204-600x450.jpg 600w, https:\/\/biblioteca.iesalmudeyne.es\/wp-content\/uploads\/2019\/02\/IMG_20190211_132204-768x576.jpg 768w, https:\/\/biblioteca.iesalmudeyne.es\/wp-content\/uploads\/2019\/02\/IMG_20190211_132204-800x600.jpg 800w, https:\/\/biblioteca.iesalmudeyne.es\/wp-content\/uploads\/2019\/02\/IMG_20190211_132204-1024x768.jpg 1024w, https:\/\/biblioteca.iesalmudeyne.es\/wp-content\/uploads\/2019\/02\/IMG_20190211_132204-1200x900.jpg 1200w, https:\/\/biblioteca.iesalmudeyne.es\/wp-content\/uploads\/2019\/02\/IMG_20190211_132204-1536x1152.jpg 1536w, https:\/\/biblioteca.iesalmudeyne.es\/wp-content\/uploads\/2019\/02\/IMG_20190211_132204-scaled.jpg 2560w\" sizes=\"(max-width: 300px) 100vw, 300px\" \/><\/a><\/div>\n<div><\/div>\n<div><a href=\"http:\/\/biblioteca.iesalmudeyne.es\/wp-content\/uploads\/2019\/02\/IMG_20190211_131411.jpg\"><img decoding=\"async\" class=\"alignright wp-image-1569 size-medium\" src=\"http:\/\/biblioteca.iesalmudeyne.es\/wp-content\/uploads\/2019\/02\/IMG_20190211_131411-300x225.jpg\" alt=\"\" width=\"300\" height=\"225\" srcset=\"https:\/\/biblioteca.iesalmudeyne.es\/wp-content\/uploads\/2019\/02\/IMG_20190211_131411-200x150.jpg 200w, https:\/\/biblioteca.iesalmudeyne.es\/wp-content\/uploads\/2019\/02\/IMG_20190211_131411-300x225.jpg 300w, https:\/\/biblioteca.iesalmudeyne.es\/wp-content\/uploads\/2019\/02\/IMG_20190211_131411-400x300.jpg 400w, https:\/\/biblioteca.iesalmudeyne.es\/wp-content\/uploads\/2019\/02\/IMG_20190211_131411-600x450.jpg 600w, https:\/\/biblioteca.iesalmudeyne.es\/wp-content\/uploads\/2019\/02\/IMG_20190211_131411-768x576.jpg 768w, https:\/\/biblioteca.iesalmudeyne.es\/wp-content\/uploads\/2019\/02\/IMG_20190211_131411-800x600.jpg 800w, https:\/\/biblioteca.iesalmudeyne.es\/wp-content\/uploads\/2019\/02\/IMG_20190211_131411-1024x768.jpg 1024w, https:\/\/biblioteca.iesalmudeyne.es\/wp-content\/uploads\/2019\/02\/IMG_20190211_131411-1200x900.jpg 1200w, https:\/\/biblioteca.iesalmudeyne.es\/wp-content\/uploads\/2019\/02\/IMG_20190211_131411-1536x1152.jpg 1536w, https:\/\/biblioteca.iesalmudeyne.es\/wp-content\/uploads\/2019\/02\/IMG_20190211_131411-scaled.jpg 2560w\" sizes=\"(max-width: 300px) 100vw, 300px\" \/><\/a><\/div>\n<div><\/div>\n<div><a href=\"http:\/\/biblioteca.iesalmudeyne.es\/wp-content\/uploads\/2019\/02\/IMG_20190211_131726.jpg\"><img decoding=\"async\" class=\" wp-image-1567 alignleft\" src=\"http:\/\/biblioteca.iesalmudeyne.es\/wp-content\/uploads\/2019\/02\/IMG_20190211_131726-1024x768.jpg\" alt=\"\" width=\"603\" height=\"452\" srcset=\"https:\/\/biblioteca.iesalmudeyne.es\/wp-content\/uploads\/2019\/02\/IMG_20190211_131726-200x150.jpg 200w, https:\/\/biblioteca.iesalmudeyne.es\/wp-content\/uploads\/2019\/02\/IMG_20190211_131726-300x225.jpg 300w, https:\/\/biblioteca.iesalmudeyne.es\/wp-content\/uploads\/2019\/02\/IMG_20190211_131726-400x300.jpg 400w, https:\/\/biblioteca.iesalmudeyne.es\/wp-content\/uploads\/2019\/02\/IMG_20190211_131726-600x450.jpg 600w, https:\/\/biblioteca.iesalmudeyne.es\/wp-content\/uploads\/2019\/02\/IMG_20190211_131726-768x576.jpg 768w, https:\/\/biblioteca.iesalmudeyne.es\/wp-content\/uploads\/2019\/02\/IMG_20190211_131726-800x600.jpg 800w, https:\/\/biblioteca.iesalmudeyne.es\/wp-content\/uploads\/2019\/02\/IMG_20190211_131726-1024x768.jpg 1024w, https:\/\/biblioteca.iesalmudeyne.es\/wp-content\/uploads\/2019\/02\/IMG_20190211_131726-1200x900.jpg 1200w, https:\/\/biblioteca.iesalmudeyne.es\/wp-content\/uploads\/2019\/02\/IMG_20190211_131726-1536x1152.jpg 1536w, https:\/\/biblioteca.iesalmudeyne.es\/wp-content\/uploads\/2019\/02\/IMG_20190211_131726-scaled.jpg 2560w\" sizes=\"(max-width: 603px) 100vw, 603px\" \/><\/a><\/div>\n<div>Y\u00a0<strong>muchos m\u00e1s que han quedado expuestos en el Centro durante toda la semana.<\/strong><\/div>\n<div><\/div>\n<div><\/div>\n","protected":false},"excerpt":{"rendered":"<p>En conmemoraci\u00f3n con el d\u00eda de la mujer cient\u00edfica, algo [&hellip;]<\/p>\n","protected":false},"author":1,"featured_media":0,"comment_status":"open","ping_status":"open","sticky":false,"template":"","format":"standard","meta":{"footnotes":""},"categories":[1],"tags":[],"class_list":["post-1562","post","type-post","status-publish","format-standard","hentry","category-uncategorized"],"_links":{"self":[{"href":"https:\/\/biblioteca.iesalmudeyne.es\/index.php?rest_route=\/wp\/v2\/posts\/1562","targetHints":{"allow":["GET"]}}],"collection":[{"href":"https:\/\/biblioteca.iesalmudeyne.es\/index.php?rest_route=\/wp\/v2\/posts"}],"about":[{"href":"https:\/\/biblioteca.iesalmudeyne.es\/index.php?rest_route=\/wp\/v2\/types\/post"}],"author":[{"embeddable":true,"href":"https:\/\/biblioteca.iesalmudeyne.es\/index.php?rest_route=\/wp\/v2\/users\/1"}],"replies":[{"embeddable":true,"href":"https:\/\/biblioteca.iesalmudeyne.es\/index.php?rest_route=%2Fwp%2Fv2%2Fcomments&post=1562"}],"version-history":[{"count":0,"href":"https:\/\/biblioteca.iesalmudeyne.es\/index.php?rest_route=\/wp\/v2\/posts\/1562\/revisions"}],"wp:attachment":[{"href":"https:\/\/biblioteca.iesalmudeyne.es\/index.php?rest_route=%2Fwp%2Fv2%2Fmedia&parent=1562"}],"wp:term":[{"taxonomy":"category","embeddable":true,"href":"https:\/\/biblioteca.iesalmudeyne.es\/index.php?rest_route=%2Fwp%2Fv2%2Fcategories&post=1562"},{"taxonomy":"post_tag","embeddable":true,"href":"https:\/\/biblioteca.iesalmudeyne.es\/index.php?rest_route=%2Fwp%2Fv2%2Ftags&post=1562"}],"curies":[{"name":"wp","href":"https:\/\/api.w.org\/{rel}","templated":true}]}}