{"id":1617,"date":"2019-03-20T19:58:34","date_gmt":"2019-03-20T18:58:34","guid":{"rendered":"http:\/\/biblioteca.iesalmudeyne.es\/?p=1617"},"modified":"2019-03-20T19:58:34","modified_gmt":"2019-03-20T18:58:34","slug":"mas-nuevas-adquisiciones","status":"publish","type":"post","link":"https:\/\/biblioteca.iesalmudeyne.es\/?p=1617","title":{"rendered":"M\u00e1s nuevas adquisiciones"},"content":{"rendered":"<p>\u00a1Seguimos ampliando nuestro catalogo! Han llegado nuevos libros atendiendo a algunas peticiones de nuestros alumn@s y tambi\u00e9n con el deseo de acercarnos a la poes\u00eda contempor\u00e1nea.<\/p>\n<p><a href=\"http:\/\/biblioteca.iesalmudeyne.es\/wp-content\/uploads\/2019\/03\/IMG-20190320-WA0014.jpg\"><img decoding=\"async\" class=\"aligncenter size-large wp-image-1618\" src=\"http:\/\/biblioteca.iesalmudeyne.es\/wp-content\/uploads\/2019\/03\/IMG-20190320-WA0014-1024x768.jpg\" alt=\"\" width=\"652\" height=\"489\" srcset=\"https:\/\/biblioteca.iesalmudeyne.es\/wp-content\/uploads\/2019\/03\/IMG-20190320-WA0014-200x150.jpg 200w, https:\/\/biblioteca.iesalmudeyne.es\/wp-content\/uploads\/2019\/03\/IMG-20190320-WA0014-300x225.jpg 300w, https:\/\/biblioteca.iesalmudeyne.es\/wp-content\/uploads\/2019\/03\/IMG-20190320-WA0014-400x300.jpg 400w, https:\/\/biblioteca.iesalmudeyne.es\/wp-content\/uploads\/2019\/03\/IMG-20190320-WA0014-600x450.jpg 600w, https:\/\/biblioteca.iesalmudeyne.es\/wp-content\/uploads\/2019\/03\/IMG-20190320-WA0014-768x576.jpg 768w, https:\/\/biblioteca.iesalmudeyne.es\/wp-content\/uploads\/2019\/03\/IMG-20190320-WA0014-800x600.jpg 800w, https:\/\/biblioteca.iesalmudeyne.es\/wp-content\/uploads\/2019\/03\/IMG-20190320-WA0014-1024x768.jpg 1024w, https:\/\/biblioteca.iesalmudeyne.es\/wp-content\/uploads\/2019\/03\/IMG-20190320-WA0014-1200x900.jpg 1200w, https:\/\/biblioteca.iesalmudeyne.es\/wp-content\/uploads\/2019\/03\/IMG-20190320-WA0014-1536x1152.jpg 1536w, https:\/\/biblioteca.iesalmudeyne.es\/wp-content\/uploads\/2019\/03\/IMG-20190320-WA0014.jpg 1600w\" sizes=\"(max-width: 652px) 100vw, 652px\" \/><\/a><\/p>\n<p>A ver&#8230;&#8230; m\u00e1s cerquita para que los ve\u00e1is bien porque son alucinantes!!!!!<\/p>\n<p>&nbsp;<\/p>\n<p><a href=\"http:\/\/biblioteca.iesalmudeyne.es\/wp-content\/uploads\/2019\/03\/IMG-20190320-WA0013.jpg\"><img decoding=\"async\" class=\"aligncenter size-large wp-image-1619\" src=\"http:\/\/biblioteca.iesalmudeyne.es\/wp-content\/uploads\/2019\/03\/IMG-20190320-WA0013-768x1024.jpg\" alt=\"\" width=\"652\" height=\"869\" srcset=\"https:\/\/biblioteca.iesalmudeyne.es\/wp-content\/uploads\/2019\/03\/IMG-20190320-WA0013-200x267.jpg 200w, https:\/\/biblioteca.iesalmudeyne.es\/wp-content\/uploads\/2019\/03\/IMG-20190320-WA0013-225x300.jpg 225w, https:\/\/biblioteca.iesalmudeyne.es\/wp-content\/uploads\/2019\/03\/IMG-20190320-WA0013-400x533.jpg 400w, https:\/\/biblioteca.iesalmudeyne.es\/wp-content\/uploads\/2019\/03\/IMG-20190320-WA0013-600x800.jpg 600w, https:\/\/biblioteca.iesalmudeyne.es\/wp-content\/uploads\/2019\/03\/IMG-20190320-WA0013-768x1024.jpg 768w, https:\/\/biblioteca.iesalmudeyne.es\/wp-content\/uploads\/2019\/03\/IMG-20190320-WA0013-800x1067.jpg 800w, https:\/\/biblioteca.iesalmudeyne.es\/wp-content\/uploads\/2019\/03\/IMG-20190320-WA0013-1152x1536.jpg 1152w, https:\/\/biblioteca.iesalmudeyne.es\/wp-content\/uploads\/2019\/03\/IMG-20190320-WA0013.jpg 1200w\" sizes=\"(max-width: 652px) 100vw, 652px\" \/><\/a><\/p>\n<p>Tambi\u00e9n han llegado algunos juegos nuevos y muy interesantes para nuestra ludoteca. \u00a1os van a encantar!<\/p>\n<p><a href=\"http:\/\/biblioteca.iesalmudeyne.es\/wp-content\/uploads\/2019\/03\/IMG-20190320-WA0015.jpg\"><img decoding=\"async\" class=\"aligncenter size-large wp-image-1620\" src=\"http:\/\/biblioteca.iesalmudeyne.es\/wp-content\/uploads\/2019\/03\/IMG-20190320-WA0015-1024x768.jpg\" alt=\"\" width=\"652\" height=\"489\" srcset=\"https:\/\/biblioteca.iesalmudeyne.es\/wp-content\/uploads\/2019\/03\/IMG-20190320-WA0015-200x150.jpg 200w, https:\/\/biblioteca.iesalmudeyne.es\/wp-content\/uploads\/2019\/03\/IMG-20190320-WA0015-300x225.jpg 300w, https:\/\/biblioteca.iesalmudeyne.es\/wp-content\/uploads\/2019\/03\/IMG-20190320-WA0015-400x300.jpg 400w, https:\/\/biblioteca.iesalmudeyne.es\/wp-content\/uploads\/2019\/03\/IMG-20190320-WA0015-600x450.jpg 600w, https:\/\/biblioteca.iesalmudeyne.es\/wp-content\/uploads\/2019\/03\/IMG-20190320-WA0015-768x576.jpg 768w, https:\/\/biblioteca.iesalmudeyne.es\/wp-content\/uploads\/2019\/03\/IMG-20190320-WA0015-800x600.jpg 800w, https:\/\/biblioteca.iesalmudeyne.es\/wp-content\/uploads\/2019\/03\/IMG-20190320-WA0015-1024x768.jpg 1024w, https:\/\/biblioteca.iesalmudeyne.es\/wp-content\/uploads\/2019\/03\/IMG-20190320-WA0015-1200x900.jpg 1200w, https:\/\/biblioteca.iesalmudeyne.es\/wp-content\/uploads\/2019\/03\/IMG-20190320-WA0015-1536x1152.jpg 1536w, https:\/\/biblioteca.iesalmudeyne.es\/wp-content\/uploads\/2019\/03\/IMG-20190320-WA0015.jpg 1600w\" sizes=\"(max-width: 652px) 100vw, 652px\" \/><\/a><\/p>\n<p>Tenemos que agradecer al equipo directivo y al proyecto \u00abRecreos inclusivos\u00bb\u00a0 concedido este curso a\u00a0 nuestro Centro por la Junta de Andaluc\u00eda\u00a0 y al presupuesto con el que esta dotado , estas novedades.<\/p>\n<p>Muy pronto estar\u00e1n disponibles en la biblioteca.<\/p>\n","protected":false},"excerpt":{"rendered":"<p>\u00a1Seguimos ampliando nuestro catalogo! Han llegado nuevos libros atendiendo a [&hellip;]<\/p>\n","protected":false},"author":1,"featured_media":0,"comment_status":"open","ping_status":"open","sticky":false,"template":"","format":"standard","meta":{"footnotes":""},"categories":[1],"tags":[],"class_list":["post-1617","post","type-post","status-publish","format-standard","hentry","category-uncategorized"],"_links":{"self":[{"href":"https:\/\/biblioteca.iesalmudeyne.es\/index.php?rest_route=\/wp\/v2\/posts\/1617","targetHints":{"allow":["GET"]}}],"collection":[{"href":"https:\/\/biblioteca.iesalmudeyne.es\/index.php?rest_route=\/wp\/v2\/posts"}],"about":[{"href":"https:\/\/biblioteca.iesalmudeyne.es\/index.php?rest_route=\/wp\/v2\/types\/post"}],"author":[{"embeddable":true,"href":"https:\/\/biblioteca.iesalmudeyne.es\/index.php?rest_route=\/wp\/v2\/users\/1"}],"replies":[{"embeddable":true,"href":"https:\/\/biblioteca.iesalmudeyne.es\/index.php?rest_route=%2Fwp%2Fv2%2Fcomments&post=1617"}],"version-history":[{"count":0,"href":"https:\/\/biblioteca.iesalmudeyne.es\/index.php?rest_route=\/wp\/v2\/posts\/1617\/revisions"}],"wp:attachment":[{"href":"https:\/\/biblioteca.iesalmudeyne.es\/index.php?rest_route=%2Fwp%2Fv2%2Fmedia&parent=1617"}],"wp:term":[{"taxonomy":"category","embeddable":true,"href":"https:\/\/biblioteca.iesalmudeyne.es\/index.php?rest_route=%2Fwp%2Fv2%2Fcategories&post=1617"},{"taxonomy":"post_tag","embeddable":true,"href":"https:\/\/biblioteca.iesalmudeyne.es\/index.php?rest_route=%2Fwp%2Fv2%2Ftags&post=1617"}],"curies":[{"name":"wp","href":"https:\/\/api.w.org\/{rel}","templated":true}]}}