{"id":1623,"date":"2019-03-20T21:14:50","date_gmt":"2019-03-20T20:14:50","guid":{"rendered":"http:\/\/biblioteca.iesalmudeyne.es\/?p=1623"},"modified":"2019-03-20T21:14:50","modified_gmt":"2019-03-20T20:14:50","slug":"poesia-en-primavera","status":"publish","type":"post","link":"https:\/\/biblioteca.iesalmudeyne.es\/?p=1623","title":{"rendered":"Poes\u00eda en Primavera"},"content":{"rendered":"<p style=\"text-align: center;\">Me gustas cuando callas porque est\u00e1s como ausente,<\/p>\n<p style=\"text-align: center;\">y me oyes desde lejos, y mi voz no te toca.<\/p>\n<p style=\"text-align: center;\">Parece que los ojos se te hubieran volado<\/p>\n<p style=\"text-align: center;\">y parece que un beso te cerrara la boca.<\/p>\n<p style=\"text-align: center;\"><em><strong>\u00a0 \u00a0 \u00a0 \u00a0 \u00a0 \u00a0 \u00a0 \u00a0 \u00a0 \u00a0 \u00a0 \u00a0 \u00a0 \u00a0 \u00a0 \u00a0 \u00a0 \u00a0 \u00a0 \u00a0 \u00a0 \u00a0 \u00a0 \u00a0 \u00a0 \u00a0 \u00a0 \u00a0 \u00a0 \u00a0 \u00a0Me gustas cuando callas. Pablo Neruda<\/strong><\/em><\/p>\n<p>\u00a1Que ser\u00eda del mundo sin esta forma tan hermosa de expresar los sentimientos que nacen de lo mas profundo del alma! Nos hablan de amor y desenga\u00f1o, de tristeza o de intensas alegr\u00edas, de furia y rabia, de inconformismo y rebeld\u00eda, de momentos \u00edntimos y compartidos&#8230;.. de tantas cosas, pero siempre con una belleza y un ritmo\u00a0 que te atrapa y te cautiva.<\/p>\n<p>Queremos celebrar, junto al Mundo entero, el D\u00eda Mundial de la Poes\u00eda y con humildad, hemos preparado una peque\u00f1a exposici\u00f3n con algunos de los libros de los que disponemos en la biblioteca y tambi\u00e9n los cinco nuevos que acaban de llegar. Si os acerc\u00e1is a leerla, podr\u00e9is apreciar la variedad de autores, tem\u00e1ticas y estilos\u00a0 que despliega este arte \u00fanico. Estar\u00e1 en la biblioteca durante toda la semana que viene.<\/p>\n<p style=\"text-align: center;\">\u00a1Est\u00e1is tod@s invitados!<\/p>\n<p style=\"text-align: center;\"><a href=\"http:\/\/biblioteca.iesalmudeyne.es\/wp-content\/uploads\/2019\/03\/LIBROS-PRIMAVERA.jpg\"><img decoding=\"async\" class=\"aligncenter size-large wp-image-1627\" src=\"http:\/\/biblioteca.iesalmudeyne.es\/wp-content\/uploads\/2019\/03\/LIBROS-PRIMAVERA-1024x724.jpg\" alt=\"\" width=\"652\" height=\"461\" srcset=\"https:\/\/biblioteca.iesalmudeyne.es\/wp-content\/uploads\/2019\/03\/LIBROS-PRIMAVERA-200x141.jpg 200w, https:\/\/biblioteca.iesalmudeyne.es\/wp-content\/uploads\/2019\/03\/LIBROS-PRIMAVERA-300x212.jpg 300w, https:\/\/biblioteca.iesalmudeyne.es\/wp-content\/uploads\/2019\/03\/LIBROS-PRIMAVERA-400x283.jpg 400w, https:\/\/biblioteca.iesalmudeyne.es\/wp-content\/uploads\/2019\/03\/LIBROS-PRIMAVERA-600x424.jpg 600w, https:\/\/biblioteca.iesalmudeyne.es\/wp-content\/uploads\/2019\/03\/LIBROS-PRIMAVERA-768x543.jpg 768w, https:\/\/biblioteca.iesalmudeyne.es\/wp-content\/uploads\/2019\/03\/LIBROS-PRIMAVERA-800x566.jpg 800w, https:\/\/biblioteca.iesalmudeyne.es\/wp-content\/uploads\/2019\/03\/LIBROS-PRIMAVERA-1024x724.jpg 1024w, https:\/\/biblioteca.iesalmudeyne.es\/wp-content\/uploads\/2019\/03\/LIBROS-PRIMAVERA-1200x849.jpg 1200w, https:\/\/biblioteca.iesalmudeyne.es\/wp-content\/uploads\/2019\/03\/LIBROS-PRIMAVERA-1536x1086.jpg 1536w, https:\/\/biblioteca.iesalmudeyne.es\/wp-content\/uploads\/2019\/03\/LIBROS-PRIMAVERA-scaled.jpg 2560w\" sizes=\"(max-width: 652px) 100vw, 652px\" \/><\/a><\/p>\n<p><a href=\"http:\/\/biblioteca.iesalmudeyne.es\/wp-content\/uploads\/2019\/03\/IMG-20190321-WA0009.jpg\"><img decoding=\"async\" class=\"aligncenter size-large wp-image-1629\" src=\"http:\/\/biblioteca.iesalmudeyne.es\/wp-content\/uploads\/2019\/03\/IMG-20190321-WA0009-1024x768.jpg\" alt=\"\" width=\"652\" height=\"489\" srcset=\"https:\/\/biblioteca.iesalmudeyne.es\/wp-content\/uploads\/2019\/03\/IMG-20190321-WA0009-200x150.jpg 200w, https:\/\/biblioteca.iesalmudeyne.es\/wp-content\/uploads\/2019\/03\/IMG-20190321-WA0009-300x225.jpg 300w, https:\/\/biblioteca.iesalmudeyne.es\/wp-content\/uploads\/2019\/03\/IMG-20190321-WA0009-400x300.jpg 400w, https:\/\/biblioteca.iesalmudeyne.es\/wp-content\/uploads\/2019\/03\/IMG-20190321-WA0009-600x450.jpg 600w, https:\/\/biblioteca.iesalmudeyne.es\/wp-content\/uploads\/2019\/03\/IMG-20190321-WA0009-768x576.jpg 768w, https:\/\/biblioteca.iesalmudeyne.es\/wp-content\/uploads\/2019\/03\/IMG-20190321-WA0009-800x600.jpg 800w, https:\/\/biblioteca.iesalmudeyne.es\/wp-content\/uploads\/2019\/03\/IMG-20190321-WA0009-1024x768.jpg 1024w, https:\/\/biblioteca.iesalmudeyne.es\/wp-content\/uploads\/2019\/03\/IMG-20190321-WA0009-1200x900.jpg 1200w, https:\/\/biblioteca.iesalmudeyne.es\/wp-content\/uploads\/2019\/03\/IMG-20190321-WA0009-1536x1152.jpg 1536w, https:\/\/biblioteca.iesalmudeyne.es\/wp-content\/uploads\/2019\/03\/IMG-20190321-WA0009.jpg 1600w\" sizes=\"(max-width: 652px) 100vw, 652px\" \/><\/a><\/p>\n<p><a href=\"http:\/\/biblioteca.iesalmudeyne.es\/wp-content\/uploads\/2019\/03\/IMG-20190321-WA0006.jpg\"><img decoding=\"async\" class=\"alignleft size-medium wp-image-1632\" src=\"http:\/\/biblioteca.iesalmudeyne.es\/wp-content\/uploads\/2019\/03\/IMG-20190321-WA0006-300x225.jpg\" alt=\"\" width=\"300\" height=\"225\" srcset=\"https:\/\/biblioteca.iesalmudeyne.es\/wp-content\/uploads\/2019\/03\/IMG-20190321-WA0006-200x150.jpg 200w, https:\/\/biblioteca.iesalmudeyne.es\/wp-content\/uploads\/2019\/03\/IMG-20190321-WA0006-300x225.jpg 300w, https:\/\/biblioteca.iesalmudeyne.es\/wp-content\/uploads\/2019\/03\/IMG-20190321-WA0006-400x300.jpg 400w, https:\/\/biblioteca.iesalmudeyne.es\/wp-content\/uploads\/2019\/03\/IMG-20190321-WA0006-600x450.jpg 600w, https:\/\/biblioteca.iesalmudeyne.es\/wp-content\/uploads\/2019\/03\/IMG-20190321-WA0006-768x576.jpg 768w, https:\/\/biblioteca.iesalmudeyne.es\/wp-content\/uploads\/2019\/03\/IMG-20190321-WA0006-800x600.jpg 800w, https:\/\/biblioteca.iesalmudeyne.es\/wp-content\/uploads\/2019\/03\/IMG-20190321-WA0006-1024x768.jpg 1024w, https:\/\/biblioteca.iesalmudeyne.es\/wp-content\/uploads\/2019\/03\/IMG-20190321-WA0006-1200x900.jpg 1200w, https:\/\/biblioteca.iesalmudeyne.es\/wp-content\/uploads\/2019\/03\/IMG-20190321-WA0006-1536x1152.jpg 1536w, https:\/\/biblioteca.iesalmudeyne.es\/wp-content\/uploads\/2019\/03\/IMG-20190321-WA0006.jpg 1600w\" sizes=\"(max-width: 300px) 100vw, 300px\" \/><\/a><a href=\"http:\/\/biblioteca.iesalmudeyne.es\/wp-content\/uploads\/2019\/03\/IMG-20190321-WA0007.jpg\"><img decoding=\"async\" class=\"alignright size-medium wp-image-1631\" src=\"http:\/\/biblioteca.iesalmudeyne.es\/wp-content\/uploads\/2019\/03\/IMG-20190321-WA0007-300x225.jpg\" alt=\"\" width=\"300\" height=\"225\" srcset=\"https:\/\/biblioteca.iesalmudeyne.es\/wp-content\/uploads\/2019\/03\/IMG-20190321-WA0007-200x150.jpg 200w, https:\/\/biblioteca.iesalmudeyne.es\/wp-content\/uploads\/2019\/03\/IMG-20190321-WA0007-300x225.jpg 300w, https:\/\/biblioteca.iesalmudeyne.es\/wp-content\/uploads\/2019\/03\/IMG-20190321-WA0007-400x300.jpg 400w, https:\/\/biblioteca.iesalmudeyne.es\/wp-content\/uploads\/2019\/03\/IMG-20190321-WA0007-600x450.jpg 600w, https:\/\/biblioteca.iesalmudeyne.es\/wp-content\/uploads\/2019\/03\/IMG-20190321-WA0007-768x576.jpg 768w, https:\/\/biblioteca.iesalmudeyne.es\/wp-content\/uploads\/2019\/03\/IMG-20190321-WA0007-800x600.jpg 800w, https:\/\/biblioteca.iesalmudeyne.es\/wp-content\/uploads\/2019\/03\/IMG-20190321-WA0007-1024x768.jpg 1024w, https:\/\/biblioteca.iesalmudeyne.es\/wp-content\/uploads\/2019\/03\/IMG-20190321-WA0007-1200x900.jpg 1200w, https:\/\/biblioteca.iesalmudeyne.es\/wp-content\/uploads\/2019\/03\/IMG-20190321-WA0007-1536x1152.jpg 1536w, https:\/\/biblioteca.iesalmudeyne.es\/wp-content\/uploads\/2019\/03\/IMG-20190321-WA0007.jpg 1600w\" sizes=\"(max-width: 300px) 100vw, 300px\" \/><\/a><\/p>\n<p>&nbsp;<\/p>\n","protected":false},"excerpt":{"rendered":"<p>Me gustas cuando callas porque est\u00e1s como ausente, y me [&hellip;]<\/p>\n","protected":false},"author":1,"featured_media":0,"comment_status":"open","ping_status":"open","sticky":false,"template":"","format":"standard","meta":{"footnotes":""},"categories":[1],"tags":[],"class_list":["post-1623","post","type-post","status-publish","format-standard","hentry","category-uncategorized"],"_links":{"self":[{"href":"https:\/\/biblioteca.iesalmudeyne.es\/index.php?rest_route=\/wp\/v2\/posts\/1623","targetHints":{"allow":["GET"]}}],"collection":[{"href":"https:\/\/biblioteca.iesalmudeyne.es\/index.php?rest_route=\/wp\/v2\/posts"}],"about":[{"href":"https:\/\/biblioteca.iesalmudeyne.es\/index.php?rest_route=\/wp\/v2\/types\/post"}],"author":[{"embeddable":true,"href":"https:\/\/biblioteca.iesalmudeyne.es\/index.php?rest_route=\/wp\/v2\/users\/1"}],"replies":[{"embeddable":true,"href":"https:\/\/biblioteca.iesalmudeyne.es\/index.php?rest_route=%2Fwp%2Fv2%2Fcomments&post=1623"}],"version-history":[{"count":0,"href":"https:\/\/biblioteca.iesalmudeyne.es\/index.php?rest_route=\/wp\/v2\/posts\/1623\/revisions"}],"wp:attachment":[{"href":"https:\/\/biblioteca.iesalmudeyne.es\/index.php?rest_route=%2Fwp%2Fv2%2Fmedia&parent=1623"}],"wp:term":[{"taxonomy":"category","embeddable":true,"href":"https:\/\/biblioteca.iesalmudeyne.es\/index.php?rest_route=%2Fwp%2Fv2%2Fcategories&post=1623"},{"taxonomy":"post_tag","embeddable":true,"href":"https:\/\/biblioteca.iesalmudeyne.es\/index.php?rest_route=%2Fwp%2Fv2%2Ftags&post=1623"}],"curies":[{"name":"wp","href":"https:\/\/api.w.org\/{rel}","templated":true}]}}