{"id":1670,"date":"2019-04-22T19:14:22","date_gmt":"2019-04-22T18:14:22","guid":{"rendered":"http:\/\/biblioteca.iesalmudeyne.es\/?p=1670"},"modified":"2019-04-22T19:14:22","modified_gmt":"2019-04-22T18:14:22","slug":"proyecto-el-globo","status":"publish","type":"post","link":"https:\/\/biblioteca.iesalmudeyne.es\/?p=1670","title":{"rendered":"Proyecto \u00abEL GLOBO\u00bb"},"content":{"rendered":"<p align=\"JUSTIFY\">Os vamos a explicar en estas l\u00edneas en qu\u00e9 ha consistido nuestro proyecto integrado \u201cEl Globo\u00bb.<\/p>\n<p align=\"JUSTIFY\">Nos gustar\u00eda comenzar present\u00e1ndonos, somos Celeste Garc\u00eda, Lidia Alonso y Manuel Amador, alumnos de 2\u00ba ESO C y durante el segundo trimestre hemos combinado todas nuestras asignaturas para acabar construyendo un globo que hemos hecho volar.<\/p>\n<p align=\"JUSTIFY\">Vamos a explicaros paso a paso, c\u00f3mo ha sido el proceso. En lengua hemos elaborado los curriculums para poder elegir a los pilotos de nuestros globos, hemos dise\u00f1ado mensajes a\u00e9reos de buenos sentimientos que colgar\u00edan de cada uno de ellos y tambi\u00e9n le dimos vida al discurso de presentaci\u00f3n del proyecto. En matem\u00e1ticas, hicimos los c\u00e1lculos necesarios para que nuestros globos pudiesen volar y en\u00a0 f\u00edsica y qu\u00edmica, estudiamos las condiciones que deb\u00edan darse para que nuestros globos, finalmente, se elevaran.<\/p>\n<p align=\"JUSTIFY\"><a href=\"http:\/\/biblioteca.iesalmudeyne.es\/wp-content\/uploads\/2019\/04\/IMG_20190402_091339.jpg\"><img decoding=\"async\" class=\"alignleft wp-image-1671 size-large\" src=\"http:\/\/biblioteca.iesalmudeyne.es\/wp-content\/uploads\/2019\/04\/IMG_20190402_091339-768x1024.jpg\" alt=\"\" width=\"652\" height=\"869\" srcset=\"https:\/\/biblioteca.iesalmudeyne.es\/wp-content\/uploads\/2019\/04\/IMG_20190402_091339-200x267.jpg 200w, https:\/\/biblioteca.iesalmudeyne.es\/wp-content\/uploads\/2019\/04\/IMG_20190402_091339-225x300.jpg 225w, https:\/\/biblioteca.iesalmudeyne.es\/wp-content\/uploads\/2019\/04\/IMG_20190402_091339-400x533.jpg 400w, https:\/\/biblioteca.iesalmudeyne.es\/wp-content\/uploads\/2019\/04\/IMG_20190402_091339-600x800.jpg 600w, https:\/\/biblioteca.iesalmudeyne.es\/wp-content\/uploads\/2019\/04\/IMG_20190402_091339-768x1024.jpg 768w, https:\/\/biblioteca.iesalmudeyne.es\/wp-content\/uploads\/2019\/04\/IMG_20190402_091339-800x1067.jpg 800w, https:\/\/biblioteca.iesalmudeyne.es\/wp-content\/uploads\/2019\/04\/IMG_20190402_091339-1152x1536.jpg 1152w, https:\/\/biblioteca.iesalmudeyne.es\/wp-content\/uploads\/2019\/04\/IMG_20190402_091339-1200x1600.jpg 1200w, https:\/\/biblioteca.iesalmudeyne.es\/wp-content\/uploads\/2019\/04\/IMG_20190402_091339-1536x2048.jpg 1536w, https:\/\/biblioteca.iesalmudeyne.es\/wp-content\/uploads\/2019\/04\/IMG_20190402_091339-scaled.jpg 1920w\" sizes=\"(max-width: 652px) 100vw, 652px\" \/><\/a><\/p>\n<p align=\"JUSTIFY\"><a href=\"http:\/\/biblioteca.iesalmudeyne.es\/wp-content\/uploads\/2019\/04\/IMG_20190402_091437.jpg\"><img decoding=\"async\" class=\" wp-image-1672 alignright\" src=\"http:\/\/biblioteca.iesalmudeyne.es\/wp-content\/uploads\/2019\/04\/IMG_20190402_091437-300x225.jpg\" alt=\"\" width=\"398\" height=\"298\" srcset=\"https:\/\/biblioteca.iesalmudeyne.es\/wp-content\/uploads\/2019\/04\/IMG_20190402_091437-200x150.jpg 200w, https:\/\/biblioteca.iesalmudeyne.es\/wp-content\/uploads\/2019\/04\/IMG_20190402_091437-300x225.jpg 300w, https:\/\/biblioteca.iesalmudeyne.es\/wp-content\/uploads\/2019\/04\/IMG_20190402_091437-400x300.jpg 400w, https:\/\/biblioteca.iesalmudeyne.es\/wp-content\/uploads\/2019\/04\/IMG_20190402_091437-600x450.jpg 600w, https:\/\/biblioteca.iesalmudeyne.es\/wp-content\/uploads\/2019\/04\/IMG_20190402_091437-768x576.jpg 768w, https:\/\/biblioteca.iesalmudeyne.es\/wp-content\/uploads\/2019\/04\/IMG_20190402_091437-800x600.jpg 800w, https:\/\/biblioteca.iesalmudeyne.es\/wp-content\/uploads\/2019\/04\/IMG_20190402_091437-1024x768.jpg 1024w, https:\/\/biblioteca.iesalmudeyne.es\/wp-content\/uploads\/2019\/04\/IMG_20190402_091437-1200x900.jpg 1200w, https:\/\/biblioteca.iesalmudeyne.es\/wp-content\/uploads\/2019\/04\/IMG_20190402_091437-1536x1152.jpg 1536w, https:\/\/biblioteca.iesalmudeyne.es\/wp-content\/uploads\/2019\/04\/IMG_20190402_091437-scaled.jpg 2560w\" sizes=\"(max-width: 398px) 100vw, 398px\" \/><\/a><\/p>\n<p align=\"JUSTIFY\">En geograf\u00eda, dise\u00f1amos el itinerario a\u00e9reo de nuestros globos, es decir, establecimos la hoja de ruta de los lugares por d\u00f3nde quer\u00edamos que pasaran y esos lugares han quedado plasmados en distintos murales de ciudades,\u00a0 en los que, tras realizar distintas\u00a0 b\u00fasquedas,\u00a0 hemos ofrecido informaci\u00f3n relevante de cada una de ellas.<\/p>\n<p align=\"JUSTIFY\"><a href=\"http:\/\/biblioteca.iesalmudeyne.es\/wp-content\/uploads\/2019\/04\/IMG_20190402_085916.jpg\"><img decoding=\"async\" class=\"aligncenter size-large wp-image-1675\" src=\"http:\/\/biblioteca.iesalmudeyne.es\/wp-content\/uploads\/2019\/04\/IMG_20190402_085916-1024x532.jpg\" alt=\"\" width=\"652\" height=\"339\" srcset=\"https:\/\/biblioteca.iesalmudeyne.es\/wp-content\/uploads\/2019\/04\/IMG_20190402_085916-200x104.jpg 200w, https:\/\/biblioteca.iesalmudeyne.es\/wp-content\/uploads\/2019\/04\/IMG_20190402_085916-300x156.jpg 300w, https:\/\/biblioteca.iesalmudeyne.es\/wp-content\/uploads\/2019\/04\/IMG_20190402_085916-400x208.jpg 400w, https:\/\/biblioteca.iesalmudeyne.es\/wp-content\/uploads\/2019\/04\/IMG_20190402_085916-600x312.jpg 600w, https:\/\/biblioteca.iesalmudeyne.es\/wp-content\/uploads\/2019\/04\/IMG_20190402_085916-768x399.jpg 768w, https:\/\/biblioteca.iesalmudeyne.es\/wp-content\/uploads\/2019\/04\/IMG_20190402_085916-800x416.jpg 800w, https:\/\/biblioteca.iesalmudeyne.es\/wp-content\/uploads\/2019\/04\/IMG_20190402_085916-1024x532.jpg 1024w, https:\/\/biblioteca.iesalmudeyne.es\/wp-content\/uploads\/2019\/04\/IMG_20190402_085916-1200x624.jpg 1200w, https:\/\/biblioteca.iesalmudeyne.es\/wp-content\/uploads\/2019\/04\/IMG_20190402_085916-1536x798.jpg 1536w, https:\/\/biblioteca.iesalmudeyne.es\/wp-content\/uploads\/2019\/04\/IMG_20190402_085916-scaled.jpg 2560w\" sizes=\"(max-width: 652px) 100vw, 652px\" \/><\/a><\/p>\n<p align=\"JUSTIFY\"><a href=\"http:\/\/biblioteca.iesalmudeyne.es\/wp-content\/uploads\/2019\/04\/IMG_20190402_085852.jpg\"><img decoding=\"async\" class=\"aligncenter size-large wp-image-1676\" src=\"http:\/\/biblioteca.iesalmudeyne.es\/wp-content\/uploads\/2019\/04\/IMG_20190402_085852-1024x768.jpg\" alt=\"\" width=\"652\" height=\"489\" srcset=\"https:\/\/biblioteca.iesalmudeyne.es\/wp-content\/uploads\/2019\/04\/IMG_20190402_085852-200x150.jpg 200w, https:\/\/biblioteca.iesalmudeyne.es\/wp-content\/uploads\/2019\/04\/IMG_20190402_085852-300x225.jpg 300w, https:\/\/biblioteca.iesalmudeyne.es\/wp-content\/uploads\/2019\/04\/IMG_20190402_085852-400x300.jpg 400w, https:\/\/biblioteca.iesalmudeyne.es\/wp-content\/uploads\/2019\/04\/IMG_20190402_085852-600x450.jpg 600w, https:\/\/biblioteca.iesalmudeyne.es\/wp-content\/uploads\/2019\/04\/IMG_20190402_085852-768x576.jpg 768w, https:\/\/biblioteca.iesalmudeyne.es\/wp-content\/uploads\/2019\/04\/IMG_20190402_085852-800x600.jpg 800w, https:\/\/biblioteca.iesalmudeyne.es\/wp-content\/uploads\/2019\/04\/IMG_20190402_085852-1024x768.jpg 1024w, https:\/\/biblioteca.iesalmudeyne.es\/wp-content\/uploads\/2019\/04\/IMG_20190402_085852-1200x900.jpg 1200w, https:\/\/biblioteca.iesalmudeyne.es\/wp-content\/uploads\/2019\/04\/IMG_20190402_085852-1536x1152.jpg 1536w, https:\/\/biblioteca.iesalmudeyne.es\/wp-content\/uploads\/2019\/04\/IMG_20190402_085852-scaled.jpg 2560w\" sizes=\"(max-width: 652px) 100vw, 652px\" \/><\/a><\/p>\n<p align=\"JUSTIFY\"><a href=\"http:\/\/biblioteca.iesalmudeyne.es\/wp-content\/uploads\/2019\/04\/IMG_20190402_091107.jpg\"><img decoding=\"async\" class=\"aligncenter size-full wp-image-1677\" src=\"http:\/\/biblioteca.iesalmudeyne.es\/wp-content\/uploads\/2019\/04\/IMG_20190402_091107.jpg\" alt=\"\" width=\"4160\" height=\"3120\" \/><\/a><\/p>\n<p align=\"JUSTIFY\">A nuestro acto de presentaci\u00f3n, acudieron nuestros compa\u00f1eros de 2\u00ba ESO D, un grupo peque\u00f1o con el que alguno de nosotros damos franc\u00e9s. A ellos, en franc\u00e9s, les hemos elaborado unas invitaciones para que quedasen oficialmente invitados al acto y con los que tambi\u00e9n hemos escrito unas bonitas postales en este idioma.<\/p>\n<p align=\"JUSTIFY\"><a href=\"http:\/\/biblioteca.iesalmudeyne.es\/wp-content\/uploads\/2019\/04\/IMG_20190402_091310.jpg\"><img decoding=\"async\" class=\"aligncenter size-large wp-image-1673\" src=\"http:\/\/biblioteca.iesalmudeyne.es\/wp-content\/uploads\/2019\/04\/IMG_20190402_091310-1024x768.jpg\" alt=\"\" width=\"652\" height=\"489\" srcset=\"https:\/\/biblioteca.iesalmudeyne.es\/wp-content\/uploads\/2019\/04\/IMG_20190402_091310-200x150.jpg 200w, https:\/\/biblioteca.iesalmudeyne.es\/wp-content\/uploads\/2019\/04\/IMG_20190402_091310-300x225.jpg 300w, https:\/\/biblioteca.iesalmudeyne.es\/wp-content\/uploads\/2019\/04\/IMG_20190402_091310-400x300.jpg 400w, https:\/\/biblioteca.iesalmudeyne.es\/wp-content\/uploads\/2019\/04\/IMG_20190402_091310-600x450.jpg 600w, https:\/\/biblioteca.iesalmudeyne.es\/wp-content\/uploads\/2019\/04\/IMG_20190402_091310-768x576.jpg 768w, https:\/\/biblioteca.iesalmudeyne.es\/wp-content\/uploads\/2019\/04\/IMG_20190402_091310-800x600.jpg 800w, https:\/\/biblioteca.iesalmudeyne.es\/wp-content\/uploads\/2019\/04\/IMG_20190402_091310-1024x768.jpg 1024w, https:\/\/biblioteca.iesalmudeyne.es\/wp-content\/uploads\/2019\/04\/IMG_20190402_091310-1200x900.jpg 1200w, https:\/\/biblioteca.iesalmudeyne.es\/wp-content\/uploads\/2019\/04\/IMG_20190402_091310-1536x1152.jpg 1536w, https:\/\/biblioteca.iesalmudeyne.es\/wp-content\/uploads\/2019\/04\/IMG_20190402_091310-scaled.jpg 2560w\" sizes=\"(max-width: 652px) 100vw, 652px\" \/><\/a><\/p>\n<p align=\"JUSTIFY\"><a href=\"http:\/\/biblioteca.iesalmudeyne.es\/wp-content\/uploads\/2019\/04\/IMG_20190402_091302-1.jpg\"><img decoding=\"async\" class=\"aligncenter size-medium wp-image-1678\" src=\"http:\/\/biblioteca.iesalmudeyne.es\/wp-content\/uploads\/2019\/04\/IMG_20190402_091302-1-300x184.jpg\" alt=\"\" width=\"300\" height=\"184\" srcset=\"https:\/\/biblioteca.iesalmudeyne.es\/wp-content\/uploads\/2019\/04\/IMG_20190402_091302-1-200x123.jpg 200w, https:\/\/biblioteca.iesalmudeyne.es\/wp-content\/uploads\/2019\/04\/IMG_20190402_091302-1-300x184.jpg 300w, https:\/\/biblioteca.iesalmudeyne.es\/wp-content\/uploads\/2019\/04\/IMG_20190402_091302-1-400x245.jpg 400w, https:\/\/biblioteca.iesalmudeyne.es\/wp-content\/uploads\/2019\/04\/IMG_20190402_091302-1-600x368.jpg 600w, https:\/\/biblioteca.iesalmudeyne.es\/wp-content\/uploads\/2019\/04\/IMG_20190402_091302-1-768x471.jpg 768w, https:\/\/biblioteca.iesalmudeyne.es\/wp-content\/uploads\/2019\/04\/IMG_20190402_091302-1-800x490.jpg 800w, https:\/\/biblioteca.iesalmudeyne.es\/wp-content\/uploads\/2019\/04\/IMG_20190402_091302-1-1024x628.jpg 1024w, https:\/\/biblioteca.iesalmudeyne.es\/wp-content\/uploads\/2019\/04\/IMG_20190402_091302-1-1200x736.jpg 1200w, https:\/\/biblioteca.iesalmudeyne.es\/wp-content\/uploads\/2019\/04\/IMG_20190402_091302-1-1536x941.jpg 1536w, https:\/\/biblioteca.iesalmudeyne.es\/wp-content\/uploads\/2019\/04\/IMG_20190402_091302-1-scaled.jpg 2560w\" sizes=\"(max-width: 300px) 100vw, 300px\" \/><\/a><\/p>\n<p align=\"JUSTIFY\"><a name=\"_GoBack\"><\/a> En pl\u00e1stica hemos dise\u00f1ado los planos de nuestro globo, planos con los que posteriormente en el aula de tecnolog\u00eda hemos construido los cuatro modelos de globo que finalmente volaron el d\u00eda del acto de presentaci\u00f3n del proyecto.<\/p>\n<p align=\"JUSTIFY\"><a href=\"http:\/\/biblioteca.iesalmudeyne.es\/wp-content\/uploads\/2019\/04\/IMG_20190402_095736_724.jpg\"><img decoding=\"async\" class=\"aligncenter size-full wp-image-1679\" src=\"http:\/\/biblioteca.iesalmudeyne.es\/wp-content\/uploads\/2019\/04\/IMG_20190402_095736_724.jpg\" alt=\"\" width=\"4032\" height=\"3024\" \/><\/a><\/p>\n<p align=\"JUSTIFY\"><a href=\"http:\/\/biblioteca.iesalmudeyne.es\/wp-content\/uploads\/2019\/04\/IMG_20190402_095918_017.jpg\"><img decoding=\"async\" class=\"aligncenter size-full wp-image-1680\" src=\"http:\/\/biblioteca.iesalmudeyne.es\/wp-content\/uploads\/2019\/04\/IMG_20190402_095918_017.jpg\" alt=\"\" width=\"4032\" height=\"3024\" \/><\/a><\/p>\n<p align=\"JUSTIFY\">En educaci\u00f3n f\u00edsica hemos elaborado coreograf\u00edas de acrosport con la m\u00fasica seleccionada en la playlist que hemos elegido y trabajado en la materia de m\u00fasica. Esta playlist tambi\u00e9n estuvo ambientando nuestro discurso y el vuelo de nuestros globos.<\/p>\n<p align=\"JUSTIFY\"><a href=\"http:\/\/biblioteca.iesalmudeyne.es\/wp-content\/uploads\/2019\/04\/IMG_20190402_095933_468.jpg\"><img decoding=\"async\" class=\"aligncenter size-large wp-image-1681\" src=\"http:\/\/biblioteca.iesalmudeyne.es\/wp-content\/uploads\/2019\/04\/IMG_20190402_095933_468-1024x768.jpg\" alt=\"\" width=\"652\" height=\"489\" srcset=\"https:\/\/biblioteca.iesalmudeyne.es\/wp-content\/uploads\/2019\/04\/IMG_20190402_095933_468-200x150.jpg 200w, https:\/\/biblioteca.iesalmudeyne.es\/wp-content\/uploads\/2019\/04\/IMG_20190402_095933_468-300x225.jpg 300w, https:\/\/biblioteca.iesalmudeyne.es\/wp-content\/uploads\/2019\/04\/IMG_20190402_095933_468-400x300.jpg 400w, https:\/\/biblioteca.iesalmudeyne.es\/wp-content\/uploads\/2019\/04\/IMG_20190402_095933_468-600x450.jpg 600w, https:\/\/biblioteca.iesalmudeyne.es\/wp-content\/uploads\/2019\/04\/IMG_20190402_095933_468-768x576.jpg 768w, https:\/\/biblioteca.iesalmudeyne.es\/wp-content\/uploads\/2019\/04\/IMG_20190402_095933_468-800x600.jpg 800w, https:\/\/biblioteca.iesalmudeyne.es\/wp-content\/uploads\/2019\/04\/IMG_20190402_095933_468-1024x768.jpg 1024w, https:\/\/biblioteca.iesalmudeyne.es\/wp-content\/uploads\/2019\/04\/IMG_20190402_095933_468-1200x900.jpg 1200w, https:\/\/biblioteca.iesalmudeyne.es\/wp-content\/uploads\/2019\/04\/IMG_20190402_095933_468-1536x1152.jpg 1536w, https:\/\/biblioteca.iesalmudeyne.es\/wp-content\/uploads\/2019\/04\/IMG_20190402_095933_468-scaled.jpg 2560w\" sizes=\"(max-width: 652px) 100vw, 652px\" \/><\/a><\/p>\n<p align=\"JUSTIFY\">Aunque nos ha costado mucho trabajo, hemos aprendido bastante mejor qu\u00e9 significa trabajar en grupo, el valor de las ideas que todos pueden aportar y la importancia que debe darse a cada una de ellas. El resultado de todo este esfuerzo ha merecido la pena y estamos muy satisfechos con el trabajo realizado.<\/p>\n<p align=\"JUSTIFY\"><a href=\"http:\/\/biblioteca.iesalmudeyne.es\/wp-content\/uploads\/2019\/04\/IMG-20190424-WA0000.jpg\"><img decoding=\"async\" class=\"aligncenter size-large wp-image-1715\" src=\"http:\/\/biblioteca.iesalmudeyne.es\/wp-content\/uploads\/2019\/04\/IMG-20190424-WA0000-1024x768.jpg\" alt=\"\" width=\"652\" height=\"489\" \/><\/a><\/p>\n<h4 style=\"text-align: center;\" align=\"JUSTIFY\"><strong>\u00a1Ha sido una experiencia incre\u00edble!<\/strong><\/h4>\n<p align=\"RIGHT\">Celeste, Lidia y Manuel.<\/p>\n","protected":false},"excerpt":{"rendered":"<p>Os vamos a explicar en estas l\u00edneas en qu\u00e9 ha [&hellip;]<\/p>\n","protected":false},"author":1,"featured_media":0,"comment_status":"open","ping_status":"open","sticky":false,"template":"","format":"standard","meta":{"footnotes":""},"categories":[1],"tags":[],"class_list":["post-1670","post","type-post","status-publish","format-standard","hentry","category-uncategorized"],"_links":{"self":[{"href":"https:\/\/biblioteca.iesalmudeyne.es\/index.php?rest_route=\/wp\/v2\/posts\/1670","targetHints":{"allow":["GET"]}}],"collection":[{"href":"https:\/\/biblioteca.iesalmudeyne.es\/index.php?rest_route=\/wp\/v2\/posts"}],"about":[{"href":"https:\/\/biblioteca.iesalmudeyne.es\/index.php?rest_route=\/wp\/v2\/types\/post"}],"author":[{"embeddable":true,"href":"https:\/\/biblioteca.iesalmudeyne.es\/index.php?rest_route=\/wp\/v2\/users\/1"}],"replies":[{"embeddable":true,"href":"https:\/\/biblioteca.iesalmudeyne.es\/index.php?rest_route=%2Fwp%2Fv2%2Fcomments&post=1670"}],"version-history":[{"count":0,"href":"https:\/\/biblioteca.iesalmudeyne.es\/index.php?rest_route=\/wp\/v2\/posts\/1670\/revisions"}],"wp:attachment":[{"href":"https:\/\/biblioteca.iesalmudeyne.es\/index.php?rest_route=%2Fwp%2Fv2%2Fmedia&parent=1670"}],"wp:term":[{"taxonomy":"category","embeddable":true,"href":"https:\/\/biblioteca.iesalmudeyne.es\/index.php?rest_route=%2Fwp%2Fv2%2Fcategories&post=1670"},{"taxonomy":"post_tag","embeddable":true,"href":"https:\/\/biblioteca.iesalmudeyne.es\/index.php?rest_route=%2Fwp%2Fv2%2Ftags&post=1670"}],"curies":[{"name":"wp","href":"https:\/\/api.w.org\/{rel}","templated":true}]}}