{"id":1724,"date":"2019-05-08T19:20:20","date_gmt":"2019-05-08T18:20:20","guid":{"rendered":"http:\/\/biblioteca.iesalmudeyne.es\/?p=1724"},"modified":"2019-05-08T19:20:20","modified_gmt":"2019-05-08T18:20:20","slug":"con-libros-salvamos-vidas","status":"publish","type":"post","link":"https:\/\/biblioteca.iesalmudeyne.es\/?p=1724","title":{"rendered":"\u00a1Con  libros salvamos vidas!"},"content":{"rendered":"<p><a href=\"http:\/\/biblioteca.iesalmudeyne.es\/wp-content\/uploads\/2019\/05\/IMG_20190501_181114.jpg\"><img decoding=\"async\" class=\"aligncenter size-large wp-image-1725\" src=\"http:\/\/biblioteca.iesalmudeyne.es\/wp-content\/uploads\/2019\/05\/IMG_20190501_181114-1024x550.jpg\" alt=\"\" width=\"652\" height=\"350\" srcset=\"https:\/\/biblioteca.iesalmudeyne.es\/wp-content\/uploads\/2019\/05\/IMG_20190501_181114-200x107.jpg 200w, https:\/\/biblioteca.iesalmudeyne.es\/wp-content\/uploads\/2019\/05\/IMG_20190501_181114-300x161.jpg 300w, https:\/\/biblioteca.iesalmudeyne.es\/wp-content\/uploads\/2019\/05\/IMG_20190501_181114-400x215.jpg 400w, https:\/\/biblioteca.iesalmudeyne.es\/wp-content\/uploads\/2019\/05\/IMG_20190501_181114-600x322.jpg 600w, https:\/\/biblioteca.iesalmudeyne.es\/wp-content\/uploads\/2019\/05\/IMG_20190501_181114-768x412.jpg 768w, https:\/\/biblioteca.iesalmudeyne.es\/wp-content\/uploads\/2019\/05\/IMG_20190501_181114-800x430.jpg 800w, https:\/\/biblioteca.iesalmudeyne.es\/wp-content\/uploads\/2019\/05\/IMG_20190501_181114-1024x550.jpg 1024w, https:\/\/biblioteca.iesalmudeyne.es\/wp-content\/uploads\/2019\/05\/IMG_20190501_181114-1200x644.jpg 1200w, https:\/\/biblioteca.iesalmudeyne.es\/wp-content\/uploads\/2019\/05\/IMG_20190501_181114-1536x825.jpg 1536w, https:\/\/biblioteca.iesalmudeyne.es\/wp-content\/uploads\/2019\/05\/IMG_20190501_181114-scaled.jpg 2560w\" sizes=\"(max-width: 652px) 100vw, 652px\" \/><\/a><\/p>\n<p>Pues s\u00ed, este a\u00f1o la recaudaci\u00f3n de nuestro mercadillo solidario salvara la vida de algunos ni\u00f1os que sufren desnutrici\u00f3n aguda ya que se ha destinado a la ONG M\u00e9dicos sin Fronteras y concretamente al Programa de alimentos. Estos alimentos llamados RUTF (Ready to Use Therapeutic Food) contienen todos los nutrientes que necesitan para salvar su vida.<\/p>\n<p>Si bien es cierto que el tiempo no nos ha ayudado mucho este a\u00f1o, finalmente hemos recaudado un total de 313,65 euros lo que supone muchos libros vendidos.<\/p>\n<p><a href=\"http:\/\/biblioteca.iesalmudeyne.es\/wp-content\/uploads\/2019\/05\/IMG-20190424-WA0013.jpg\"><img decoding=\"async\" class=\"aligncenter size-large wp-image-1727\" src=\"http:\/\/biblioteca.iesalmudeyne.es\/wp-content\/uploads\/2019\/05\/IMG-20190424-WA0013-655x1024.jpg\" alt=\"\" width=\"652\" height=\"1019\" srcset=\"https:\/\/biblioteca.iesalmudeyne.es\/wp-content\/uploads\/2019\/05\/IMG-20190424-WA0013-192x300.jpg 192w, https:\/\/biblioteca.iesalmudeyne.es\/wp-content\/uploads\/2019\/05\/IMG-20190424-WA0013-200x313.jpg 200w, https:\/\/biblioteca.iesalmudeyne.es\/wp-content\/uploads\/2019\/05\/IMG-20190424-WA0013-400x626.jpg 400w, https:\/\/biblioteca.iesalmudeyne.es\/wp-content\/uploads\/2019\/05\/IMG-20190424-WA0013-600x938.jpg 600w, https:\/\/biblioteca.iesalmudeyne.es\/wp-content\/uploads\/2019\/05\/IMG-20190424-WA0013-655x1024.jpg 655w, https:\/\/biblioteca.iesalmudeyne.es\/wp-content\/uploads\/2019\/05\/IMG-20190424-WA0013-768x1201.jpg 768w, https:\/\/biblioteca.iesalmudeyne.es\/wp-content\/uploads\/2019\/05\/IMG-20190424-WA0013-800x1251.jpg 800w, https:\/\/biblioteca.iesalmudeyne.es\/wp-content\/uploads\/2019\/05\/IMG-20190424-WA0013-982x1536.jpg 982w, https:\/\/biblioteca.iesalmudeyne.es\/wp-content\/uploads\/2019\/05\/IMG-20190424-WA0013.jpg 1023w\" sizes=\"(max-width: 652px) 100vw, 652px\" \/><\/a><\/p>\n<p><a href=\"http:\/\/biblioteca.iesalmudeyne.es\/wp-content\/uploads\/2019\/05\/IMG-20190424-WA0008.jpg\"><img decoding=\"async\" class=\"aligncenter size-large wp-image-1730\" src=\"http:\/\/biblioteca.iesalmudeyne.es\/wp-content\/uploads\/2019\/05\/IMG-20190424-WA0008-768x1024.jpg\" alt=\"\" width=\"652\" height=\"869\" srcset=\"https:\/\/biblioteca.iesalmudeyne.es\/wp-content\/uploads\/2019\/05\/IMG-20190424-WA0008-200x267.jpg 200w, https:\/\/biblioteca.iesalmudeyne.es\/wp-content\/uploads\/2019\/05\/IMG-20190424-WA0008-225x300.jpg 225w, https:\/\/biblioteca.iesalmudeyne.es\/wp-content\/uploads\/2019\/05\/IMG-20190424-WA0008-400x533.jpg 400w, https:\/\/biblioteca.iesalmudeyne.es\/wp-content\/uploads\/2019\/05\/IMG-20190424-WA0008-600x800.jpg 600w, https:\/\/biblioteca.iesalmudeyne.es\/wp-content\/uploads\/2019\/05\/IMG-20190424-WA0008-768x1024.jpg 768w, https:\/\/biblioteca.iesalmudeyne.es\/wp-content\/uploads\/2019\/05\/IMG-20190424-WA0008-800x1067.jpg 800w, https:\/\/biblioteca.iesalmudeyne.es\/wp-content\/uploads\/2019\/05\/IMG-20190424-WA0008-1152x1536.jpg 1152w, https:\/\/biblioteca.iesalmudeyne.es\/wp-content\/uploads\/2019\/05\/IMG-20190424-WA0008.jpg 1200w\" sizes=\"(max-width: 652px) 100vw, 652px\" \/><\/a>*<a href=\"http:\/\/biblioteca.iesalmudeyne.es\/wp-content\/uploads\/2019\/05\/IMG-20190424-WA0006.jpg\"><img decoding=\"async\" class=\"aligncenter size-large wp-image-1728\" src=\"http:\/\/biblioteca.iesalmudeyne.es\/wp-content\/uploads\/2019\/05\/IMG-20190424-WA0006-768x1024.jpg\" alt=\"\" width=\"652\" height=\"869\" srcset=\"https:\/\/biblioteca.iesalmudeyne.es\/wp-content\/uploads\/2019\/05\/IMG-20190424-WA0006-200x267.jpg 200w, https:\/\/biblioteca.iesalmudeyne.es\/wp-content\/uploads\/2019\/05\/IMG-20190424-WA0006-225x300.jpg 225w, https:\/\/biblioteca.iesalmudeyne.es\/wp-content\/uploads\/2019\/05\/IMG-20190424-WA0006-400x533.jpg 400w, https:\/\/biblioteca.iesalmudeyne.es\/wp-content\/uploads\/2019\/05\/IMG-20190424-WA0006-600x800.jpg 600w, https:\/\/biblioteca.iesalmudeyne.es\/wp-content\/uploads\/2019\/05\/IMG-20190424-WA0006-768x1024.jpg 768w, https:\/\/biblioteca.iesalmudeyne.es\/wp-content\/uploads\/2019\/05\/IMG-20190424-WA0006-800x1067.jpg 800w, https:\/\/biblioteca.iesalmudeyne.es\/wp-content\/uploads\/2019\/05\/IMG-20190424-WA0006-1152x1536.jpg 1152w, https:\/\/biblioteca.iesalmudeyne.es\/wp-content\/uploads\/2019\/05\/IMG-20190424-WA0006.jpg 1200w\" sizes=\"(max-width: 652px) 100vw, 652px\" \/><\/a><\/p>\n<p>Gracias por vuestra colaboraci\u00f3n y solidaridad, a todos los profesores y alumn@s que han colaborado en el montaje y a todos los que hab\u00e9is puesto vuestro granito de arena para\u00a0 hacer realidad este milagro.<\/p>\n<p><a href=\"http:\/\/biblioteca.iesalmudeyne.es\/wp-content\/uploads\/2019\/05\/002.jpg\"><img decoding=\"async\" class=\"aligncenter size-medium wp-image-1735\" src=\"http:\/\/biblioteca.iesalmudeyne.es\/wp-content\/uploads\/2019\/05\/002-209x300.jpg\" alt=\"\" width=\"209\" height=\"300\" srcset=\"https:\/\/biblioteca.iesalmudeyne.es\/wp-content\/uploads\/2019\/05\/002-200x288.jpg 200w, https:\/\/biblioteca.iesalmudeyne.es\/wp-content\/uploads\/2019\/05\/002-209x300.jpg 209w, https:\/\/biblioteca.iesalmudeyne.es\/wp-content\/uploads\/2019\/05\/002-400x575.jpg 400w, https:\/\/biblioteca.iesalmudeyne.es\/wp-content\/uploads\/2019\/05\/002-600x863.jpg 600w, https:\/\/biblioteca.iesalmudeyne.es\/wp-content\/uploads\/2019\/05\/002-712x1024.jpg 712w, https:\/\/biblioteca.iesalmudeyne.es\/wp-content\/uploads\/2019\/05\/002-768x1104.jpg 768w, https:\/\/biblioteca.iesalmudeyne.es\/wp-content\/uploads\/2019\/05\/002-800x1150.jpg 800w, https:\/\/biblioteca.iesalmudeyne.es\/wp-content\/uploads\/2019\/05\/002-1068x1536.jpg 1068w, https:\/\/biblioteca.iesalmudeyne.es\/wp-content\/uploads\/2019\/05\/002-1200x1726.jpg 1200w, https:\/\/biblioteca.iesalmudeyne.es\/wp-content\/uploads\/2019\/05\/002-1424x2048.jpg 1424w, https:\/\/biblioteca.iesalmudeyne.es\/wp-content\/uploads\/2019\/05\/002.jpg 1753w\" sizes=\"(max-width: 209px) 100vw, 209px\" \/><\/a><\/p>\n<p>&nbsp;<\/p>\n","protected":false},"excerpt":{"rendered":"<p>Pues s\u00ed, este a\u00f1o la recaudaci\u00f3n de nuestro mercadillo solidario [&hellip;]<\/p>\n","protected":false},"author":1,"featured_media":0,"comment_status":"open","ping_status":"open","sticky":false,"template":"","format":"standard","meta":{"footnotes":""},"categories":[1],"tags":[],"class_list":["post-1724","post","type-post","status-publish","format-standard","hentry","category-uncategorized"],"_links":{"self":[{"href":"https:\/\/biblioteca.iesalmudeyne.es\/index.php?rest_route=\/wp\/v2\/posts\/1724","targetHints":{"allow":["GET"]}}],"collection":[{"href":"https:\/\/biblioteca.iesalmudeyne.es\/index.php?rest_route=\/wp\/v2\/posts"}],"about":[{"href":"https:\/\/biblioteca.iesalmudeyne.es\/index.php?rest_route=\/wp\/v2\/types\/post"}],"author":[{"embeddable":true,"href":"https:\/\/biblioteca.iesalmudeyne.es\/index.php?rest_route=\/wp\/v2\/users\/1"}],"replies":[{"embeddable":true,"href":"https:\/\/biblioteca.iesalmudeyne.es\/index.php?rest_route=%2Fwp%2Fv2%2Fcomments&post=1724"}],"version-history":[{"count":0,"href":"https:\/\/biblioteca.iesalmudeyne.es\/index.php?rest_route=\/wp\/v2\/posts\/1724\/revisions"}],"wp:attachment":[{"href":"https:\/\/biblioteca.iesalmudeyne.es\/index.php?rest_route=%2Fwp%2Fv2%2Fmedia&parent=1724"}],"wp:term":[{"taxonomy":"category","embeddable":true,"href":"https:\/\/biblioteca.iesalmudeyne.es\/index.php?rest_route=%2Fwp%2Fv2%2Fcategories&post=1724"},{"taxonomy":"post_tag","embeddable":true,"href":"https:\/\/biblioteca.iesalmudeyne.es\/index.php?rest_route=%2Fwp%2Fv2%2Ftags&post=1724"}],"curies":[{"name":"wp","href":"https:\/\/api.w.org\/{rel}","templated":true}]}}