{"id":1739,"date":"2019-05-12T17:25:22","date_gmt":"2019-05-12T16:25:22","guid":{"rendered":"http:\/\/biblioteca.iesalmudeyne.es\/?p=1739"},"modified":"2019-05-12T17:25:22","modified_gmt":"2019-05-12T16:25:22","slug":"recordad-vi-concurso-de-poesia-y-microrrelato-convocado","status":"publish","type":"post","link":"https:\/\/biblioteca.iesalmudeyne.es\/?p=1739","title":{"rendered":"Recordad: \u00a1VI Concurso de poes\u00eda y microrrelato convocado!"},"content":{"rendered":"<p>Como cada a\u00f1o, desde el Departamento de Lengua castellana y Literatura se ha\u00a0 vuelto a convocar\u00a0<strong>el concurso de Poes\u00eda y Microrrelato dirigido a todo el alumnado de Secundaria y Bachillerato de la provincia<\/strong>. En su VI edici\u00f3n, este certamen premiar\u00e1 con 60 euros y placa conmemorativa los dos mejores poemas (uno por modalidad) y los dos mejores microrrelatos (igualmente uno por modalidad). Las modalidades son los alumnos de los tres primeros cursos de la ESO por un lado y 4\u00ba de ESO, Bachilleratos y Ciclos Formativos por otro.<\/p>\n<p>Si est\u00e1is interesados en participar ten\u00e9is hasta el<strong> pr\u00f3ximo 24 de mayo<\/strong> para entregar vuestros trabajos, seg\u00fan recogen las bases del certamen, es necesario\u00a0 la presentaci\u00f3n an\u00f3nima de las obras con una plica cerrada en la que se detallen los datos del autor o autora. Para el microrrelato se han establecido un m\u00e1ximo de 150 palabras. Para el poema, entre 14 y 30 versos.<\/p>\n<p>Los participantes podr\u00e1n entregar sus obras directamente a cualquiera de los\u00a0 profesores del Departamento de Lengua,\u00a0 o bien a trav\u00e9s de\u00a0 este\u00a0 correo electr\u00f3nico: concursoliterarioalmudeyne@gmail.com.<\/p>\n<p>La entrega de premios se efectuar\u00e1 en la gala de fin de curso que el IES Almudeyne celebra a finales de junio en el Teatro Municipal Pedro P\u00e9rez Fern\u00e1ndez de la localidad. Los premiados, al aceptar las bases, se comprometen a asistir al acto.<\/p>\n<h4 style=\"text-align: center;\">Con lo creativos y geniales que sois os animamos a participar.<\/h4>\n<p><a href=\"http:\/\/biblioteca.iesalmudeyne.es\/wp-content\/uploads\/2019\/05\/BANNER-.jpg\"><img decoding=\"async\" class=\"aligncenter size-full wp-image-1740\" src=\"http:\/\/biblioteca.iesalmudeyne.es\/wp-content\/uploads\/2019\/05\/BANNER-.jpg\" alt=\"\" width=\"515\" height=\"264\" srcset=\"https:\/\/biblioteca.iesalmudeyne.es\/wp-content\/uploads\/2019\/05\/BANNER--200x103.jpg 200w, https:\/\/biblioteca.iesalmudeyne.es\/wp-content\/uploads\/2019\/05\/BANNER--300x154.jpg 300w, https:\/\/biblioteca.iesalmudeyne.es\/wp-content\/uploads\/2019\/05\/BANNER--400x205.jpg 400w, https:\/\/biblioteca.iesalmudeyne.es\/wp-content\/uploads\/2019\/05\/BANNER-.jpg 515w\" sizes=\"(max-width: 515px) 100vw, 515px\" \/><\/a><\/p>\n<p>&nbsp;<\/p>\n","protected":false},"excerpt":{"rendered":"<p>Como cada a\u00f1o, desde el Departamento de Lengua castellana y [&hellip;]<\/p>\n","protected":false},"author":1,"featured_media":0,"comment_status":"open","ping_status":"open","sticky":false,"template":"","format":"standard","meta":{"footnotes":""},"categories":[1],"tags":[],"class_list":["post-1739","post","type-post","status-publish","format-standard","hentry","category-uncategorized"],"_links":{"self":[{"href":"https:\/\/biblioteca.iesalmudeyne.es\/index.php?rest_route=\/wp\/v2\/posts\/1739","targetHints":{"allow":["GET"]}}],"collection":[{"href":"https:\/\/biblioteca.iesalmudeyne.es\/index.php?rest_route=\/wp\/v2\/posts"}],"about":[{"href":"https:\/\/biblioteca.iesalmudeyne.es\/index.php?rest_route=\/wp\/v2\/types\/post"}],"author":[{"embeddable":true,"href":"https:\/\/biblioteca.iesalmudeyne.es\/index.php?rest_route=\/wp\/v2\/users\/1"}],"replies":[{"embeddable":true,"href":"https:\/\/biblioteca.iesalmudeyne.es\/index.php?rest_route=%2Fwp%2Fv2%2Fcomments&post=1739"}],"version-history":[{"count":0,"href":"https:\/\/biblioteca.iesalmudeyne.es\/index.php?rest_route=\/wp\/v2\/posts\/1739\/revisions"}],"wp:attachment":[{"href":"https:\/\/biblioteca.iesalmudeyne.es\/index.php?rest_route=%2Fwp%2Fv2%2Fmedia&parent=1739"}],"wp:term":[{"taxonomy":"category","embeddable":true,"href":"https:\/\/biblioteca.iesalmudeyne.es\/index.php?rest_route=%2Fwp%2Fv2%2Fcategories&post=1739"},{"taxonomy":"post_tag","embeddable":true,"href":"https:\/\/biblioteca.iesalmudeyne.es\/index.php?rest_route=%2Fwp%2Fv2%2Ftags&post=1739"}],"curies":[{"name":"wp","href":"https:\/\/api.w.org\/{rel}","templated":true}]}}