{"id":1790,"date":"2019-05-26T17:51:26","date_gmt":"2019-05-26T16:51:26","guid":{"rendered":"http:\/\/biblioteca.iesalmudeyne.es\/?p=1790"},"modified":"2019-05-26T17:51:26","modified_gmt":"2019-05-26T16:51:26","slug":"buscamos-nuevo-marcapaginas","status":"publish","type":"post","link":"https:\/\/biblioteca.iesalmudeyne.es\/?p=1790","title":{"rendered":"\u00a1Buscamos nuevo marcap\u00e1ginas!"},"content":{"rendered":"<p><a href=\"http:\/\/biblioteca.iesalmudeyne.es\/wp-content\/uploads\/2019\/05\/dia-libro-18.jpg\"><img decoding=\"async\" class=\"aligncenter size-medium wp-image-1793\" src=\"http:\/\/biblioteca.iesalmudeyne.es\/wp-content\/uploads\/2019\/05\/dia-libro-18-300x203.jpg\" alt=\"\" width=\"300\" height=\"203\" srcset=\"https:\/\/biblioteca.iesalmudeyne.es\/wp-content\/uploads\/2019\/05\/dia-libro-18-200x135.jpg 200w, https:\/\/biblioteca.iesalmudeyne.es\/wp-content\/uploads\/2019\/05\/dia-libro-18-300x203.jpg 300w, https:\/\/biblioteca.iesalmudeyne.es\/wp-content\/uploads\/2019\/05\/dia-libro-18-400x270.jpg 400w, https:\/\/biblioteca.iesalmudeyne.es\/wp-content\/uploads\/2019\/05\/dia-libro-18-600x405.jpg 600w, https:\/\/biblioteca.iesalmudeyne.es\/wp-content\/uploads\/2019\/05\/dia-libro-18-768x519.jpg 768w, https:\/\/biblioteca.iesalmudeyne.es\/wp-content\/uploads\/2019\/05\/dia-libro-18.jpg 770w\" sizes=\"(max-width: 300px) 100vw, 300px\" \/><\/a><\/p>\n<p>Queremos renovar nuestro marcap\u00e1ginas de la biblioteca y por eso convocamos este concurso para, entre todos los que present\u00e9is, elegir el m\u00e1s chulo.<\/p>\n<p>Tened en cuenta que la tem\u00e1tica tendr\u00e1 que ver con la lectura, los libros, personajes&#8230;. eso si, en el estilo que m\u00e1s os guste.<\/p>\n<p>S\u00ed es importante que sig\u00e1is las recomendaciones en cuanto a medidas y formato, que incorpor\u00e9is el nombre de Biblideyne, as\u00ed como la direcci\u00f3n web de nuestro blog y que en la parte de atr\u00e1s\u00a0 quede espacio libre donde anotar las fechas de devoluci\u00f3n de los libros en pr\u00e9stamo.<\/p>\n<p>Esperamos que os anim\u00e9is, ya que hoy por hoy nuestro marcap\u00e1ginas es emblema de nuestra biblioteca y muy conocidos por todos.<\/p>\n<p>Os adjunto el cartel de la convocatoria.<\/p>\n<h3 style=\"text-align: center;\"><em><strong>\u00a1 \u00c1nimo y a&#8230;. sorprendernos!<\/strong><\/em><\/h3>\n<div class=\"ead-preview\"><div class=\"ead-document\" style=\"position: relative;padding-top: 90%;\"><div class=\"ead-iframe-wrapper\"><iframe src=\"\/\/docs.google.com\/viewer?url=http%3A%2F%2Fbiblioteca.iesalmudeyne.es%2Fwp-content%2Fuploads%2F2019%2F05%2FCartel-Margap%C3%A1ginas.pdf&amp;embedded=true&amp;hl=en\" title=\"Documento incrustado\" class=\"ead-iframe\" style=\"width: 100%;height: 100%;border: none;position: absolute;left: 0;top: 0;visibility: hidden;\"><\/iframe><\/div>\t\t\t<div class=\"ead-document-loading\" style=\"width:100%;height:100%;position:absolute;left:0;top:0;z-index:10;\">\n\t\t\t\t<div class=\"ead-loading-wrap\">\n\t\t\t\t\t<div class=\"ead-loading-main\">\n\t\t\t\t\t\t<div class=\"ead-loading\">\n\t\t\t\t\t\t\t<img decoding=\"async\" src=\"https:\/\/biblioteca.iesalmudeyne.es\/wp-content\/plugins\/embed-any-document\/images\/loading.svg\" width=\"55\" height=\"55\" alt=\"Cargador\">\n\t\t\t\t\t\t\t<span>Cargando...<\/span>\n\t\t\t\t\t\t<\/div>\n\t\t\t\t\t<\/div>\n\t\t\t\t\t<div class=\"ead-loading-foot\">\n\t\t\t\t\t\t<div class=\"ead-loading-foot-title\">\n\t\t\t\t\t\t\t<img decoding=\"async\" src=\"https:\/\/biblioteca.iesalmudeyne.es\/wp-content\/plugins\/embed-any-document\/images\/EAD-logo.svg\" alt=\"Logotipo de EAD\" width=\"36\" height=\"23\"\/>\n\t\t\t\t\t\t\t<span>\u00bfTarda demasiado?<\/span>\n\t\t\t\t\t\t<\/div>\n\t\t\t\t\t\t<p>\n\t\t\t\t\t\t\t<div class=\"ead-document-btn ead-reload-btn\" role=\"button\">\n\t\t\t\t\t\t\t\t<img decoding=\"async\" src=\"https:\/\/biblioteca.iesalmudeyne.es\/wp-content\/plugins\/embed-any-document\/images\/reload.svg\" alt=\"Recargar\" width=\"12\" height=\"12\"\/> Recargar el documento\t\t\t\t\t\t\t<\/div>\n\t\t\t\t\t\t\t<span>|<\/span>\n\t\t\t\t\t\t\t<a href=\"http:\/\/biblioteca.iesalmudeyne.es\/wp-content\/uploads\/2019\/05\/Cartel-Margap\u00e1ginas.pdf\" class=\"ead-document-btn\" target=\"_blank\">\n\t\t\t\t\t\t\t\t<img decoding=\"async\" src=\"https:\/\/biblioteca.iesalmudeyne.es\/wp-content\/plugins\/embed-any-document\/images\/open.svg\" alt=\"Abrir\" width=\"12\" height=\"12\"\/> Abrir en una nueva pesta\u00f1a\t\t\t\t\t\t\t<\/a>\n\t\t\t\t\t<\/div>\n\t\t\t\t<\/div>\n\t\t\t<\/div>\n\t\t<\/div><p class=\"embed_download\"><a href=\"http:\/\/biblioteca.iesalmudeyne.es\/wp-content\/uploads\/2019\/05\/Cartel-Margap\u00e1ginas.pdf\" download >Descargar [162.00 B] <\/a><\/p><\/div>\n","protected":false},"excerpt":{"rendered":"<p>Queremos renovar nuestro marcap\u00e1ginas de la biblioteca y por eso [&hellip;]<\/p>\n","protected":false},"author":1,"featured_media":0,"comment_status":"open","ping_status":"open","sticky":false,"template":"","format":"standard","meta":{"footnotes":""},"categories":[1],"tags":[],"class_list":["post-1790","post","type-post","status-publish","format-standard","hentry","category-uncategorized"],"_links":{"self":[{"href":"https:\/\/biblioteca.iesalmudeyne.es\/index.php?rest_route=\/wp\/v2\/posts\/1790","targetHints":{"allow":["GET"]}}],"collection":[{"href":"https:\/\/biblioteca.iesalmudeyne.es\/index.php?rest_route=\/wp\/v2\/posts"}],"about":[{"href":"https:\/\/biblioteca.iesalmudeyne.es\/index.php?rest_route=\/wp\/v2\/types\/post"}],"author":[{"embeddable":true,"href":"https:\/\/biblioteca.iesalmudeyne.es\/index.php?rest_route=\/wp\/v2\/users\/1"}],"replies":[{"embeddable":true,"href":"https:\/\/biblioteca.iesalmudeyne.es\/index.php?rest_route=%2Fwp%2Fv2%2Fcomments&post=1790"}],"version-history":[{"count":0,"href":"https:\/\/biblioteca.iesalmudeyne.es\/index.php?rest_route=\/wp\/v2\/posts\/1790\/revisions"}],"wp:attachment":[{"href":"https:\/\/biblioteca.iesalmudeyne.es\/index.php?rest_route=%2Fwp%2Fv2%2Fmedia&parent=1790"}],"wp:term":[{"taxonomy":"category","embeddable":true,"href":"https:\/\/biblioteca.iesalmudeyne.es\/index.php?rest_route=%2Fwp%2Fv2%2Fcategories&post=1790"},{"taxonomy":"post_tag","embeddable":true,"href":"https:\/\/biblioteca.iesalmudeyne.es\/index.php?rest_route=%2Fwp%2Fv2%2Ftags&post=1790"}],"curies":[{"name":"wp","href":"https:\/\/api.w.org\/{rel}","templated":true}]}}