{"id":1813,"date":"2019-06-04T20:57:55","date_gmt":"2019-06-04T19:57:55","guid":{"rendered":"http:\/\/biblioteca.iesalmudeyne.es\/?p=1813"},"modified":"2019-06-04T20:57:55","modified_gmt":"2019-06-04T19:57:55","slug":"poesia-y-color","status":"publish","type":"post","link":"https:\/\/biblioteca.iesalmudeyne.es\/?p=1813","title":{"rendered":"Poes\u00eda y Color"},"content":{"rendered":"<p align=\"JUSTIFY\">Este trabajo lo hemos hecho, conjuntamente, en las asignaturas de Lengua y Pl\u00e1stica y han participado los cinco primeros de ESO del IES Almudeyne, bajo la coordinaci\u00f3n del profesor de pl\u00e1stica y dibujo Arturo Neyra y las profesoras del departamento de Lengua Castellana y Literatura: Mar\u00eda, Mercedes, Saray y Ana.<\/p>\n<p align=\"JUSTIFY\"><a href=\"http:\/\/biblioteca.iesalmudeyne.es\/wp-content\/uploads\/2019\/06\/3.jpg\"><img decoding=\"async\" class=\"aligncenter size-large wp-image-1816\" src=\"http:\/\/biblioteca.iesalmudeyne.es\/wp-content\/uploads\/2019\/06\/3-1024x336.jpg\" alt=\"\" width=\"652\" height=\"214\" srcset=\"https:\/\/biblioteca.iesalmudeyne.es\/wp-content\/uploads\/2019\/06\/3-200x66.jpg 200w, https:\/\/biblioteca.iesalmudeyne.es\/wp-content\/uploads\/2019\/06\/3-300x99.jpg 300w, https:\/\/biblioteca.iesalmudeyne.es\/wp-content\/uploads\/2019\/06\/3-400x131.jpg 400w, https:\/\/biblioteca.iesalmudeyne.es\/wp-content\/uploads\/2019\/06\/3-600x197.jpg 600w, https:\/\/biblioteca.iesalmudeyne.es\/wp-content\/uploads\/2019\/06\/3-768x252.jpg 768w, https:\/\/biblioteca.iesalmudeyne.es\/wp-content\/uploads\/2019\/06\/3-800x263.jpg 800w, https:\/\/biblioteca.iesalmudeyne.es\/wp-content\/uploads\/2019\/06\/3-1024x336.jpg 1024w, https:\/\/biblioteca.iesalmudeyne.es\/wp-content\/uploads\/2019\/06\/3-1200x394.jpg 1200w, https:\/\/biblioteca.iesalmudeyne.es\/wp-content\/uploads\/2019\/06\/3-1536x505.jpg 1536w, https:\/\/biblioteca.iesalmudeyne.es\/wp-content\/uploads\/2019\/06\/3-scaled.jpg 2560w\" sizes=\"(max-width: 652px) 100vw, 652px\" \/><\/a><\/p>\n<p align=\"JUSTIFY\">En lengua, analizamos diez poemas breves de autores muy conocidos (Juan Ram\u00f3n Jim\u00e9nez, Gloria Fuertes, Miguel Hern\u00e1ndez, Rafael Alberti y Gustavo Adolfo B\u00e9cquer), explicando su idea principal, las figuras literarias que aparec\u00edan en cada poema y las impresiones y sensaciones que nos provocaba su lectura. Nos centramos en estos sentimientos para elegir, de los diez poemas, nuestro favorito. Escribimos una carta al autor de ese poema favorito, explic\u00e1ndole la impresi\u00f3n y el sentimiento que hab\u00eda despertado en nosotros. Yo eleg\u00ed el poema de B\u00e9cquer \u201cTu aliento es el aliento de las flores\u2026\u201d, porque expresa un amor apasionado, ilusionado, esperanzado\u2026, para vencer el dolor. En Pl\u00e1stica, hemos hecho un cuadro abstracto, a partir del poema elegido, donde hemos reflejado con colores y formas los diferentes sentimientos que nos han producido.<\/p>\n<p align=\"JUSTIFY\"><a href=\"http:\/\/biblioteca.iesalmudeyne.es\/wp-content\/uploads\/2019\/06\/IMG-20190529-WA0000.jpg\"><img decoding=\"async\" class=\"aligncenter size-full wp-image-1817\" src=\"http:\/\/biblioteca.iesalmudeyne.es\/wp-content\/uploads\/2019\/06\/IMG-20190529-WA0000.jpg\" alt=\"\" width=\"1600\" height=\"900\" srcset=\"https:\/\/biblioteca.iesalmudeyne.es\/wp-content\/uploads\/2019\/06\/IMG-20190529-WA0000-200x113.jpg 200w, https:\/\/biblioteca.iesalmudeyne.es\/wp-content\/uploads\/2019\/06\/IMG-20190529-WA0000-300x169.jpg 300w, https:\/\/biblioteca.iesalmudeyne.es\/wp-content\/uploads\/2019\/06\/IMG-20190529-WA0000-400x225.jpg 400w, https:\/\/biblioteca.iesalmudeyne.es\/wp-content\/uploads\/2019\/06\/IMG-20190529-WA0000-600x338.jpg 600w, https:\/\/biblioteca.iesalmudeyne.es\/wp-content\/uploads\/2019\/06\/IMG-20190529-WA0000-768x432.jpg 768w, https:\/\/biblioteca.iesalmudeyne.es\/wp-content\/uploads\/2019\/06\/IMG-20190529-WA0000-800x450.jpg 800w, https:\/\/biblioteca.iesalmudeyne.es\/wp-content\/uploads\/2019\/06\/IMG-20190529-WA0000-1024x576.jpg 1024w, https:\/\/biblioteca.iesalmudeyne.es\/wp-content\/uploads\/2019\/06\/IMG-20190529-WA0000-1200x675.jpg 1200w, https:\/\/biblioteca.iesalmudeyne.es\/wp-content\/uploads\/2019\/06\/IMG-20190529-WA0000-1536x864.jpg 1536w, https:\/\/biblioteca.iesalmudeyne.es\/wp-content\/uploads\/2019\/06\/IMG-20190529-WA0000.jpg 1600w\" sizes=\"(max-width: 1600px) 100vw, 1600px\" \/><\/a><\/p>\n<p align=\"JUSTIFY\">Todos los trabajos entregados han sido expuestos. Hemos pretendido algo dif\u00edcil: dar color y forma a esos sentimientos que nos han despertado las palabras de tan ilustres poetas y\u2026 \u00a1Lo hemos conseguido!<\/p>\n<p><a href=\"http:\/\/biblioteca.iesalmudeyne.es\/wp-content\/uploads\/2019\/06\/2.jpg\"><img decoding=\"async\" class=\"alignleft  wp-image-1815\" src=\"http:\/\/biblioteca.iesalmudeyne.es\/wp-content\/uploads\/2019\/06\/2-150x300.jpg\" alt=\"\" width=\"216\" height=\"432\" srcset=\"https:\/\/biblioteca.iesalmudeyne.es\/wp-content\/uploads\/2019\/06\/2-150x300.jpg 150w, https:\/\/biblioteca.iesalmudeyne.es\/wp-content\/uploads\/2019\/06\/2-200x399.jpg 200w, https:\/\/biblioteca.iesalmudeyne.es\/wp-content\/uploads\/2019\/06\/2-400x798.jpg 400w, https:\/\/biblioteca.iesalmudeyne.es\/wp-content\/uploads\/2019\/06\/2-600x1196.jpg 600w, https:\/\/biblioteca.iesalmudeyne.es\/wp-content\/uploads\/2019\/06\/2-768x1531.jpg 768w, https:\/\/biblioteca.iesalmudeyne.es\/wp-content\/uploads\/2019\/06\/2-770x1536.jpg 770w, https:\/\/biblioteca.iesalmudeyne.es\/wp-content\/uploads\/2019\/06\/2-800x1595.jpg 800w, https:\/\/biblioteca.iesalmudeyne.es\/wp-content\/uploads\/2019\/06\/2-1027x2048.jpg 1027w, https:\/\/biblioteca.iesalmudeyne.es\/wp-content\/uploads\/2019\/06\/2-1200x2393.jpg 1200w, https:\/\/biblioteca.iesalmudeyne.es\/wp-content\/uploads\/2019\/06\/2-scaled.jpg 1284w\" sizes=\"(max-width: 216px) 100vw, 216px\" \/><\/a><\/p>\n<p><a href=\"http:\/\/biblioteca.iesalmudeyne.es\/wp-content\/uploads\/2019\/06\/4.jpg\"><img decoding=\"async\" class=\"wp-image-1818 alignnone\" src=\"http:\/\/biblioteca.iesalmudeyne.es\/wp-content\/uploads\/2019\/06\/4-213x300.jpg\" alt=\"\" width=\"275\" height=\"387\" srcset=\"https:\/\/biblioteca.iesalmudeyne.es\/wp-content\/uploads\/2019\/06\/4-200x282.jpg 200w, https:\/\/biblioteca.iesalmudeyne.es\/wp-content\/uploads\/2019\/06\/4-213x300.jpg 213w, https:\/\/biblioteca.iesalmudeyne.es\/wp-content\/uploads\/2019\/06\/4-400x564.jpg 400w, https:\/\/biblioteca.iesalmudeyne.es\/wp-content\/uploads\/2019\/06\/4-600x845.jpg 600w, https:\/\/biblioteca.iesalmudeyne.es\/wp-content\/uploads\/2019\/06\/4-727x1024.jpg 727w, https:\/\/biblioteca.iesalmudeyne.es\/wp-content\/uploads\/2019\/06\/4-768x1082.jpg 768w, https:\/\/biblioteca.iesalmudeyne.es\/wp-content\/uploads\/2019\/06\/4-800x1127.jpg 800w, https:\/\/biblioteca.iesalmudeyne.es\/wp-content\/uploads\/2019\/06\/4.jpg 861w\" sizes=\"(max-width: 275px) 100vw, 275px\" \/><\/a><\/p>\n<p align=\"JUSTIFY\">\n<p align=\"JUSTIFY\">\n<h5 align=\"JUSTIFY\"><em><strong>\u00a0 Cr\u00f3nica enviada por Rosa Moreno Ruiz, 1\u00baESO-B<\/strong><\/em><\/h5>\n","protected":false},"excerpt":{"rendered":"<p>Este trabajo lo hemos hecho, conjuntamente, en las asignaturas de [&hellip;]<\/p>\n","protected":false},"author":1,"featured_media":0,"comment_status":"open","ping_status":"open","sticky":false,"template":"","format":"standard","meta":{"footnotes":""},"categories":[1],"tags":[],"class_list":["post-1813","post","type-post","status-publish","format-standard","hentry","category-uncategorized"],"_links":{"self":[{"href":"https:\/\/biblioteca.iesalmudeyne.es\/index.php?rest_route=\/wp\/v2\/posts\/1813","targetHints":{"allow":["GET"]}}],"collection":[{"href":"https:\/\/biblioteca.iesalmudeyne.es\/index.php?rest_route=\/wp\/v2\/posts"}],"about":[{"href":"https:\/\/biblioteca.iesalmudeyne.es\/index.php?rest_route=\/wp\/v2\/types\/post"}],"author":[{"embeddable":true,"href":"https:\/\/biblioteca.iesalmudeyne.es\/index.php?rest_route=\/wp\/v2\/users\/1"}],"replies":[{"embeddable":true,"href":"https:\/\/biblioteca.iesalmudeyne.es\/index.php?rest_route=%2Fwp%2Fv2%2Fcomments&post=1813"}],"version-history":[{"count":0,"href":"https:\/\/biblioteca.iesalmudeyne.es\/index.php?rest_route=\/wp\/v2\/posts\/1813\/revisions"}],"wp:attachment":[{"href":"https:\/\/biblioteca.iesalmudeyne.es\/index.php?rest_route=%2Fwp%2Fv2%2Fmedia&parent=1813"}],"wp:term":[{"taxonomy":"category","embeddable":true,"href":"https:\/\/biblioteca.iesalmudeyne.es\/index.php?rest_route=%2Fwp%2Fv2%2Fcategories&post=1813"},{"taxonomy":"post_tag","embeddable":true,"href":"https:\/\/biblioteca.iesalmudeyne.es\/index.php?rest_route=%2Fwp%2Fv2%2Ftags&post=1813"}],"curies":[{"name":"wp","href":"https:\/\/api.w.org\/{rel}","templated":true}]}}