{"id":1822,"date":"2019-06-17T20:35:40","date_gmt":"2019-06-17T19:35:40","guid":{"rendered":"http:\/\/biblioteca.iesalmudeyne.es\/?p=1822"},"modified":"2019-06-17T20:35:40","modified_gmt":"2019-06-17T19:35:40","slug":"ya-tenemos-ganadores-2","status":"publish","type":"post","link":"https:\/\/biblioteca.iesalmudeyne.es\/?p=1822","title":{"rendered":"\u00a1Ya tenemos GANADORES!"},"content":{"rendered":"<p>El d\u00eda 14 se reuni\u00f3 el Departamento de Lengua Castellana de nuestro Centro para adjudicar los distintos premios que se otorgan con motivo del Concurso de Microrrelatos y poes\u00eda, as\u00ed que ya tenemos a los ganadores y lo m\u00e1s importante sus obras. \u00a1Qu\u00e9 ganas tengo de leerlas! En cuanto se hagan p\u00fablicas os las traigo.<\/p>\n<p>Aqu\u00ed os dejo el Acta oficial con las distintas categor\u00edas y los nombres de los alumnos premiados.<\/p>\n<div class=\"ead-preview\"><div class=\"ead-document\" style=\"position: relative;padding-top: 90%;\"><div class=\"ead-iframe-wrapper\"><iframe src=\"\/\/docs.google.com\/viewer?url=http%3A%2F%2Fbiblioteca.iesalmudeyne.es%2Fwp-content%2Fuploads%2F2019%2F06%2Fpremiosppoesia.pdf&amp;embedded=true&amp;hl=en\" title=\"Documento incrustado\" class=\"ead-iframe\" style=\"width: 100%;height: 100%;border: none;position: absolute;left: 0;top: 0;visibility: hidden;\"><\/iframe><\/div>\t\t\t<div class=\"ead-document-loading\" style=\"width:100%;height:100%;position:absolute;left:0;top:0;z-index:10;\">\n\t\t\t\t<div class=\"ead-loading-wrap\">\n\t\t\t\t\t<div class=\"ead-loading-main\">\n\t\t\t\t\t\t<div class=\"ead-loading\">\n\t\t\t\t\t\t\t<img decoding=\"async\" src=\"https:\/\/biblioteca.iesalmudeyne.es\/wp-content\/plugins\/embed-any-document\/images\/loading.svg\" width=\"55\" height=\"55\" alt=\"Cargador\">\n\t\t\t\t\t\t\t<span>Cargando...<\/span>\n\t\t\t\t\t\t<\/div>\n\t\t\t\t\t<\/div>\n\t\t\t\t\t<div class=\"ead-loading-foot\">\n\t\t\t\t\t\t<div class=\"ead-loading-foot-title\">\n\t\t\t\t\t\t\t<img decoding=\"async\" src=\"https:\/\/biblioteca.iesalmudeyne.es\/wp-content\/plugins\/embed-any-document\/images\/EAD-logo.svg\" alt=\"Logotipo de EAD\" width=\"36\" height=\"23\"\/>\n\t\t\t\t\t\t\t<span>\u00bfTarda demasiado?<\/span>\n\t\t\t\t\t\t<\/div>\n\t\t\t\t\t\t<p>\n\t\t\t\t\t\t\t<div class=\"ead-document-btn ead-reload-btn\" role=\"button\">\n\t\t\t\t\t\t\t\t<img decoding=\"async\" src=\"https:\/\/biblioteca.iesalmudeyne.es\/wp-content\/plugins\/embed-any-document\/images\/reload.svg\" alt=\"Recargar\" width=\"12\" height=\"12\"\/> Recargar el documento\t\t\t\t\t\t\t<\/div>\n\t\t\t\t\t\t\t<span>|<\/span>\n\t\t\t\t\t\t\t<a href=\"http:\/\/biblioteca.iesalmudeyne.es\/wp-content\/uploads\/2019\/06\/premiosppoesia.pdf\" class=\"ead-document-btn\" target=\"_blank\">\n\t\t\t\t\t\t\t\t<img decoding=\"async\" src=\"https:\/\/biblioteca.iesalmudeyne.es\/wp-content\/plugins\/embed-any-document\/images\/open.svg\" alt=\"Abrir\" width=\"12\" height=\"12\"\/> Abrir en una nueva pesta\u00f1a\t\t\t\t\t\t\t<\/a>\n\t\t\t\t\t<\/div>\n\t\t\t\t<\/div>\n\t\t\t<\/div>\n\t\t<\/div><p class=\"embed_download\"><a href=\"http:\/\/biblioteca.iesalmudeyne.es\/wp-content\/uploads\/2019\/06\/premiosppoesia.pdf\" download >Descargar [162.00 B] <\/a><\/p><\/div>\n<p>&nbsp;<\/p>\n<p>&nbsp;<\/p>\n","protected":false},"excerpt":{"rendered":"<p>El d\u00eda 14 se reuni\u00f3 el Departamento de Lengua Castellana [&hellip;]<\/p>\n","protected":false},"author":1,"featured_media":0,"comment_status":"open","ping_status":"open","sticky":false,"template":"","format":"standard","meta":{"footnotes":""},"categories":[1],"tags":[],"class_list":["post-1822","post","type-post","status-publish","format-standard","hentry","category-uncategorized"],"_links":{"self":[{"href":"https:\/\/biblioteca.iesalmudeyne.es\/index.php?rest_route=\/wp\/v2\/posts\/1822","targetHints":{"allow":["GET"]}}],"collection":[{"href":"https:\/\/biblioteca.iesalmudeyne.es\/index.php?rest_route=\/wp\/v2\/posts"}],"about":[{"href":"https:\/\/biblioteca.iesalmudeyne.es\/index.php?rest_route=\/wp\/v2\/types\/post"}],"author":[{"embeddable":true,"href":"https:\/\/biblioteca.iesalmudeyne.es\/index.php?rest_route=\/wp\/v2\/users\/1"}],"replies":[{"embeddable":true,"href":"https:\/\/biblioteca.iesalmudeyne.es\/index.php?rest_route=%2Fwp%2Fv2%2Fcomments&post=1822"}],"version-history":[{"count":0,"href":"https:\/\/biblioteca.iesalmudeyne.es\/index.php?rest_route=\/wp\/v2\/posts\/1822\/revisions"}],"wp:attachment":[{"href":"https:\/\/biblioteca.iesalmudeyne.es\/index.php?rest_route=%2Fwp%2Fv2%2Fmedia&parent=1822"}],"wp:term":[{"taxonomy":"category","embeddable":true,"href":"https:\/\/biblioteca.iesalmudeyne.es\/index.php?rest_route=%2Fwp%2Fv2%2Fcategories&post=1822"},{"taxonomy":"post_tag","embeddable":true,"href":"https:\/\/biblioteca.iesalmudeyne.es\/index.php?rest_route=%2Fwp%2Fv2%2Ftags&post=1822"}],"curies":[{"name":"wp","href":"https:\/\/api.w.org\/{rel}","templated":true}]}}