{"id":1830,"date":"2019-06-20T08:30:02","date_gmt":"2019-06-20T07:30:02","guid":{"rendered":"http:\/\/biblioteca.iesalmudeyne.es\/?p=1830"},"modified":"2019-06-20T08:30:02","modified_gmt":"2019-06-20T07:30:02","slug":"nuevos-marcapaginas-para-la-biblioteca","status":"publish","type":"post","link":"https:\/\/biblioteca.iesalmudeyne.es\/?p=1830","title":{"rendered":"Nuevos Marcap\u00e1ginas para la Biblioteca"},"content":{"rendered":"<p>Como una de las \u00faltimas actividades del curso de nuestra biblioteca, se nos ocurri\u00f3 hacer un concurso de marcap\u00e1ginas abierto a todos los alumnos del centro.<\/p>\n<p>Las bases eran claras (un rect\u00e1ngulo de 10cm x 15cm dividido en dos partes en el que apareciera la direcci\u00f3n de nuestro blog y la palabra BIBLIDEYNE) y la premisa mayor era una: tener ganas de que tu dise\u00f1o libre se convirtiera en el oficial del centro durante el curso siguiente.<\/p>\n<p>Por supuesto se trataba de algo voluntario, pero aun as\u00ed nuestros alumnos no dudaron en participar y realizar creaciones de lo m\u00e1s originales.<\/p>\n<p>Cuando finaliz\u00f3 el plazo del concurso, el jurado decidi\u00f3 escoger a los cinco mejores marcap\u00e1ginas, siendo estos los cinco finalistas:<\/p>\n<h4 style=\"text-align: center;\"><strong>&#8211; Adriana Arriaza Sojo, de 1\u00ba ESO C.<\/strong><\/h4>\n<p><a href=\"http:\/\/biblioteca.iesalmudeyne.es\/wp-content\/uploads\/2019\/06\/marca4.png\"><img decoding=\"async\" class=\"aligncenter size-full wp-image-1834\" src=\"http:\/\/biblioteca.iesalmudeyne.es\/wp-content\/uploads\/2019\/06\/marca4.png\" alt=\"\" width=\"423\" height=\"635\" srcset=\"https:\/\/biblioteca.iesalmudeyne.es\/wp-content\/uploads\/2019\/06\/marca4-200x300.png 200w, https:\/\/biblioteca.iesalmudeyne.es\/wp-content\/uploads\/2019\/06\/marca4-400x600.png 400w, https:\/\/biblioteca.iesalmudeyne.es\/wp-content\/uploads\/2019\/06\/marca4.png 423w\" sizes=\"(max-width: 423px) 100vw, 423px\" \/><\/a><\/p>\n<h4 style=\"text-align: center;\"><strong>&#8211; Angelina Rodr\u00edguez, de 1\u00ba ESO E.<\/strong><\/h4>\n<p><a href=\"http:\/\/biblioteca.iesalmudeyne.es\/wp-content\/uploads\/2019\/06\/marca3.png\"><img decoding=\"async\" class=\"aligncenter size-full wp-image-1833\" src=\"http:\/\/biblioteca.iesalmudeyne.es\/wp-content\/uploads\/2019\/06\/marca3.png\" alt=\"\" width=\"419\" height=\"642\" srcset=\"https:\/\/biblioteca.iesalmudeyne.es\/wp-content\/uploads\/2019\/06\/marca3-196x300.png 196w, https:\/\/biblioteca.iesalmudeyne.es\/wp-content\/uploads\/2019\/06\/marca3-200x306.png 200w, https:\/\/biblioteca.iesalmudeyne.es\/wp-content\/uploads\/2019\/06\/marca3-400x613.png 400w, https:\/\/biblioteca.iesalmudeyne.es\/wp-content\/uploads\/2019\/06\/marca3.png 419w\" sizes=\"(max-width: 419px) 100vw, 419px\" \/><\/a><\/p>\n<h4 style=\"text-align: center;\"><strong>&#8211; Ismael B\u00e1ez Nieto, de 1\u00ba ESO E.<\/strong><\/h4>\n<p><a href=\"http:\/\/biblioteca.iesalmudeyne.es\/wp-content\/uploads\/2019\/06\/ismael.png\"><img decoding=\"async\" class=\"aligncenter size-full wp-image-1832\" src=\"http:\/\/biblioteca.iesalmudeyne.es\/wp-content\/uploads\/2019\/06\/ismael.png\" alt=\"\" width=\"489\" height=\"661\" srcset=\"https:\/\/biblioteca.iesalmudeyne.es\/wp-content\/uploads\/2019\/06\/ismael-200x270.png 200w, https:\/\/biblioteca.iesalmudeyne.es\/wp-content\/uploads\/2019\/06\/ismael-222x300.png 222w, https:\/\/biblioteca.iesalmudeyne.es\/wp-content\/uploads\/2019\/06\/ismael-400x541.png 400w, https:\/\/biblioteca.iesalmudeyne.es\/wp-content\/uploads\/2019\/06\/ismael.png 489w\" sizes=\"(max-width: 489px) 100vw, 489px\" \/><\/a><\/p>\n<h4 style=\"text-align: center;\"><strong>&#8211; Manuela Vera Ayala, de 1\u00ba ESO C.<\/strong><\/h4>\n<p><a href=\"http:\/\/biblioteca.iesalmudeyne.es\/wp-content\/uploads\/2019\/06\/ganador.png\"><img decoding=\"async\" class=\"aligncenter size-full wp-image-1831\" src=\"http:\/\/biblioteca.iesalmudeyne.es\/wp-content\/uploads\/2019\/06\/ganador.png\" alt=\"\" width=\"451\" height=\"643\" srcset=\"https:\/\/biblioteca.iesalmudeyne.es\/wp-content\/uploads\/2019\/06\/ganador-200x285.png 200w, https:\/\/biblioteca.iesalmudeyne.es\/wp-content\/uploads\/2019\/06\/ganador-210x300.png 210w, https:\/\/biblioteca.iesalmudeyne.es\/wp-content\/uploads\/2019\/06\/ganador-400x570.png 400w, https:\/\/biblioteca.iesalmudeyne.es\/wp-content\/uploads\/2019\/06\/ganador.png 451w\" sizes=\"(max-width: 451px) 100vw, 451px\" \/><\/a><\/p>\n<h4 style=\"text-align: center;\"><strong>Finalmente, la ganadora fue Manuela Vera Ayala, por lo que su dise\u00f1o formar\u00e1 parte de BIBLIDEYNE durante el pr\u00f3ximo curso 2019-2020.<\/strong><\/h4>\n<h3 style=\"text-align: center;\"><strong><span style=\"color: #0000ff;\">\u00a1Enhorabuena!<\/span><\/strong><\/h3>\n","protected":false},"excerpt":{"rendered":"<p>Como una de las \u00faltimas actividades del curso de nuestra [&hellip;]<\/p>\n","protected":false},"author":1,"featured_media":0,"comment_status":"open","ping_status":"open","sticky":false,"template":"","format":"standard","meta":{"footnotes":""},"categories":[1],"tags":[],"class_list":["post-1830","post","type-post","status-publish","format-standard","hentry","category-uncategorized"],"_links":{"self":[{"href":"https:\/\/biblioteca.iesalmudeyne.es\/index.php?rest_route=\/wp\/v2\/posts\/1830","targetHints":{"allow":["GET"]}}],"collection":[{"href":"https:\/\/biblioteca.iesalmudeyne.es\/index.php?rest_route=\/wp\/v2\/posts"}],"about":[{"href":"https:\/\/biblioteca.iesalmudeyne.es\/index.php?rest_route=\/wp\/v2\/types\/post"}],"author":[{"embeddable":true,"href":"https:\/\/biblioteca.iesalmudeyne.es\/index.php?rest_route=\/wp\/v2\/users\/1"}],"replies":[{"embeddable":true,"href":"https:\/\/biblioteca.iesalmudeyne.es\/index.php?rest_route=%2Fwp%2Fv2%2Fcomments&post=1830"}],"version-history":[{"count":0,"href":"https:\/\/biblioteca.iesalmudeyne.es\/index.php?rest_route=\/wp\/v2\/posts\/1830\/revisions"}],"wp:attachment":[{"href":"https:\/\/biblioteca.iesalmudeyne.es\/index.php?rest_route=%2Fwp%2Fv2%2Fmedia&parent=1830"}],"wp:term":[{"taxonomy":"category","embeddable":true,"href":"https:\/\/biblioteca.iesalmudeyne.es\/index.php?rest_route=%2Fwp%2Fv2%2Fcategories&post=1830"},{"taxonomy":"post_tag","embeddable":true,"href":"https:\/\/biblioteca.iesalmudeyne.es\/index.php?rest_route=%2Fwp%2Fv2%2Ftags&post=1830"}],"curies":[{"name":"wp","href":"https:\/\/api.w.org\/{rel}","templated":true}]}}