{"id":1873,"date":"2019-10-19T18:09:54","date_gmt":"2019-10-19T17:09:54","guid":{"rendered":"http:\/\/biblioteca.iesalmudeyne.es\/?p=1873"},"modified":"2019-10-19T18:09:54","modified_gmt":"2019-10-19T17:09:54","slug":"arrancamos-un-nuevo-curso","status":"publish","type":"post","link":"https:\/\/biblioteca.iesalmudeyne.es\/?p=1873","title":{"rendered":"\u00a1\u00a1\u00a1Arrancamos un nuevo curso!!!"},"content":{"rendered":"<p><a href=\"http:\/\/biblioteca.iesalmudeyne.es\/wp-content\/uploads\/2019\/10\/defectos-de-iluminacion-motocicletas-lumileds-philips-1.jpg\"><img decoding=\"async\" class=\"aligncenter wp-image-1878 size-full\" src=\"http:\/\/biblioteca.iesalmudeyne.es\/wp-content\/uploads\/2019\/10\/defectos-de-iluminacion-motocicletas-lumileds-philips-1.jpg\" alt=\"\" width=\"646\" height=\"363\" srcset=\"https:\/\/biblioteca.iesalmudeyne.es\/wp-content\/uploads\/2019\/10\/defectos-de-iluminacion-motocicletas-lumileds-philips-1-200x112.jpg 200w, https:\/\/biblioteca.iesalmudeyne.es\/wp-content\/uploads\/2019\/10\/defectos-de-iluminacion-motocicletas-lumileds-philips-1-300x169.jpg 300w, https:\/\/biblioteca.iesalmudeyne.es\/wp-content\/uploads\/2019\/10\/defectos-de-iluminacion-motocicletas-lumileds-philips-1-400x225.jpg 400w, https:\/\/biblioteca.iesalmudeyne.es\/wp-content\/uploads\/2019\/10\/defectos-de-iluminacion-motocicletas-lumileds-philips-1-600x337.jpg 600w, https:\/\/biblioteca.iesalmudeyne.es\/wp-content\/uploads\/2019\/10\/defectos-de-iluminacion-motocicletas-lumileds-philips-1.jpg 646w\" sizes=\"(max-width: 646px) 100vw, 646px\" \/><\/a><\/p>\n<p>Nos movemos!! Ha empezado un nuevo curso&#8230;.las vacaciones parecen que ya est\u00e1n muy lejos y toca centrarse de nuevo en el trabajo para dar lo mejor de nosotros.<\/p>\n<p>Llega una nueva oportunidad para conectarnos y llevar a cabo muchas actividades que nos provoquen expresarnos con la palabra, con la imagen\u00a0 o con el l\u00e1piz y el papel. \u00a1cu\u00e1ntos proyectos para poner en marcha nos bullen por la cabeza!\u00a1 El Almudeyne est\u00e1 que se sale!<\/p>\n<p>Rozando las 300.000 visitas en este blog no podemos estar m\u00e1s contentos y desde luego vamos a por las 400.000!!!<\/p>\n<p>Lo primero es presentarnos, este curso el equipo que llevar\u00e1 adelante la Biblioteca de nuestro Centro lo formamos 19 profesores \u00a1\u00a1Un equipazo!! Pertenecemos a muchos departamentos distintos: Lengua, Matem\u00e1ticas, Tecnolog\u00eda, Ingles y Franc\u00e9s, Inform\u00e1tica, Administraci\u00f3n y Finanzas, Educaci\u00f3n Pl\u00e1stica. Desde nuestras especialidades cada uno aportar\u00e1 su granito de arena para hacer e la biblioteca un espacio vivo y din\u00e1mico.<\/p>\n<p><a href=\"http:\/\/biblioteca.iesalmudeyne.es\/wp-content\/uploads\/2019\/10\/IMG_20191015_111047.jpg\"><img decoding=\"async\" class=\"aligncenter size-large wp-image-1879\" src=\"http:\/\/biblioteca.iesalmudeyne.es\/wp-content\/uploads\/2019\/10\/IMG_20191015_111047-1024x768.jpg\" alt=\"\" width=\"652\" height=\"489\" srcset=\"https:\/\/biblioteca.iesalmudeyne.es\/wp-content\/uploads\/2019\/10\/IMG_20191015_111047-200x150.jpg 200w, https:\/\/biblioteca.iesalmudeyne.es\/wp-content\/uploads\/2019\/10\/IMG_20191015_111047-300x225.jpg 300w, https:\/\/biblioteca.iesalmudeyne.es\/wp-content\/uploads\/2019\/10\/IMG_20191015_111047-400x300.jpg 400w, https:\/\/biblioteca.iesalmudeyne.es\/wp-content\/uploads\/2019\/10\/IMG_20191015_111047-600x450.jpg 600w, https:\/\/biblioteca.iesalmudeyne.es\/wp-content\/uploads\/2019\/10\/IMG_20191015_111047-768x576.jpg 768w, https:\/\/biblioteca.iesalmudeyne.es\/wp-content\/uploads\/2019\/10\/IMG_20191015_111047-800x600.jpg 800w, https:\/\/biblioteca.iesalmudeyne.es\/wp-content\/uploads\/2019\/10\/IMG_20191015_111047-1024x768.jpg 1024w, https:\/\/biblioteca.iesalmudeyne.es\/wp-content\/uploads\/2019\/10\/IMG_20191015_111047-1200x900.jpg 1200w, https:\/\/biblioteca.iesalmudeyne.es\/wp-content\/uploads\/2019\/10\/IMG_20191015_111047-1536x1152.jpg 1536w, https:\/\/biblioteca.iesalmudeyne.es\/wp-content\/uploads\/2019\/10\/IMG_20191015_111047-scaled.jpg 2560w\" sizes=\"(max-width: 652px) 100vw, 652px\" \/><\/a><\/p>\n<h3 style=\"text-align: center;\"><strong>\u00a1Siempre con libros y a vuestra disposici\u00f3n!<\/strong><\/h3>\n<p>Y lo segundo recordaros algunas cosas: La biblioteca es un espacio multiusos, lugar de estudio y consulta, con ordenadores a vuestra disposici\u00f3n, un espacio donde el Club de lectura se re\u00fane, tambi\u00e9n para jugar, ya que disponemos de una ludoteca,\u00a0 donde podr\u00e9is aprender y practicar ajedrez guiados por un excelente ejedrecista; para leer y solicitar libros a trav\u00e9s del servicio de pr\u00e9stamo que funciona durante los recreos, un espacio para trabajar en grupo, para exposiciones y eventos. Queremos hacer de \u00e9l un lugar \u00a0de todos y para todos.<\/p>\n<h3 style=\"text-align: center;\"><strong>\u00a1Os esperamos!<\/strong><\/h3>\n<p>&nbsp;<\/p>\n<p>&nbsp;<\/p>\n","protected":false},"excerpt":{"rendered":"<p>Nos movemos!! Ha empezado un nuevo curso&#8230;.las vacaciones parecen que [&hellip;]<\/p>\n","protected":false},"author":1,"featured_media":0,"comment_status":"open","ping_status":"open","sticky":false,"template":"","format":"standard","meta":{"footnotes":""},"categories":[1],"tags":[],"class_list":["post-1873","post","type-post","status-publish","format-standard","hentry","category-uncategorized"],"_links":{"self":[{"href":"https:\/\/biblioteca.iesalmudeyne.es\/index.php?rest_route=\/wp\/v2\/posts\/1873","targetHints":{"allow":["GET"]}}],"collection":[{"href":"https:\/\/biblioteca.iesalmudeyne.es\/index.php?rest_route=\/wp\/v2\/posts"}],"about":[{"href":"https:\/\/biblioteca.iesalmudeyne.es\/index.php?rest_route=\/wp\/v2\/types\/post"}],"author":[{"embeddable":true,"href":"https:\/\/biblioteca.iesalmudeyne.es\/index.php?rest_route=\/wp\/v2\/users\/1"}],"replies":[{"embeddable":true,"href":"https:\/\/biblioteca.iesalmudeyne.es\/index.php?rest_route=%2Fwp%2Fv2%2Fcomments&post=1873"}],"version-history":[{"count":0,"href":"https:\/\/biblioteca.iesalmudeyne.es\/index.php?rest_route=\/wp\/v2\/posts\/1873\/revisions"}],"wp:attachment":[{"href":"https:\/\/biblioteca.iesalmudeyne.es\/index.php?rest_route=%2Fwp%2Fv2%2Fmedia&parent=1873"}],"wp:term":[{"taxonomy":"category","embeddable":true,"href":"https:\/\/biblioteca.iesalmudeyne.es\/index.php?rest_route=%2Fwp%2Fv2%2Fcategories&post=1873"},{"taxonomy":"post_tag","embeddable":true,"href":"https:\/\/biblioteca.iesalmudeyne.es\/index.php?rest_route=%2Fwp%2Fv2%2Ftags&post=1873"}],"curies":[{"name":"wp","href":"https:\/\/api.w.org\/{rel}","templated":true}]}}