{"id":1942,"date":"2019-11-04T00:13:34","date_gmt":"2019-11-03T23:13:34","guid":{"rendered":"http:\/\/biblioteca.iesalmudeyne.es\/?p=1942"},"modified":"2019-11-04T00:13:34","modified_gmt":"2019-11-03T23:13:34","slug":"reivindicando-a-joaquin-romero-murube","status":"publish","type":"post","link":"https:\/\/biblioteca.iesalmudeyne.es\/?p=1942","title":{"rendered":"Reivindicando a Joaqu\u00edn Romero Murube"},"content":{"rendered":"<p>El profesor de Lengua Castellana D. Alvaro Romero nos desgrana un precioso proyecto que se va a desarrollar a lo largo de este curso para trabajar la oralidad con nuestros alumnos y\u00a0 que de forma transversal implicar\u00e1 a distintos departamentos did\u00e1cticos.<\/p>\n<h1 class=\"western\"><span style=\"color: #030303;\"><span style=\"font-family: Montserrat;\"><span style=\"font-size: x-large;\"><b>CONFERENCIA CORAL SOBRE JOAQU\u00cdN ROMERO MURUBE<\/b><\/span><\/span><\/span><\/h1>\n<p align=\"CENTER\"><span style=\"color: #993366;\"><span style=\"font-family: 'Open Sans';\"><span style=\"font-size: medium;\"><u>El Departamento de Lengua castellana y Literatura de nuestro IES prepara una gran conferencia coral sobre la vida y obra del escritor palaciego, ahora que se cumplen 50 a\u00f1os de su muerte.<\/u><\/span><\/span><\/span><\/p>\n<p align=\"CENTER\"><a href=\"http:\/\/biblioteca.iesalmudeyne.es\/wp-content\/uploads\/2019\/11\/Foto-de-charitomir-2.jpg\"><img decoding=\"async\" class=\"aligncenter size-full wp-image-1943\" src=\"http:\/\/biblioteca.iesalmudeyne.es\/wp-content\/uploads\/2019\/11\/Foto-de-charitomir-2.jpg\" alt=\"\" width=\"1600\" height=\"965\" srcset=\"https:\/\/biblioteca.iesalmudeyne.es\/wp-content\/uploads\/2019\/11\/Foto-de-charitomir-2-200x121.jpg 200w, https:\/\/biblioteca.iesalmudeyne.es\/wp-content\/uploads\/2019\/11\/Foto-de-charitomir-2-300x181.jpg 300w, https:\/\/biblioteca.iesalmudeyne.es\/wp-content\/uploads\/2019\/11\/Foto-de-charitomir-2-400x241.jpg 400w, https:\/\/biblioteca.iesalmudeyne.es\/wp-content\/uploads\/2019\/11\/Foto-de-charitomir-2-600x362.jpg 600w, https:\/\/biblioteca.iesalmudeyne.es\/wp-content\/uploads\/2019\/11\/Foto-de-charitomir-2-768x463.jpg 768w, https:\/\/biblioteca.iesalmudeyne.es\/wp-content\/uploads\/2019\/11\/Foto-de-charitomir-2-800x483.jpg 800w, https:\/\/biblioteca.iesalmudeyne.es\/wp-content\/uploads\/2019\/11\/Foto-de-charitomir-2-1024x618.jpg 1024w, https:\/\/biblioteca.iesalmudeyne.es\/wp-content\/uploads\/2019\/11\/Foto-de-charitomir-2-1200x724.jpg 1200w, https:\/\/biblioteca.iesalmudeyne.es\/wp-content\/uploads\/2019\/11\/Foto-de-charitomir-2-1536x926.jpg 1536w, https:\/\/biblioteca.iesalmudeyne.es\/wp-content\/uploads\/2019\/11\/Foto-de-charitomir-2.jpg 1600w\" sizes=\"(max-width: 1600px) 100vw, 1600px\" \/><\/a><\/p>\n<p align=\"JUSTIFY\"><span style=\"color: #464646;\"><span style=\"font-family: 'Open Sans';\"><span style=\"font-size: medium;\">Medio siglo despu\u00e9s de su muerte, <\/span><\/span><\/span><strong><span style=\"color: #464646;\"><span style=\"font-family: 'Open Sans';\"><span style=\"font-size: medium;\"><b>el Ayuntamiento de su pueblo natal ha conformado una comisi\u00f3n <\/b><\/span><\/span><\/span><\/strong><span style=\"color: #464646;\"><span style=\"font-family: 'Open Sans';\"><span style=\"font-size: medium;\">para celebrar tal efem\u00e9ride, integrada por varios expertos en la obra del autor, entre los que se encuentra nuestro profesor de Lengua y Literatura \u00c1lvaro Romero Bernal. Como cualquier efem\u00e9ride, esta se erige en <\/span><\/span><\/span><strong><span style=\"color: #464646;\"><span style=\"font-family: 'Open Sans';\"><span style=\"font-size: medium;\"><b>oportunidad de conocimiento <\/b><\/span><\/span><\/span><\/strong><span style=\"color: #464646;\"><span style=\"font-family: 'Open Sans';\"><span style=\"font-size: medium;\">del autor, su \u00e9poca y su obra. Y desde el IES Almudeyne, y particularmente desde su Departamento de Lengua castellana y Literatura y su Plan Ling\u00fc\u00edstico de Centro, nos vamos a dedicar a organizar una <\/span><\/span><\/span><strong><span style=\"color: #464646;\"><span style=\"font-family: 'Open Sans';\"><span style=\"font-size: medium;\"><b>CONFERENCIA CORAL<\/b><\/span><\/span><\/span><\/strong><span style=\"color: #464646;\"><span style=\"font-family: 'Open Sans';\"><span style=\"font-size: medium;\">\u00a0en la que se implique el m\u00e1ximo n\u00famero de departamentos (por disciplinas) para conseguir <\/span><\/span><\/span><strong><span style=\"color: #464646;\"><span style=\"font-family: 'Open Sans';\"><span style=\"font-size: medium;\"><b>una espectacular puesta en escena de nuestros alumnos en el teatro municipal Pedro P\u00e9rez Fern\u00e1ndez durante la pr\u00f3xima Semana de las Letras del a\u00f1o 2020 concretamente el 23 de Abril.<\/b><\/span><\/span><\/span><\/strong><\/p>\n<p align=\"JUSTIFY\"><span style=\"color: #ff0000;\"><strong><span style=\"font-family: 'Open Sans';\"><span style=\"font-size: medium;\"><b>ACTORES DE LA CONFERENCIA<\/b><\/span><\/span><\/strong><\/span><\/p>\n<p align=\"JUSTIFY\"><span style=\"color: #464646;\"><span style=\"font-family: 'Open Sans';\"><span style=\"font-size: medium;\">La intenci\u00f3n es que en la conferencia participe al menos una cincuentena de alumnos, tantos como a\u00f1os hace que Joaqu\u00edn nos dej\u00f3.<\/span><\/span><\/span><\/p>\n<p align=\"JUSTIFY\"><span style=\"color: #0000ff;\"><strong>DESARROLLO DEL PROYECTO<\/strong><\/span><\/p>\n<p align=\"JUSTIFY\"><span style=\"color: #464646;\"><span style=\"font-family: 'Open Sans';\"><span style=\"font-size: medium;\">Se trata de aprovechar tal riqueza para trazar <\/span><\/span><\/span><strong><span style=\"color: #464646;\"><span style=\"font-family: 'Open Sans';\"><span style=\"font-size: medium;\"><b>un paralelismo entre la figura tan polifac\u00e9tica de Romero Murube y la multidisciplinariedad que supone un centro educativo <\/b><\/span><\/span><\/span><\/strong><span style=\"color: #464646;\"><span style=\"font-family: 'Open Sans';\"><span style=\"font-size: medium;\">y, en este caso, una conferencia como la que pretendemos: que tenga el hilo conductor de una figura nacida en este pueblo pero al que se le puedan ir sumando cuantos vectores encontremos en la relaci\u00f3n de su vida y su obra con <\/span><\/span><\/span><strong><span style=\"color: #464646;\"><span style=\"font-family: 'Open Sans';\"><span style=\"font-size: medium;\"><b>los idiomas, las ciencias, las matem\u00e1ticas, la religi\u00f3n, la m\u00fasica, las artes pl\u00e1sticas, el patrimonio, la historia, la filosof\u00eda, la educaci\u00f3n f\u00edsica, la tecnolog\u00eda y, por supuesto, la literatura<\/b><\/span><\/span><\/span><\/strong><span style=\"color: #464646;\"><span style=\"font-family: 'Open Sans';\"><span style=\"font-size: medium;\">.<\/span><\/span><\/span><\/p>\n<p align=\"JUSTIFY\"><a href=\"http:\/\/biblioteca.iesalmudeyne.es\/wp-content\/uploads\/2019\/11\/inglesfrances.png\"><img decoding=\"async\" class=\"size-full wp-image-1945 alignright\" src=\"http:\/\/biblioteca.iesalmudeyne.es\/wp-content\/uploads\/2019\/11\/inglesfrances.png\" alt=\"\" width=\"374\" height=\"161\" srcset=\"https:\/\/biblioteca.iesalmudeyne.es\/wp-content\/uploads\/2019\/11\/inglesfrances-200x86.png 200w, https:\/\/biblioteca.iesalmudeyne.es\/wp-content\/uploads\/2019\/11\/inglesfrances-300x129.png 300w, https:\/\/biblioteca.iesalmudeyne.es\/wp-content\/uploads\/2019\/11\/inglesfrances.png 374w\" sizes=\"(max-width: 374px) 100vw, 374px\" \/><\/a><\/p>\n<p align=\"JUSTIFY\"><span style=\"color: #464646;\"><span style=\"font-family: Aharoni;\"><span style=\"font-size: medium;\">Su principal obra, o al menos la m\u00e1s aut\u00f3noma, <\/span><\/span><\/span><em><span style=\"color: #464646;\"><span style=\"font-family: Aharoni;\"><span style=\"font-size: medium;\"><i>Pueblo lejano<\/i><\/span><\/span><\/span><\/em><span style=\"color: #464646;\"><span style=\"font-family: Aharoni;\"><span style=\"font-size: medium;\">, fue la \u00fanica que se tradujo al franc\u00e9s: <\/span><\/span><\/span><em><span style=\"color: #464646;\"><span style=\"font-family: Aharoni;\"><span style=\"font-size: medium;\"><i><b>Village lointain<\/b><\/i><\/span><\/span><\/span><\/em><span style=\"color: #464646;\"><span style=\"font-family: Aharoni;\"><span style=\"font-size: medium;\">. Se encarg\u00f3 de ello Anne de Grandville (Ana Arroyo), con quien Romero Murube tuvo una relaci\u00f3n especial a partir de la d\u00e9cada de los 60. <\/span><\/span><\/span><em><span style=\"color: #464646;\"><span style=\"font-family: Aharoni;\"><span style=\"font-size: medium;\"><i>Village lointain <\/i><\/span><\/span><\/span><\/em><span style=\"color: #464646;\"><span style=\"font-family: Aharoni;\"><span style=\"font-size: medium;\">se public\u00f3 cuatro a\u00f1os despu\u00e9s de la edici\u00f3n original, en 1958, y llevaba <\/span><\/span><\/span><strong><span style=\"color: #464646;\"><span style=\"font-family: Aharoni;\"><span style=\"font-size: medium;\"><b>un interesante pr\u00f3logo de Gregorio Mara\u00f1\u00f3n<\/b><\/span><\/span><\/span><\/strong><span style=\"color: #464646;\"><span style=\"font-family: Aharoni;\"><span style=\"font-size: medium;\">. Desde una reflexi\u00f3n sobre la traducci\u00f3n literal del t\u00edtulo del libro (un pueblo o aldea distante, lejana) hasta una lectura de determinados fragmentos en franc\u00e9s (somos centro biling\u00fce de Franc\u00e9s precisamente) pasando por una referencia directa a que el libro se concibi\u00f3 justamente en la Plaza de la Concordia de Par\u00eds (como testimoni\u00f3 su mujer, Soledad Murube Cardona), puede ser la contribuci\u00f3n principal del Departamento de Franc\u00e9s que escuchemos algunos fragmentos de esta obra fundamental en el idioma de Victor Hugo. Por supuesto, hacer de alguna parte de la conferencia un espect\u00e1culo triling\u00fce depender\u00e1 solo de lo que trabajemos tambi\u00e9n desde el departamento de Ingl\u00e9s.<\/span><\/span><\/span><\/p>\n<p align=\"JUSTIFY\"><a href=\"http:\/\/biblioteca.iesalmudeyne.es\/wp-content\/uploads\/2019\/11\/historiat.jpg\"><img decoding=\"async\" class=\"size-full wp-image-1946 alignleft\" src=\"http:\/\/biblioteca.iesalmudeyne.es\/wp-content\/uploads\/2019\/11\/historiat.jpg\" alt=\"\" width=\"261\" height=\"160\" srcset=\"https:\/\/biblioteca.iesalmudeyne.es\/wp-content\/uploads\/2019\/11\/historiat-200x123.jpg 200w, https:\/\/biblioteca.iesalmudeyne.es\/wp-content\/uploads\/2019\/11\/historiat.jpg 261w\" sizes=\"(max-width: 261px) 100vw, 261px\" \/><\/a><\/p>\n<p align=\"JUSTIFY\"><span style=\"color: #464646;\"><span style=\"font-family: Andalus, serif;\"><span style=\"font-size: medium;\">Delegado de la Comisi\u00f3n de Protecci\u00f3n del Patrimonio de Andaluc\u00eda Occidental en la d\u00e9cada de los 40, Romero Murube no solo es un enamorado incondicional de la Historia, sino un conocedor riguroso, incluso de uno de esos siglos un tanto marginados como es el XVIII. Al fin y al cabo, Joaqu\u00edn era <\/span><\/span><\/span><strong><span style=\"color: #464646;\"><span style=\"font-family: Andalus, serif;\"><span style=\"font-size: medium;\"><b>un ilustrado<\/b><\/span><\/span><\/span><\/strong><span style=\"color: #464646;\"><span style=\"font-family: Andalus, serif;\"><span style=\"font-size: medium;\">\u2026 Abundan entre sus art\u00edculos los relacionados no solo con la defensa del patrimonio sevillano y andaluz, sino con personajes hist\u00f3ricos como Vel\u00e1zquez, Francisco de Bruna y Ahumada, Voltaire, Pablo de Olavide, etc. Por supuesto, podr\u00edamos hacer una cala interesante en su defensa del Palacio de los S\u00e1nchez-Dalp que termin\u00f3 convertido, pese a su grito en soledad, en El Corte Ingl\u00e9s de la sevillana Plaza del Duque y su exilio del diario <\/span><\/span><\/span><em><span style=\"color: #464646;\"><span style=\"font-family: Andalus, serif;\"><span style=\"font-size: medium;\"><i>ABC <\/i><\/span><\/span><\/span><\/em><span style=\"color: #464646;\"><span style=\"font-family: Andalus, serif;\"><span style=\"font-size: medium;\">en el que llevaba a\u00f1os escribiendo\u2026 Aquello hizo que volviera a <\/span><\/span><\/span><em><span style=\"color: #464646;\"><span style=\"font-family: Andalus, serif;\"><span style=\"font-size: medium;\"><i>El Correo de Andaluc\u00eda <\/i><\/span><\/span><\/span><\/em><span style=\"color: #464646;\"><span style=\"font-family: Andalus, serif;\"><span style=\"font-size: medium;\">de sus inicios con la firma ir\u00f3nica de YXZ. Como fue alcaide y conservador de los Reales Alc\u00e1zares de Sevilla, donde viv\u00eda, encontramos una oportunidad de oro para indagar en la historia y caracter\u00edsticas miscel\u00e1neas desde la Historia del Arte de este impresionante monumento sevillano.<\/span><\/span><\/span><\/p>\n<p align=\"JUSTIFY\"><a href=\"http:\/\/biblioteca.iesalmudeyne.es\/wp-content\/uploads\/2019\/11\/FyQL.png\"><img decoding=\"async\" class=\"aligncenter size-full wp-image-1947\" src=\"http:\/\/biblioteca.iesalmudeyne.es\/wp-content\/uploads\/2019\/11\/FyQL.png\" alt=\"\" width=\"205\" height=\"205\" srcset=\"https:\/\/biblioteca.iesalmudeyne.es\/wp-content\/uploads\/2019\/11\/FyQL-66x66.png 66w, https:\/\/biblioteca.iesalmudeyne.es\/wp-content\/uploads\/2019\/11\/FyQL-150x150.png 150w, https:\/\/biblioteca.iesalmudeyne.es\/wp-content\/uploads\/2019\/11\/FyQL-200x200.png 200w, https:\/\/biblioteca.iesalmudeyne.es\/wp-content\/uploads\/2019\/11\/FyQL.png 205w\" sizes=\"(max-width: 205px) 100vw, 205px\" \/><\/a><\/p>\n<p align=\"JUSTIFY\"><span style=\"color: #464646;\"><span style=\"font-family: 'Comic Sans MS', cursive;\"><span style=\"font-size: medium;\">Hay un asunto sobre el que publica al menos un par de art\u00edculos en la d\u00e9cada de los 50, despu\u00e9s de un viaje por algunas ciudades europeas: <\/span><\/span><\/span><em><span style=\"color: #464646;\"><span style=\"font-family: 'Comic Sans MS', cursive;\"><span style=\"font-size: medium;\"><i>La carta de las vitaminas<\/i><\/span><\/span><\/span><\/em><span style=\"color: #464646;\"><span style=\"font-family: 'Comic Sans MS', cursive;\"><span style=\"font-size: medium;\">. Las vitaminas en s\u00ed se hab\u00edan ido determinado desde finales del siglo XVIII, pero precisamente en el siglo XX, cuando se populariza su conocimiento, hay varios Premios Nobel asociados a descubrimientos en torno a ellas. Como se popularizan incluso en las cartas de los restaurantes, en aquellos a\u00f1os, Romero Murube, entre ir\u00f3nico y sagaz, las pone en primer plano. Ser\u00eda cuesti\u00f3n de que, desde el rigor cient\u00edfico, desde el departamento de F\u00edsica y Qu\u00edmica se vuelva sobre el concepto de las vitaminas y se discierna qu\u00e9 hab\u00eda en los art\u00edculos de Romero Murube de verdad contrastada y de subjetividad en torno a la alacena de su propia casa de la infancia, a la que le dedica, por cierto, alg\u00fan art\u00edculo y alg\u00fan cap\u00edtulo de <\/span><\/span><\/span><em><span style=\"color: #464646;\"><span style=\"font-family: 'Comic Sans MS', cursive;\"><span style=\"font-size: medium;\"><i>Pueblo lejano<\/i><\/span><\/span><\/span><\/em><span style=\"color: #464646;\"><span style=\"font-family: 'Comic Sans MS', cursive;\"><span style=\"font-size: medium;\">.<\/span><\/span><\/span><\/p>\n<p align=\"JUSTIFY\"><a href=\"http:\/\/biblioteca.iesalmudeyne.es\/wp-content\/uploads\/2019\/11\/musica1.jpg\"><img decoding=\"async\" class=\"size-full wp-image-1948 alignleft\" src=\"http:\/\/biblioteca.iesalmudeyne.es\/wp-content\/uploads\/2019\/11\/musica1.jpg\" alt=\"\" width=\"240\" height=\"168\" srcset=\"https:\/\/biblioteca.iesalmudeyne.es\/wp-content\/uploads\/2019\/11\/musica1-200x140.jpg 200w, https:\/\/biblioteca.iesalmudeyne.es\/wp-content\/uploads\/2019\/11\/musica1.jpg 240w\" sizes=\"(max-width: 240px) 100vw, 240px\" \/><\/a><\/p>\n<p align=\"JUSTIFY\"><strong><span style=\"color: #464646;\"> <span style=\"font-family: MeMima;\"><span style=\"font-size: large;\">Romero Murube fue un enamorado de muchos tipos de m\u00fasica, entre ellas la cl\u00e1sica y el flamenco. Contamos, por supuesto, con determinadas actuaciones preparadas por el Departamento de M\u00fasica para ilustrar la conferencia coral y para darle sintaxis a sus partes.<\/span><\/span><\/span><\/strong><\/p>\n<p align=\"JUSTIFY\"><a href=\"http:\/\/biblioteca.iesalmudeyne.es\/wp-content\/uploads\/2019\/11\/INFORMATICA-.jpg\"><img decoding=\"async\" class=\"aligncenter size-full wp-image-1949\" src=\"http:\/\/biblioteca.iesalmudeyne.es\/wp-content\/uploads\/2019\/11\/INFORMATICA-.jpg\" alt=\"\" width=\"292\" height=\"167\" srcset=\"https:\/\/biblioteca.iesalmudeyne.es\/wp-content\/uploads\/2019\/11\/INFORMATICA--200x114.jpg 200w, https:\/\/biblioteca.iesalmudeyne.es\/wp-content\/uploads\/2019\/11\/INFORMATICA-.jpg 292w\" sizes=\"(max-width: 292px) 100vw, 292px\" \/><\/a><\/p>\n<p align=\"JUSTIFY\"><span style=\"color: #464646;\"><span style=\"font-family: Tahoma, sans-serif;\"><span style=\"font-size: large;\">La conferencia podr\u00e1 ilustrarse adem\u00e1s con una proyecci\u00f3n con im\u00e1genes o v\u00eddeos espec\u00edficos que podr\u00edan ayudarnos a elaborar desde este departamento.\u00a0<\/span><\/span><\/span><\/p>\n<p align=\"JUSTIFY\"><a href=\"http:\/\/biblioteca.iesalmudeyne.es\/wp-content\/uploads\/2019\/11\/lengua.jpg\"><img decoding=\"async\" class=\"size-full wp-image-1950 alignleft\" src=\"http:\/\/biblioteca.iesalmudeyne.es\/wp-content\/uploads\/2019\/11\/lengua.jpg\" alt=\"\" width=\"296\" height=\"152\" srcset=\"https:\/\/biblioteca.iesalmudeyne.es\/wp-content\/uploads\/2019\/11\/lengua-200x103.jpg 200w, https:\/\/biblioteca.iesalmudeyne.es\/wp-content\/uploads\/2019\/11\/lengua.jpg 296w\" sizes=\"(max-width: 296px) 100vw, 296px\" \/><\/a><\/p>\n<p align=\"JUSTIFY\"><span style=\"color: #464646;\"><span style=\"font-family: DFKai-SB, cursive;\"><span style=\"font-size: medium;\">En profunda relaci\u00f3n con el apartado anterior, los libros de Romero Murube rezuman aspectos filos\u00f3ficos por todas partes, especialmente de la Ilustraci\u00f3n. As\u00ed que el departamento de Filosof\u00eda dilucida ya qu\u00e9 aspectos son aprovechables en sus libros para una profundizaci\u00f3n por parte del alumnado en ellos.<\/span><\/span><\/span><\/p>\n<p align=\"JUSTIFY\"><a href=\"http:\/\/biblioteca.iesalmudeyne.es\/wp-content\/uploads\/2019\/11\/lengua-1.jpg\"><img decoding=\"async\" class=\"size-full wp-image-1955 alignright\" src=\"http:\/\/biblioteca.iesalmudeyne.es\/wp-content\/uploads\/2019\/11\/lengua-1.jpg\" alt=\"\" width=\"426\" height=\"165\" srcset=\"https:\/\/biblioteca.iesalmudeyne.es\/wp-content\/uploads\/2019\/11\/lengua-1-200x77.jpg 200w, https:\/\/biblioteca.iesalmudeyne.es\/wp-content\/uploads\/2019\/11\/lengua-1-300x116.jpg 300w, https:\/\/biblioteca.iesalmudeyne.es\/wp-content\/uploads\/2019\/11\/lengua-1-400x155.jpg 400w, https:\/\/biblioteca.iesalmudeyne.es\/wp-content\/uploads\/2019\/11\/lengua-1.jpg 426w\" sizes=\"(max-width: 426px) 100vw, 426px\" \/><\/a><\/p>\n<p align=\"JUSTIFY\"><span style=\"color: #464646;\"><span style=\"font-family: Euphemia, sans-serif;\"><span style=\"font-size: medium;\">Es evidente la necesidad de que el departamento de lengua se implique en el proyecto de la conferencia, puesto que hablamos de un escritor que cultiv\u00f3 adem\u00e1s todos los g\u00e9neros. En el hilo discursivo de la conferencia colectiva integraremos, por supuesto, fragmentos de textos en prosa y en verso, incluso sus respectivos comentarios.<\/span><\/span><\/span><\/p>\n<p align=\"JUSTIFY\"><a href=\"http:\/\/biblioteca.iesalmudeyne.es\/wp-content\/uploads\/2019\/11\/plastica.jpg\"><img decoding=\"async\" class=\"size-full wp-image-1951 alignleft\" src=\"http:\/\/biblioteca.iesalmudeyne.es\/wp-content\/uploads\/2019\/11\/plastica.jpg\" alt=\"\" width=\"303\" height=\"175\" srcset=\"https:\/\/biblioteca.iesalmudeyne.es\/wp-content\/uploads\/2019\/11\/plastica-200x116.jpg 200w, https:\/\/biblioteca.iesalmudeyne.es\/wp-content\/uploads\/2019\/11\/plastica-300x173.jpg 300w, https:\/\/biblioteca.iesalmudeyne.es\/wp-content\/uploads\/2019\/11\/plastica.jpg 303w\" sizes=\"(max-width: 303px) 100vw, 303px\" \/><\/a><\/p>\n<p align=\"JUSTIFY\"><a href=\"http:\/\/biblioteca.iesalmudeyne.es\/wp-content\/uploads\/2019\/11\/tecnologia.jpg\"><img decoding=\"async\" class=\"size-full wp-image-1956 alignleft\" src=\"http:\/\/biblioteca.iesalmudeyne.es\/wp-content\/uploads\/2019\/11\/tecnologia.jpg\" alt=\"\" width=\"352\" height=\"180\" srcset=\"https:\/\/biblioteca.iesalmudeyne.es\/wp-content\/uploads\/2019\/11\/tecnologia-200x102.jpg 200w, https:\/\/biblioteca.iesalmudeyne.es\/wp-content\/uploads\/2019\/11\/tecnologia-300x153.jpg 300w, https:\/\/biblioteca.iesalmudeyne.es\/wp-content\/uploads\/2019\/11\/tecnologia.jpg 352w\" sizes=\"(max-width: 352px) 100vw, 352px\" \/><\/a><\/p>\n<p align=\"JUSTIFY\"><span style=\"color: #464646;\"><span style=\"font-family: Verdana, sans-serif;\"><span style=\"font-size: large;\">Contamos con estos departamentos, Educaci\u00f3n Pl\u00e1stica y Tecnolog\u00eda, para la contribuci\u00f3n decisiva de la escenograf\u00eda. Ya hay bastante adelantado en este sentido.<\/span><\/span><\/span><\/p>\n<p align=\"JUSTIFY\"><a href=\"http:\/\/biblioteca.iesalmudeyne.es\/wp-content\/uploads\/2019\/11\/BIOLOGIA.png\"><img decoding=\"async\" class=\"size-full wp-image-1952 alignleft\" src=\"http:\/\/biblioteca.iesalmudeyne.es\/wp-content\/uploads\/2019\/11\/BIOLOGIA.png\" alt=\"\" width=\"320\" height=\"163\" srcset=\"https:\/\/biblioteca.iesalmudeyne.es\/wp-content\/uploads\/2019\/11\/BIOLOGIA-200x102.png 200w, https:\/\/biblioteca.iesalmudeyne.es\/wp-content\/uploads\/2019\/11\/BIOLOGIA-300x153.png 300w, https:\/\/biblioteca.iesalmudeyne.es\/wp-content\/uploads\/2019\/11\/BIOLOGIA.png 320w\" sizes=\"(max-width: 320px) 100vw, 320px\" \/><\/a><\/p>\n<p align=\"JUSTIFY\"><span style=\"color: #464646;\"><span style=\"font-family: 'Estrangelo Edessa', cursive;\"><span style=\"font-size: medium;\">Romero Murube fue un jardinero de excepci\u00f3n en el Alc\u00e1zar de Sevilla, donde ejerci\u00f3 de alcaide durante los \u00faltimos 35 a\u00f1os de su vida. Estos ricos y variados jardines se los sab\u00eda \u00e9l de memoria, y nos encontramos ahora, desde este departamento, con una hist\u00f3rica oportunidad de abundar en la flora que pervive y se luce en este monumento que es de los m\u00e1s visitados de Espa\u00f1a, la m\u00e1s antigua residencia real de Espa\u00f1a. A prop\u00f3sito, desde el Departamento de Biolog\u00eda, puede abundarse en la vegetaci\u00f3n de la marisma (cuya explotaci\u00f3n \u00e9l profetiz\u00f3 en art\u00edculos y en <\/span><\/span><\/span><em><span style=\"color: #464646;\"><span style=\"font-family: 'Estrangelo Edessa', cursive;\"><span style=\"font-size: medium;\"><i>Pueblo lejano<\/i><\/span><\/span><\/span><\/em><span style=\"color: #464646;\"><span style=\"font-family: 'Estrangelo Edessa', cursive;\"><span style=\"font-size: medium;\">), de su pueblo, de la abandonada Huerta de la Noria\u2026 En todos estos lugares de su vida y la nuestra al fin y al cabo abunda una vegetaci\u00f3n que podr\u00edamos estudiar y catalogar.<\/span><\/span><\/span><\/p>\n<p><a href=\"http:\/\/biblioteca.iesalmudeyne.es\/wp-content\/uploads\/2019\/11\/mates.jpg\"><img decoding=\"async\" class=\"size-full wp-image-1953 alignright\" src=\"http:\/\/biblioteca.iesalmudeyne.es\/wp-content\/uploads\/2019\/11\/mates.jpg\" alt=\"\" width=\"196\" height=\"208\" \/><\/a><\/p>\n<p align=\"JUSTIFY\"><span style=\"color: #464646;\"><span style=\"font-family: Arimo, sans-serif;\"><span style=\"font-size: medium;\">Aunque los n\u00fameros como tal no parezcan especialmente relacionados con el contenido que nos ocupa, s\u00ed una parte sustancial de las matem\u00e1ticas como es la Geometr\u00eda.\u00a0 Ve\u00e1se el poema \u201cPatio\u201d de Canci\u00f3n del amante andaluz, donde se se\u00f1alan formas arquitect\u00f3nicas de este espacio tan andaluz que ha ido enriqueci\u00e9ndose con las superposiciones culturales que han hecho de nuestra tierra un crisol tan espectacular. Por otro lado, de las propias formas geom\u00e9tricas de los jardines y de los azulejos del Alc\u00e1zar hay ya alguna bibliograf\u00eda y trabajos a los que pod\u00edamos acudir.<\/span><\/span><\/span><\/p>\n<p align=\"JUSTIFY\"><a href=\"http:\/\/biblioteca.iesalmudeyne.es\/wp-content\/uploads\/2019\/11\/religion1.jpg\"><img decoding=\"async\" class=\"wp-image-1954 alignleft\" src=\"http:\/\/biblioteca.iesalmudeyne.es\/wp-content\/uploads\/2019\/11\/religion1.jpg\" alt=\"\" width=\"196\" height=\"147\" srcset=\"https:\/\/biblioteca.iesalmudeyne.es\/wp-content\/uploads\/2019\/11\/religion1-200x150.jpg 200w, https:\/\/biblioteca.iesalmudeyne.es\/wp-content\/uploads\/2019\/11\/religion1.jpg 256w\" sizes=\"(max-width: 196px) 100vw, 196px\" \/><\/a><\/p>\n<p align=\"JUSTIFY\"><span style=\"color: #464646;\"><span style=\"font-family: 'Open Sans';\"><span style=\"font-size: medium;\">Romero Murube tuvo una idea muy particular de la divinidad, de la providencia, casi pante\u00edsta. Fue pregonero de la Semana Santa de Sevilla en 1944 y de la Romer\u00eda de Valme (Dos Hermanas), apenas un mes antes de morir, en 1969. La ex\u00e9gesis de lo que manten\u00eda en su visi\u00f3n de la religiosidad popular especialmente puede ser interesante tarea de este departamento. Hubo un art\u00edculo, luego convertido en cap\u00edtulo de libro, donde se resume toda su po\u00e9tica e interpretaci\u00f3n de lo que hablamos: \u201cDios en la ciudad\u201d.<\/span><\/span><\/span><\/p>\n<p align=\"JUSTIFY\">Este fant\u00e1stico proyecto tiene ya un\u00a0 \u00a0<strong><span style=\"color: #464646;\"><span style=\"font-family: 'Open Sans';\"><span style=\"font-size: medium;\"><b>CALENDARIO DE TRABAJO:<\/b><\/span><\/span><\/span><\/strong><\/p>\n<p align=\"JUSTIFY\"><span style=\"color: #464646;\"><span style=\"font-family: 'Open Sans';\"><span style=\"font-size: medium;\">Hasta DICIEMBRE: B\u00fasqueda de informaci\u00f3n por parte de todos los departamentos implicados y primeras gestiones y exposiciones en clase de esos contenidos por parte del alumnado, guiados por sus profesores.<\/span><\/span><\/span><\/p>\n<p align=\"JUSTIFY\"><span style=\"color: #464646;\"><span style=\"font-family: 'Open Sans';\"><span style=\"font-size: medium;\">DICIEMBRE: Boceto de contenidos por departamentos y estructura general de la l\u00ednea argumental de la exposici\u00f3n, con todo tipo de recursos (ic\u00f3nicos, audiovisuales, musicales, etc.)<\/span><\/span><\/span><\/p>\n<p align=\"JUSTIFY\"><span style=\"color: #464646;\"><span style=\"font-family: 'Open Sans';\"><span style=\"font-size: medium;\">ENERO: revisi\u00f3n de la estructura y el contenido de la exposici\u00f3n.<\/span><\/span><\/span><\/p>\n<p align=\"JUSTIFY\"><span style=\"color: #464646;\"><span style=\"font-family: 'Open Sans';\"><span style=\"font-size: medium;\">FEBRERO: Ensayos parciales de la conferencia.<\/span><\/span><\/span><\/p>\n<p align=\"JUSTIFY\"><span style=\"color: #464646;\"><span style=\"font-family: 'Open Sans';\"><span style=\"font-size: medium;\">A partir de MARZO: Ensayos parciales de la conferencia. Y ensayos generales del espect\u00e1culo que va a suponer.<\/span><\/span><\/span><\/p>\n<p style=\"text-align: center;\" align=\"JUSTIFY\"><span style=\"color: #464646;\">\u00a1\u00a1Si quer\u00e9is saber m\u00e1s sobre Joaqu\u00edn Romero Murube !!visitad\u00a0<\/span><\/p>\n<p style=\"text-align: center;\" align=\"JUSTIFY\"><a href=\"http:\/\/revistadigital.iesalmudeyne.es\/\">revistadigital.iesalmudeyne.es<\/a><\/p>\n<p align=\"JUSTIFY\"><span style=\"color: #464646;\">\u00a0<\/span><\/p>\n","protected":false},"excerpt":{"rendered":"<p>El profesor de Lengua Castellana D. Alvaro Romero nos desgrana [&hellip;]<\/p>\n","protected":false},"author":1,"featured_media":0,"comment_status":"open","ping_status":"open","sticky":false,"template":"","format":"standard","meta":{"footnotes":""},"categories":[1],"tags":[],"class_list":["post-1942","post","type-post","status-publish","format-standard","hentry","category-uncategorized"],"_links":{"self":[{"href":"https:\/\/biblioteca.iesalmudeyne.es\/index.php?rest_route=\/wp\/v2\/posts\/1942","targetHints":{"allow":["GET"]}}],"collection":[{"href":"https:\/\/biblioteca.iesalmudeyne.es\/index.php?rest_route=\/wp\/v2\/posts"}],"about":[{"href":"https:\/\/biblioteca.iesalmudeyne.es\/index.php?rest_route=\/wp\/v2\/types\/post"}],"author":[{"embeddable":true,"href":"https:\/\/biblioteca.iesalmudeyne.es\/index.php?rest_route=\/wp\/v2\/users\/1"}],"replies":[{"embeddable":true,"href":"https:\/\/biblioteca.iesalmudeyne.es\/index.php?rest_route=%2Fwp%2Fv2%2Fcomments&post=1942"}],"version-history":[{"count":0,"href":"https:\/\/biblioteca.iesalmudeyne.es\/index.php?rest_route=\/wp\/v2\/posts\/1942\/revisions"}],"wp:attachment":[{"href":"https:\/\/biblioteca.iesalmudeyne.es\/index.php?rest_route=%2Fwp%2Fv2%2Fmedia&parent=1942"}],"wp:term":[{"taxonomy":"category","embeddable":true,"href":"https:\/\/biblioteca.iesalmudeyne.es\/index.php?rest_route=%2Fwp%2Fv2%2Fcategories&post=1942"},{"taxonomy":"post_tag","embeddable":true,"href":"https:\/\/biblioteca.iesalmudeyne.es\/index.php?rest_route=%2Fwp%2Fv2%2Ftags&post=1942"}],"curies":[{"name":"wp","href":"https:\/\/api.w.org\/{rel}","templated":true}]}}