{"id":1989,"date":"2019-11-20T19:35:13","date_gmt":"2019-11-20T18:35:13","guid":{"rendered":"http:\/\/biblioteca.iesalmudeyne.es\/?p=1989"},"modified":"2019-11-20T19:35:13","modified_gmt":"2019-11-20T18:35:13","slug":"la-combinacion-perfecta-para-celebrar-halloween-ingles-con-un-toque-delicioso","status":"publish","type":"post","link":"https:\/\/biblioteca.iesalmudeyne.es\/?p=1989","title":{"rendered":"La combinaci\u00f3n perfecta para celebrar Halloween: Ingl\u00e9s con un toque delicioso!!"},"content":{"rendered":"<p>Antes que nada debemos conocer el origen de esta fiesta.<\/p>\n<p>Halloween es una celebraci\u00f3n de origen pagano que se celebra la noche del 31 de octubre, v\u00edspera el D\u00eda de todos los Santos, tiene sus ra\u00edces en el antiguo festival celta conocido como Samhain que significa \u00abfin del verano\u00bb y se celebra al finalizar la temporada de la cosechas en Irlanda para dar comienzo al \u00aba\u00f1o nuevo celta\u00bb, coincidiendo con el solsticio de oto\u00f1o. Durante esa noche se cre\u00eda que los esp\u00edritus de los difuntos caminaban entre los vivos y se realizaban fiestas y ritos sagrados que inclu\u00edan la comunicaci\u00f3n con los muertos, adem\u00e1s, era habitual colocar una vela encendida en las ventanas para que los difuntos \u00abencontrasen su camino\u00bb. Esta es una tradici\u00f3n primordialmente celta, por lo que se celebra en los pa\u00edses anglosajones.<\/p>\n<p>La fiesta de Halloween se ha convertido en una de las celebraciones m\u00e1s populares y difundidas del S.XXI. Aunque la versi\u00f3n actual, la de los disfraces y el \u00abtrick or treat\u00bb, proviene de los Estados Unidos y ha sido exportada al resto del mundo en los \u00faltimos a\u00f1os.<\/p>\n<p><a href=\"http:\/\/biblioteca.iesalmudeyne.es\/wp-content\/uploads\/2019\/11\/IMG-20191120-WA0005-1.jpg\"><img decoding=\"async\" class=\"aligncenter size-full wp-image-1990\" src=\"http:\/\/biblioteca.iesalmudeyne.es\/wp-content\/uploads\/2019\/11\/IMG-20191120-WA0005-1.jpg\" alt=\"\" width=\"1600\" height=\"1200\" srcset=\"https:\/\/biblioteca.iesalmudeyne.es\/wp-content\/uploads\/2019\/11\/IMG-20191120-WA0005-1-200x150.jpg 200w, https:\/\/biblioteca.iesalmudeyne.es\/wp-content\/uploads\/2019\/11\/IMG-20191120-WA0005-1-300x225.jpg 300w, https:\/\/biblioteca.iesalmudeyne.es\/wp-content\/uploads\/2019\/11\/IMG-20191120-WA0005-1-400x300.jpg 400w, https:\/\/biblioteca.iesalmudeyne.es\/wp-content\/uploads\/2019\/11\/IMG-20191120-WA0005-1-600x450.jpg 600w, https:\/\/biblioteca.iesalmudeyne.es\/wp-content\/uploads\/2019\/11\/IMG-20191120-WA0005-1-768x576.jpg 768w, https:\/\/biblioteca.iesalmudeyne.es\/wp-content\/uploads\/2019\/11\/IMG-20191120-WA0005-1-800x600.jpg 800w, https:\/\/biblioteca.iesalmudeyne.es\/wp-content\/uploads\/2019\/11\/IMG-20191120-WA0005-1-1024x768.jpg 1024w, https:\/\/biblioteca.iesalmudeyne.es\/wp-content\/uploads\/2019\/11\/IMG-20191120-WA0005-1-1200x900.jpg 1200w, https:\/\/biblioteca.iesalmudeyne.es\/wp-content\/uploads\/2019\/11\/IMG-20191120-WA0005-1-1536x1152.jpg 1536w, https:\/\/biblioteca.iesalmudeyne.es\/wp-content\/uploads\/2019\/11\/IMG-20191120-WA0005-1.jpg 1600w\" sizes=\"(max-width: 1600px) 100vw, 1600px\" \/><\/a><\/p>\n<p>En nuestro instituto este d\u00eda se celebr\u00f3 de una forma deliciosa y a la vez entretenida. Adem\u00e1s, mejoramos nuestro ingl\u00e9s. La idea de este trabajo surgi\u00f3 de nuestro profesor de dicha asignatura, Juan Manuel. El trabajo consist\u00eda en hacer, en grupos, un postre con toques terror\u00edficos y en grabar un v\u00eddeo donde habl\u00e1ramos , tanto de los or\u00edgenes de esta fiesta como de nuestra receta.<\/p>\n<p><a href=\"http:\/\/biblioteca.iesalmudeyne.es\/wp-content\/uploads\/2019\/11\/IMG-20191120-WA0000.jpg\"><img decoding=\"async\" class=\"alignleft wp-image-1994 size-medium\" src=\"http:\/\/biblioteca.iesalmudeyne.es\/wp-content\/uploads\/2019\/11\/IMG-20191120-WA0000-225x300.jpg\" alt=\"\" width=\"225\" height=\"300\" srcset=\"https:\/\/biblioteca.iesalmudeyne.es\/wp-content\/uploads\/2019\/11\/IMG-20191120-WA0000-200x267.jpg 200w, https:\/\/biblioteca.iesalmudeyne.es\/wp-content\/uploads\/2019\/11\/IMG-20191120-WA0000-225x300.jpg 225w, https:\/\/biblioteca.iesalmudeyne.es\/wp-content\/uploads\/2019\/11\/IMG-20191120-WA0000-400x533.jpg 400w, https:\/\/biblioteca.iesalmudeyne.es\/wp-content\/uploads\/2019\/11\/IMG-20191120-WA0000-600x800.jpg 600w, https:\/\/biblioteca.iesalmudeyne.es\/wp-content\/uploads\/2019\/11\/IMG-20191120-WA0000-768x1024.jpg 768w, https:\/\/biblioteca.iesalmudeyne.es\/wp-content\/uploads\/2019\/11\/IMG-20191120-WA0000-800x1067.jpg 800w, https:\/\/biblioteca.iesalmudeyne.es\/wp-content\/uploads\/2019\/11\/IMG-20191120-WA0000-1152x1536.jpg 1152w, https:\/\/biblioteca.iesalmudeyne.es\/wp-content\/uploads\/2019\/11\/IMG-20191120-WA0000.jpg 1200w\" sizes=\"(max-width: 225px) 100vw, 225px\" \/><\/a><\/p>\n<p><a href=\"http:\/\/biblioteca.iesalmudeyne.es\/wp-content\/uploads\/2019\/11\/IMG-20191120-WA0002.jpg\"><img decoding=\"async\" class=\"alignright wp-image-1993\" src=\"http:\/\/biblioteca.iesalmudeyne.es\/wp-content\/uploads\/2019\/11\/IMG-20191120-WA0002-300x225.jpg\" alt=\"\" width=\"373\" height=\"280\" srcset=\"https:\/\/biblioteca.iesalmudeyne.es\/wp-content\/uploads\/2019\/11\/IMG-20191120-WA0002-200x150.jpg 200w, https:\/\/biblioteca.iesalmudeyne.es\/wp-content\/uploads\/2019\/11\/IMG-20191120-WA0002-300x225.jpg 300w, https:\/\/biblioteca.iesalmudeyne.es\/wp-content\/uploads\/2019\/11\/IMG-20191120-WA0002-400x300.jpg 400w, https:\/\/biblioteca.iesalmudeyne.es\/wp-content\/uploads\/2019\/11\/IMG-20191120-WA0002-600x450.jpg 600w, https:\/\/biblioteca.iesalmudeyne.es\/wp-content\/uploads\/2019\/11\/IMG-20191120-WA0002-768x576.jpg 768w, https:\/\/biblioteca.iesalmudeyne.es\/wp-content\/uploads\/2019\/11\/IMG-20191120-WA0002-800x600.jpg 800w, https:\/\/biblioteca.iesalmudeyne.es\/wp-content\/uploads\/2019\/11\/IMG-20191120-WA0002-1024x768.jpg 1024w, https:\/\/biblioteca.iesalmudeyne.es\/wp-content\/uploads\/2019\/11\/IMG-20191120-WA0002-1200x900.jpg 1200w, https:\/\/biblioteca.iesalmudeyne.es\/wp-content\/uploads\/2019\/11\/IMG-20191120-WA0002-1536x1152.jpg 1536w, https:\/\/biblioteca.iesalmudeyne.es\/wp-content\/uploads\/2019\/11\/IMG-20191120-WA0002.jpg 1600w\" sizes=\"(max-width: 373px) 100vw, 373px\" \/><\/a><\/p>\n<p>&nbsp;<\/p>\n<p>&nbsp;<\/p>\n<p>&nbsp;<\/p>\n<p>&nbsp;<\/p>\n<p>&nbsp;<\/p>\n<p>&nbsp;<\/p>\n<p>&nbsp;<\/p>\n<p>&nbsp;<\/p>\n<p><a href=\"http:\/\/biblioteca.iesalmudeyne.es\/wp-content\/uploads\/2019\/11\/IMG-20191120-WA0003.jpg\"><img decoding=\"async\" class=\"alignleft size-medium wp-image-1992\" src=\"http:\/\/biblioteca.iesalmudeyne.es\/wp-content\/uploads\/2019\/11\/IMG-20191120-WA0003-225x300.jpg\" alt=\"\" width=\"225\" height=\"300\" srcset=\"https:\/\/biblioteca.iesalmudeyne.es\/wp-content\/uploads\/2019\/11\/IMG-20191120-WA0003-200x267.jpg 200w, https:\/\/biblioteca.iesalmudeyne.es\/wp-content\/uploads\/2019\/11\/IMG-20191120-WA0003-225x300.jpg 225w, https:\/\/biblioteca.iesalmudeyne.es\/wp-content\/uploads\/2019\/11\/IMG-20191120-WA0003-400x533.jpg 400w, https:\/\/biblioteca.iesalmudeyne.es\/wp-content\/uploads\/2019\/11\/IMG-20191120-WA0003-600x800.jpg 600w, https:\/\/biblioteca.iesalmudeyne.es\/wp-content\/uploads\/2019\/11\/IMG-20191120-WA0003-768x1024.jpg 768w, https:\/\/biblioteca.iesalmudeyne.es\/wp-content\/uploads\/2019\/11\/IMG-20191120-WA0003-800x1067.jpg 800w, https:\/\/biblioteca.iesalmudeyne.es\/wp-content\/uploads\/2019\/11\/IMG-20191120-WA0003-1152x1536.jpg 1152w, https:\/\/biblioteca.iesalmudeyne.es\/wp-content\/uploads\/2019\/11\/IMG-20191120-WA0003.jpg 1200w\" sizes=\"(max-width: 225px) 100vw, 225px\" \/><\/a><\/p>\n<p>De este modo estar\u00edamos practicando el bloque de \u00abspeaking\u00bb. Antes de hacerlo nos pareci\u00f3 una gran idea, pero una vez hecho a\u00fan m\u00e1s ya que el proceso fue muy divertido y al trabajar en grupos nos ayudamos mutuamente. Luego en clase compartimos cada v\u00eddeo de forma que aprendimos de ellos y pasamos un rato de risas, \u00a1 y un poco de verg\u00fcenza!. Pero tanto trabajo da un poco de hambre y\u00a0\u00a0a pesar de su aspecto aterrador ten\u00edan tan buena pinta que no nos resistimos y en apenas un recreo, entre profesores y alumnos, acabamos con todos ellos. \u00a1Los platos vac\u00edos mostraban que hab\u00eda sido todo un \u00e9xito y que cocin\u00e1bamos mejor de lo que pens\u00e1bamos!<\/p>\n<p><a href=\"http:\/\/biblioteca.iesalmudeyne.es\/wp-content\/uploads\/2019\/11\/IMG-20191120-WA0001.jpg\"><img decoding=\"async\" class=\"size-medium wp-image-1991 alignright\" src=\"http:\/\/biblioteca.iesalmudeyne.es\/wp-content\/uploads\/2019\/11\/IMG-20191120-WA0001-300x225.jpg\" alt=\"\" width=\"300\" height=\"225\" srcset=\"https:\/\/biblioteca.iesalmudeyne.es\/wp-content\/uploads\/2019\/11\/IMG-20191120-WA0001-200x150.jpg 200w, https:\/\/biblioteca.iesalmudeyne.es\/wp-content\/uploads\/2019\/11\/IMG-20191120-WA0001-300x225.jpg 300w, https:\/\/biblioteca.iesalmudeyne.es\/wp-content\/uploads\/2019\/11\/IMG-20191120-WA0001-400x300.jpg 400w, https:\/\/biblioteca.iesalmudeyne.es\/wp-content\/uploads\/2019\/11\/IMG-20191120-WA0001-600x450.jpg 600w, https:\/\/biblioteca.iesalmudeyne.es\/wp-content\/uploads\/2019\/11\/IMG-20191120-WA0001-768x576.jpg 768w, https:\/\/biblioteca.iesalmudeyne.es\/wp-content\/uploads\/2019\/11\/IMG-20191120-WA0001-800x600.jpg 800w, https:\/\/biblioteca.iesalmudeyne.es\/wp-content\/uploads\/2019\/11\/IMG-20191120-WA0001-1024x768.jpg 1024w, https:\/\/biblioteca.iesalmudeyne.es\/wp-content\/uploads\/2019\/11\/IMG-20191120-WA0001-1200x900.jpg 1200w, https:\/\/biblioteca.iesalmudeyne.es\/wp-content\/uploads\/2019\/11\/IMG-20191120-WA0001-1536x1152.jpg 1536w, https:\/\/biblioteca.iesalmudeyne.es\/wp-content\/uploads\/2019\/11\/IMG-20191120-WA0001.jpg 1600w\" sizes=\"(max-width: 300px) 100vw, 300px\" \/><\/a><\/p>\n<p>&nbsp;<\/p>\n<p>&nbsp;<\/p>\n<p style=\"text-align: center;\">\u00a1Esperamos hacer mas trabajos como este y disfrutar aprendiendo como lo hemos hecho!<\/p>\n<p><a href=\"http:\/\/biblioteca.iesalmudeyne.es\/wp-content\/uploads\/2019\/11\/IMG-20191120-WA0004.jpg\"><img decoding=\"async\" class=\"aligncenter size-large wp-image-1995\" src=\"http:\/\/biblioteca.iesalmudeyne.es\/wp-content\/uploads\/2019\/11\/IMG-20191120-WA0004-1024x768.jpg\" alt=\"\" width=\"652\" height=\"489\" srcset=\"https:\/\/biblioteca.iesalmudeyne.es\/wp-content\/uploads\/2019\/11\/IMG-20191120-WA0004-200x150.jpg 200w, https:\/\/biblioteca.iesalmudeyne.es\/wp-content\/uploads\/2019\/11\/IMG-20191120-WA0004-300x225.jpg 300w, https:\/\/biblioteca.iesalmudeyne.es\/wp-content\/uploads\/2019\/11\/IMG-20191120-WA0004-400x300.jpg 400w, https:\/\/biblioteca.iesalmudeyne.es\/wp-content\/uploads\/2019\/11\/IMG-20191120-WA0004-600x450.jpg 600w, https:\/\/biblioteca.iesalmudeyne.es\/wp-content\/uploads\/2019\/11\/IMG-20191120-WA0004-768x576.jpg 768w, https:\/\/biblioteca.iesalmudeyne.es\/wp-content\/uploads\/2019\/11\/IMG-20191120-WA0004-800x600.jpg 800w, https:\/\/biblioteca.iesalmudeyne.es\/wp-content\/uploads\/2019\/11\/IMG-20191120-WA0004-1024x768.jpg 1024w, https:\/\/biblioteca.iesalmudeyne.es\/wp-content\/uploads\/2019\/11\/IMG-20191120-WA0004-1200x900.jpg 1200w, https:\/\/biblioteca.iesalmudeyne.es\/wp-content\/uploads\/2019\/11\/IMG-20191120-WA0004-1536x1152.jpg 1536w, https:\/\/biblioteca.iesalmudeyne.es\/wp-content\/uploads\/2019\/11\/IMG-20191120-WA0004.jpg 1600w\" sizes=\"(max-width: 652px) 100vw, 652px\" \/><\/a><\/p>\n<p style=\"text-align: right;\"><strong><em>Articulo enviado por Ana Ma\u00f1ero Ben\u00edtez y Luc\u00eda L\u00f3pez G\u00f3mez<\/em><\/strong><\/p>\n<p style=\"text-align: right;\"><em><strong>1\u00baBachillerato-A<\/strong><\/em><\/p>\n<p>Adem\u00e1s\u00a0 de esta actividad de reposter\u00eda dise\u00f1ada para los niveles de bachillerato y Ciclos, los profesores del Departamento de Ingl\u00e9s prepararon\u00a0 otras como la\u00a0 exposici\u00f3n de calabazas para 1\u00ba y 2\u00ba, la realizaci\u00f3n de cortos para 3\u00ba y 4\u00ba\u00a0 as\u00ed como la visita de los centros de primaria adscritos y que pudieron visitar la exposici\u00f3n de calabazas de miedo, votar la que m\u00e1s les gustaba y hacer una gymkana con pistas en ingl\u00e9s en el patio donde se lo pasaron genial.<a href=\"http:\/\/biblioteca.iesalmudeyne.es\/wp-content\/uploads\/2019\/11\/IMG-20191120-WA0001.jpg\"><br \/>\n<\/a><\/p>\n<p>Aqu\u00ed os lo dejamos!!<\/p>\n<p><iframe src=\"https:\/\/www.youtube.com\/embed\/NtdeM07zOFg\" width=\"560\" height=\"315\" frameborder=\"0\" allowfullscreen=\"allowfullscreen\"><\/iframe><\/p>\n","protected":false},"excerpt":{"rendered":"<p>Antes que nada debemos conocer el origen de esta fiesta. [&hellip;]<\/p>\n","protected":false},"author":1,"featured_media":0,"comment_status":"open","ping_status":"open","sticky":false,"template":"","format":"standard","meta":{"footnotes":""},"categories":[1],"tags":[],"class_list":["post-1989","post","type-post","status-publish","format-standard","hentry","category-uncategorized"],"_links":{"self":[{"href":"https:\/\/biblioteca.iesalmudeyne.es\/index.php?rest_route=\/wp\/v2\/posts\/1989","targetHints":{"allow":["GET"]}}],"collection":[{"href":"https:\/\/biblioteca.iesalmudeyne.es\/index.php?rest_route=\/wp\/v2\/posts"}],"about":[{"href":"https:\/\/biblioteca.iesalmudeyne.es\/index.php?rest_route=\/wp\/v2\/types\/post"}],"author":[{"embeddable":true,"href":"https:\/\/biblioteca.iesalmudeyne.es\/index.php?rest_route=\/wp\/v2\/users\/1"}],"replies":[{"embeddable":true,"href":"https:\/\/biblioteca.iesalmudeyne.es\/index.php?rest_route=%2Fwp%2Fv2%2Fcomments&post=1989"}],"version-history":[{"count":0,"href":"https:\/\/biblioteca.iesalmudeyne.es\/index.php?rest_route=\/wp\/v2\/posts\/1989\/revisions"}],"wp:attachment":[{"href":"https:\/\/biblioteca.iesalmudeyne.es\/index.php?rest_route=%2Fwp%2Fv2%2Fmedia&parent=1989"}],"wp:term":[{"taxonomy":"category","embeddable":true,"href":"https:\/\/biblioteca.iesalmudeyne.es\/index.php?rest_route=%2Fwp%2Fv2%2Fcategories&post=1989"},{"taxonomy":"post_tag","embeddable":true,"href":"https:\/\/biblioteca.iesalmudeyne.es\/index.php?rest_route=%2Fwp%2Fv2%2Ftags&post=1989"}],"curies":[{"name":"wp","href":"https:\/\/api.w.org\/{rel}","templated":true}]}}