{"id":2054,"date":"2019-12-12T08:53:25","date_gmt":"2019-12-12T07:53:25","guid":{"rendered":"http:\/\/biblioteca.iesalmudeyne.es\/?p=2054"},"modified":"2019-12-12T08:53:25","modified_gmt":"2019-12-12T07:53:25","slug":"la-ilusion-en-una-caja","status":"publish","type":"post","link":"https:\/\/biblioteca.iesalmudeyne.es\/?p=2054","title":{"rendered":"La ilusi\u00f3n en una caja"},"content":{"rendered":"<p>La Navidad es una \u00e9poca para dar lo mejor de nosotros, hacer regalos, pero sobre todo regalar felicidad.<\/p>\n<p>Son muchas las ONG\u2019s que participan en este proyecto, que regalan\u00a0 su tiempo a otras personas y a otros proyectos, y a\u00fan m\u00e1s,\u00a0 las personas involucradas en que este proyecto, en concreto,\u00a0 se lleve a cabo.<\/p>\n<p>Fue dif\u00edcil negarse cuando nos propusieron participar en el proyecto Caja de Navidad. Tan s\u00f3lo mencionarlo y por unanimidad empezamos a decidir qu\u00e9 regalos comprar, qu\u00e9 edad tendr\u00eda nuestro destinatario\u2026<\/p>\n<p>Unos calcetines, un ch\u00e1ndal, juguetes varios, juegos de mesa o material escolar\u2026 cosas insignificantes en la vida de cualquiera son aquellas que pueden alegrar la vida de cualquier ni\u00f1o sin recursos.<\/p>\n<p>Nuestra caja tambi\u00e9n va llena de alegr\u00eda, de ver a otros llenos de felicidad por recibir un regalo en la \u00e9poca en la que estamos; va llena de emoci\u00f3n, por preparar la caja con todo el entusiasmo del mundo y elegir todos los enseres para rellenarla; lleva bondad, gratitud y empat\u00eda, pues deseamos que todos los ni\u00f1os del mundo tengan el derecho que nosotros tenemos a emocionarse abriendo un regalo.<\/p>\n<p>Las cajas de las ONG\u2019s van llenas de esfuerzo y dedicaci\u00f3n, pues sin ellas nada de esto ser\u00eda posible, pero tambi\u00e9n van llenas de un poco de preocupaci\u00f3n e incertidumbre por el qu\u00e9 pasar\u00e1 con los regalos, si llegar\u00e1n a tiempo, si se nos olvidar\u00e1 algo o si les gustar\u00e1 a nuestros ni\u00f1os.<\/p>\n<p>Nuestras cajas van llenas de colaboraci\u00f3n con todos los ni\u00f1os que merecen regalos, y la tuya\u00a0 \u00bfde qu\u00e9 va llena?<\/p>\n<p><a href=\"http:\/\/biblioteca.iesalmudeyne.es\/wp-content\/uploads\/2019\/12\/IMG-foto.jpg\"><img decoding=\"async\" class=\"aligncenter size-full wp-image-2055\" src=\"http:\/\/biblioteca.iesalmudeyne.es\/wp-content\/uploads\/2019\/12\/IMG-foto.jpg\" alt=\"\" width=\"859\" height=\"644\" srcset=\"https:\/\/biblioteca.iesalmudeyne.es\/wp-content\/uploads\/2019\/12\/IMG-foto-200x150.jpg 200w, https:\/\/biblioteca.iesalmudeyne.es\/wp-content\/uploads\/2019\/12\/IMG-foto-300x225.jpg 300w, https:\/\/biblioteca.iesalmudeyne.es\/wp-content\/uploads\/2019\/12\/IMG-foto-400x300.jpg 400w, https:\/\/biblioteca.iesalmudeyne.es\/wp-content\/uploads\/2019\/12\/IMG-foto-600x450.jpg 600w, https:\/\/biblioteca.iesalmudeyne.es\/wp-content\/uploads\/2019\/12\/IMG-foto-768x576.jpg 768w, https:\/\/biblioteca.iesalmudeyne.es\/wp-content\/uploads\/2019\/12\/IMG-foto-800x600.jpg 800w, https:\/\/biblioteca.iesalmudeyne.es\/wp-content\/uploads\/2019\/12\/IMG-foto.jpg 859w\" sizes=\"(max-width: 859px) 100vw, 859px\" \/><\/a><\/p>\n<p><em><strong>\u00a0 Articulo enviado por Luc\u00eda Barba Est\u00e9vez<\/strong><\/em><\/p>\n<p><em><strong>\u00a0 \u00a02\u00ba de Administraci\u00f3n y Finanzas.<\/strong><\/em><\/p>\n","protected":false},"excerpt":{"rendered":"<p>La Navidad es una \u00e9poca para dar lo mejor de [&hellip;]<\/p>\n","protected":false},"author":1,"featured_media":0,"comment_status":"open","ping_status":"open","sticky":false,"template":"","format":"standard","meta":{"footnotes":""},"categories":[1],"tags":[],"class_list":["post-2054","post","type-post","status-publish","format-standard","hentry","category-uncategorized"],"_links":{"self":[{"href":"https:\/\/biblioteca.iesalmudeyne.es\/index.php?rest_route=\/wp\/v2\/posts\/2054","targetHints":{"allow":["GET"]}}],"collection":[{"href":"https:\/\/biblioteca.iesalmudeyne.es\/index.php?rest_route=\/wp\/v2\/posts"}],"about":[{"href":"https:\/\/biblioteca.iesalmudeyne.es\/index.php?rest_route=\/wp\/v2\/types\/post"}],"author":[{"embeddable":true,"href":"https:\/\/biblioteca.iesalmudeyne.es\/index.php?rest_route=\/wp\/v2\/users\/1"}],"replies":[{"embeddable":true,"href":"https:\/\/biblioteca.iesalmudeyne.es\/index.php?rest_route=%2Fwp%2Fv2%2Fcomments&post=2054"}],"version-history":[{"count":0,"href":"https:\/\/biblioteca.iesalmudeyne.es\/index.php?rest_route=\/wp\/v2\/posts\/2054\/revisions"}],"wp:attachment":[{"href":"https:\/\/biblioteca.iesalmudeyne.es\/index.php?rest_route=%2Fwp%2Fv2%2Fmedia&parent=2054"}],"wp:term":[{"taxonomy":"category","embeddable":true,"href":"https:\/\/biblioteca.iesalmudeyne.es\/index.php?rest_route=%2Fwp%2Fv2%2Fcategories&post=2054"},{"taxonomy":"post_tag","embeddable":true,"href":"https:\/\/biblioteca.iesalmudeyne.es\/index.php?rest_route=%2Fwp%2Fv2%2Ftags&post=2054"}],"curies":[{"name":"wp","href":"https:\/\/api.w.org\/{rel}","templated":true}]}}