{"id":2059,"date":"2019-12-14T14:48:59","date_gmt":"2019-12-14T13:48:59","guid":{"rendered":"http:\/\/biblioteca.iesalmudeyne.es\/?p=2059"},"modified":"2019-12-14T14:48:59","modified_gmt":"2019-12-14T13:48:59","slug":"que-es-un-visual-thinking","status":"publish","type":"post","link":"https:\/\/biblioteca.iesalmudeyne.es\/?p=2059","title":{"rendered":"\u00bfQu\u00e9 es un Visual Thinking?"},"content":{"rendered":"<p><span style=\"font-weight: 400;\">Hola, buenos dias.<\/span><\/p>\n<p><span style=\"font-weight: 400;\">Mi nombre es Francisco Javier Rodr\u00edguez Aguilar y soy alumno de 1\u00ba de bachillerato C (ciencias sociales).<\/span><\/p>\n<p><span style=\"font-weight: 400;\">Os voy a hablar de una actividad que hicimos en clase de lengua con nuestra tutora Berta Oca\u00f1a,<\/span><\/p>\n<p><span style=\"font-weight: 400;\">\u00a0<\/span><span style=\"font-weight: 400;\">Berta nos explic\u00f3 una t\u00e9cnica para estudiar y resumir que se llama Visual Thinking. Esta consiste en explicar el tema que se est\u00e9 dando en clase y expresarlo en peque\u00f1os dibujos que, al visualizarlos, entiendas y puedas memorizar. Es un esquema que debe realizarse en una carilla de folio donde te resume todo el tema que has dado y poder verlo de un vistazo.\u00a0<\/span><span style=\"font-weight: 400;\">Por ejemplo, nosotros realizamos un Visual Thinking del tema de la Literatura espa\u00f1ola en la Edad Media.<\/span><\/p>\n<p><a href=\"http:\/\/biblioteca.iesalmudeyne.es\/wp-content\/uploads\/2019\/12\/IMG_20191205_134640-1.jpg\"><img decoding=\"async\" class=\"aligncenter size-full wp-image-2070\" src=\"http:\/\/biblioteca.iesalmudeyne.es\/wp-content\/uploads\/2019\/12\/IMG_20191205_134640-1.jpg\" alt=\"\" width=\"391\" height=\"281\" srcset=\"https:\/\/biblioteca.iesalmudeyne.es\/wp-content\/uploads\/2019\/12\/IMG_20191205_134640-1-200x144.jpg 200w, https:\/\/biblioteca.iesalmudeyne.es\/wp-content\/uploads\/2019\/12\/IMG_20191205_134640-1-300x216.jpg 300w, https:\/\/biblioteca.iesalmudeyne.es\/wp-content\/uploads\/2019\/12\/IMG_20191205_134640-1.jpg 391w\" sizes=\"(max-width: 391px) 100vw, 391px\" \/><\/a><\/p>\n<p>&nbsp;<\/p>\n<p><span style=\"font-weight: 400;\">Opino que la actividad, que nuestra profesora ha puesto en pr\u00e1ctica a\u00f1os atr\u00e1s es muy eficiente, ya que te ayuda a estudiar mejor el contenido; y ya no es s\u00f3lo estudiarlo para aprobar la asignatura, aparte te ayuda a comprenderlo mejor y a aprender partes de ese tema que ni siquiera sab\u00edas que exist\u00edan, porque, en mi caso, cuando lo hice, me entr\u00f3 curiosidad al ver algunos de mis dibujos y buscar por Internet o en el libro qu\u00e9 es lo que pas\u00f3 en esa \u00e9poca y qu\u00e9 narra esa literatura: el Cantar de Mio Cid, la Celestina&#8230;\u00a0<\/span><\/p>\n<p><a href=\"http:\/\/biblioteca.iesalmudeyne.es\/wp-content\/uploads\/2019\/12\/IMG_20191210_104304.jpg\"><img decoding=\"async\" class=\"alignleft size-medium wp-image-2067\" src=\"http:\/\/biblioteca.iesalmudeyne.es\/wp-content\/uploads\/2019\/12\/IMG_20191210_104304-208x300.jpg\" alt=\"\" width=\"208\" height=\"300\" srcset=\"https:\/\/biblioteca.iesalmudeyne.es\/wp-content\/uploads\/2019\/12\/IMG_20191210_104304-200x289.jpg 200w, https:\/\/biblioteca.iesalmudeyne.es\/wp-content\/uploads\/2019\/12\/IMG_20191210_104304-208x300.jpg 208w, https:\/\/biblioteca.iesalmudeyne.es\/wp-content\/uploads\/2019\/12\/IMG_20191210_104304-400x578.jpg 400w, https:\/\/biblioteca.iesalmudeyne.es\/wp-content\/uploads\/2019\/12\/IMG_20191210_104304-600x866.jpg 600w, https:\/\/biblioteca.iesalmudeyne.es\/wp-content\/uploads\/2019\/12\/IMG_20191210_104304-709x1024.jpg 709w, https:\/\/biblioteca.iesalmudeyne.es\/wp-content\/uploads\/2019\/12\/IMG_20191210_104304-768x1109.jpg 768w, https:\/\/biblioteca.iesalmudeyne.es\/wp-content\/uploads\/2019\/12\/IMG_20191210_104304-800x1155.jpg 800w, https:\/\/biblioteca.iesalmudeyne.es\/wp-content\/uploads\/2019\/12\/IMG_20191210_104304-1064x1536.jpg 1064w, https:\/\/biblioteca.iesalmudeyne.es\/wp-content\/uploads\/2019\/12\/IMG_20191210_104304-1200x1733.jpg 1200w, https:\/\/biblioteca.iesalmudeyne.es\/wp-content\/uploads\/2019\/12\/IMG_20191210_104304-1418x2048.jpg 1418w, https:\/\/biblioteca.iesalmudeyne.es\/wp-content\/uploads\/2019\/12\/IMG_20191210_104304-scaled.jpg 1773w\" sizes=\"(max-width: 208px) 100vw, 208px\" \/><\/a><\/p>\n<p><a href=\"http:\/\/biblioteca.iesalmudeyne.es\/wp-content\/uploads\/2019\/12\/IMG_20191205_134612-1.jpg\"><img decoding=\"async\" class=\"alignright  wp-image-2071\" src=\"http:\/\/biblioteca.iesalmudeyne.es\/wp-content\/uploads\/2019\/12\/IMG_20191205_134612-1-300x199.jpg\" alt=\"\" width=\"404\" height=\"268\" srcset=\"https:\/\/biblioteca.iesalmudeyne.es\/wp-content\/uploads\/2019\/12\/IMG_20191205_134612-1-200x133.jpg 200w, https:\/\/biblioteca.iesalmudeyne.es\/wp-content\/uploads\/2019\/12\/IMG_20191205_134612-1-300x199.jpg 300w, https:\/\/biblioteca.iesalmudeyne.es\/wp-content\/uploads\/2019\/12\/IMG_20191205_134612-1-400x266.jpg 400w, https:\/\/biblioteca.iesalmudeyne.es\/wp-content\/uploads\/2019\/12\/IMG_20191205_134612-1-600x399.jpg 600w, https:\/\/biblioteca.iesalmudeyne.es\/wp-content\/uploads\/2019\/12\/IMG_20191205_134612-1-768x510.jpg 768w, https:\/\/biblioteca.iesalmudeyne.es\/wp-content\/uploads\/2019\/12\/IMG_20191205_134612-1-800x531.jpg 800w, https:\/\/biblioteca.iesalmudeyne.es\/wp-content\/uploads\/2019\/12\/IMG_20191205_134612-1-1024x680.jpg 1024w, https:\/\/biblioteca.iesalmudeyne.es\/wp-content\/uploads\/2019\/12\/IMG_20191205_134612-1-1200x797.jpg 1200w, https:\/\/biblioteca.iesalmudeyne.es\/wp-content\/uploads\/2019\/12\/IMG_20191205_134612-1-1536x1020.jpg 1536w, https:\/\/biblioteca.iesalmudeyne.es\/wp-content\/uploads\/2019\/12\/IMG_20191205_134612-1.jpg 1585w\" sizes=\"(max-width: 404px) 100vw, 404px\" \/><\/a><\/p>\n<p>&nbsp;<\/p>\n<p>&nbsp;<\/p>\n<p>&nbsp;<\/p>\n<p>&nbsp;<\/p>\n<p>&nbsp;<\/p>\n<p>&nbsp;<\/p>\n<p>&nbsp;<\/p>\n<p><span style=\"font-weight: 400;\">Esto es todo. Espero que alg\u00fan d\u00eda os anim\u00e9is a hacer un Visual Thinking porque te ayuda mucho a comprender el temario y a aprender; da igual si la asignatura es Lengua, Historia, Biolog\u00eda o cualquier otra.<\/span><\/p>\n<p><a href=\"http:\/\/biblioteca.iesalmudeyne.es\/wp-content\/uploads\/2019\/12\/IMG_20191210_104304.jpg\"><img decoding=\"async\" class=\"aligncenter size-full wp-image-2067\" src=\"http:\/\/biblioteca.iesalmudeyne.es\/wp-content\/uploads\/2019\/12\/IMG_20191210_104304.jpg\" alt=\"\" width=\"2607\" height=\"3764\" \/><\/a><\/p>\n<p><a href=\"http:\/\/biblioteca.iesalmudeyne.es\/wp-content\/uploads\/2019\/12\/IMG_20191210_104433.jpg\"><img decoding=\"async\" class=\"aligncenter size-full wp-image-2066\" src=\"http:\/\/biblioteca.iesalmudeyne.es\/wp-content\/uploads\/2019\/12\/IMG_20191210_104433.jpg\" alt=\"\" width=\"2782\" height=\"3791\" \/><\/a><\/p>\n<p><a href=\"http:\/\/biblioteca.iesalmudeyne.es\/wp-content\/uploads\/2019\/12\/IMG_20191210_104728.jpg\"><img decoding=\"async\" class=\"aligncenter size-full wp-image-2069\" src=\"http:\/\/biblioteca.iesalmudeyne.es\/wp-content\/uploads\/2019\/12\/IMG_20191210_104728.jpg\" alt=\"\" width=\"2799\" height=\"3927\" \/><\/a><\/p>\n<p><span style=\"font-weight: 400;\">\u00a1Un saludo!<\/span><\/p>\n<p><em>Tengo que a\u00f1adir que hab\u00eda muchos m\u00e1s en la exposici\u00f3n, todos distintos y maravillosos, y con ellos tambi\u00e9n he aprendido sobre esta t\u00e9cnica llamada Visual Thinking. Enhorabuena!!<\/em><\/p>\n","protected":false},"excerpt":{"rendered":"<p>Hola, buenos dias. Mi nombre es Francisco Javier Rodr\u00edguez Aguilar [&hellip;]<\/p>\n","protected":false},"author":1,"featured_media":0,"comment_status":"open","ping_status":"open","sticky":false,"template":"","format":"standard","meta":{"footnotes":""},"categories":[1],"tags":[],"class_list":["post-2059","post","type-post","status-publish","format-standard","hentry","category-uncategorized"],"_links":{"self":[{"href":"https:\/\/biblioteca.iesalmudeyne.es\/index.php?rest_route=\/wp\/v2\/posts\/2059","targetHints":{"allow":["GET"]}}],"collection":[{"href":"https:\/\/biblioteca.iesalmudeyne.es\/index.php?rest_route=\/wp\/v2\/posts"}],"about":[{"href":"https:\/\/biblioteca.iesalmudeyne.es\/index.php?rest_route=\/wp\/v2\/types\/post"}],"author":[{"embeddable":true,"href":"https:\/\/biblioteca.iesalmudeyne.es\/index.php?rest_route=\/wp\/v2\/users\/1"}],"replies":[{"embeddable":true,"href":"https:\/\/biblioteca.iesalmudeyne.es\/index.php?rest_route=%2Fwp%2Fv2%2Fcomments&post=2059"}],"version-history":[{"count":0,"href":"https:\/\/biblioteca.iesalmudeyne.es\/index.php?rest_route=\/wp\/v2\/posts\/2059\/revisions"}],"wp:attachment":[{"href":"https:\/\/biblioteca.iesalmudeyne.es\/index.php?rest_route=%2Fwp%2Fv2%2Fmedia&parent=2059"}],"wp:term":[{"taxonomy":"category","embeddable":true,"href":"https:\/\/biblioteca.iesalmudeyne.es\/index.php?rest_route=%2Fwp%2Fv2%2Fcategories&post=2059"},{"taxonomy":"post_tag","embeddable":true,"href":"https:\/\/biblioteca.iesalmudeyne.es\/index.php?rest_route=%2Fwp%2Fv2%2Ftags&post=2059"}],"curies":[{"name":"wp","href":"https:\/\/api.w.org\/{rel}","templated":true}]}}