{"id":2076,"date":"2019-12-22T13:45:20","date_gmt":"2019-12-22T12:45:20","guid":{"rendered":"http:\/\/biblioteca.iesalmudeyne.es\/?p=2076"},"modified":"2019-12-22T13:45:20","modified_gmt":"2019-12-22T12:45:20","slug":"proximamente-el-guernika-en-el-almudeyne","status":"publish","type":"post","link":"https:\/\/biblioteca.iesalmudeyne.es\/?p=2076","title":{"rendered":"Proximamente el Guernika en el Almudeyne!!"},"content":{"rendered":"<p><a href=\"http:\/\/biblioteca.iesalmudeyne.es\/wp-content\/uploads\/2019\/12\/picasso.jpg\"><img decoding=\"async\" class=\"aligncenter size-full wp-image-2077\" src=\"http:\/\/biblioteca.iesalmudeyne.es\/wp-content\/uploads\/2019\/12\/picasso.jpg\" alt=\"\" width=\"1101\" height=\"501\" srcset=\"https:\/\/biblioteca.iesalmudeyne.es\/wp-content\/uploads\/2019\/12\/picasso-200x91.jpg 200w, https:\/\/biblioteca.iesalmudeyne.es\/wp-content\/uploads\/2019\/12\/picasso-300x137.jpg 300w, https:\/\/biblioteca.iesalmudeyne.es\/wp-content\/uploads\/2019\/12\/picasso-400x182.jpg 400w, https:\/\/biblioteca.iesalmudeyne.es\/wp-content\/uploads\/2019\/12\/picasso-600x273.jpg 600w, https:\/\/biblioteca.iesalmudeyne.es\/wp-content\/uploads\/2019\/12\/picasso-768x349.jpg 768w, https:\/\/biblioteca.iesalmudeyne.es\/wp-content\/uploads\/2019\/12\/picasso-800x364.jpg 800w, https:\/\/biblioteca.iesalmudeyne.es\/wp-content\/uploads\/2019\/12\/picasso-1024x466.jpg 1024w, https:\/\/biblioteca.iesalmudeyne.es\/wp-content\/uploads\/2019\/12\/picasso.jpg 1101w\" sizes=\"(max-width: 1101px) 100vw, 1101px\" \/><\/a><\/p>\n<p>El grupo de 3\u00baESO-B est\u00e1 preparando y ensayando un alegato coral contra la violencia, la guerra y la destrucci\u00f3n que proximamente representar\u00e1n en la biblioteca bajo la direcci\u00f3n del profesor de Lengua Castellana D. Antonio Cabello.<br \/>\nUn homenaje del IES Almudeyne al pintor Picasso, que tras escuchar la radio y leer los peri\u00f3dicos dedic\u00f3 este\u00a0 emblem\u00e1tico cuadro al Estado espa\u00f1ol, al pueblo que sufri\u00f3 tanto los rigores de esa guerra incivil y cruel.<\/p>\n<p><a href=\"http:\/\/biblioteca.iesalmudeyne.es\/wp-content\/uploads\/2019\/12\/IMG-20191216-WA0011.jpg\"><img decoding=\"async\" class=\"aligncenter size-full wp-image-2078\" src=\"http:\/\/biblioteca.iesalmudeyne.es\/wp-content\/uploads\/2019\/12\/IMG-20191216-WA0011.jpg\" alt=\"\" width=\"2048\" height=\"1536\" srcset=\"https:\/\/biblioteca.iesalmudeyne.es\/wp-content\/uploads\/2019\/12\/IMG-20191216-WA0011-200x150.jpg 200w, https:\/\/biblioteca.iesalmudeyne.es\/wp-content\/uploads\/2019\/12\/IMG-20191216-WA0011-300x225.jpg 300w, https:\/\/biblioteca.iesalmudeyne.es\/wp-content\/uploads\/2019\/12\/IMG-20191216-WA0011-400x300.jpg 400w, https:\/\/biblioteca.iesalmudeyne.es\/wp-content\/uploads\/2019\/12\/IMG-20191216-WA0011-600x450.jpg 600w, https:\/\/biblioteca.iesalmudeyne.es\/wp-content\/uploads\/2019\/12\/IMG-20191216-WA0011-768x576.jpg 768w, https:\/\/biblioteca.iesalmudeyne.es\/wp-content\/uploads\/2019\/12\/IMG-20191216-WA0011-800x600.jpg 800w, https:\/\/biblioteca.iesalmudeyne.es\/wp-content\/uploads\/2019\/12\/IMG-20191216-WA0011-1024x768.jpg 1024w, https:\/\/biblioteca.iesalmudeyne.es\/wp-content\/uploads\/2019\/12\/IMG-20191216-WA0011-1200x900.jpg 1200w, https:\/\/biblioteca.iesalmudeyne.es\/wp-content\/uploads\/2019\/12\/IMG-20191216-WA0011-1536x1152.jpg 1536w, https:\/\/biblioteca.iesalmudeyne.es\/wp-content\/uploads\/2019\/12\/IMG-20191216-WA0011.jpg 2048w\" sizes=\"(max-width: 2048px) 100vw, 2048px\" \/><\/a><\/p>\n<p style=\"text-align: center;\"><strong>\u00abEl grupo de 3\u00baB contra la violencia\u00bb<\/strong><\/p>\n<p style=\"text-align: right;\">Enviado por el profesor D. Antonio Cabello.<\/p>\n","protected":false},"excerpt":{"rendered":"<p>El grupo de 3\u00baESO-B est\u00e1 preparando y ensayando un alegato [&hellip;]<\/p>\n","protected":false},"author":1,"featured_media":0,"comment_status":"open","ping_status":"open","sticky":false,"template":"","format":"standard","meta":{"footnotes":""},"categories":[1],"tags":[],"class_list":["post-2076","post","type-post","status-publish","format-standard","hentry","category-uncategorized"],"_links":{"self":[{"href":"https:\/\/biblioteca.iesalmudeyne.es\/index.php?rest_route=\/wp\/v2\/posts\/2076","targetHints":{"allow":["GET"]}}],"collection":[{"href":"https:\/\/biblioteca.iesalmudeyne.es\/index.php?rest_route=\/wp\/v2\/posts"}],"about":[{"href":"https:\/\/biblioteca.iesalmudeyne.es\/index.php?rest_route=\/wp\/v2\/types\/post"}],"author":[{"embeddable":true,"href":"https:\/\/biblioteca.iesalmudeyne.es\/index.php?rest_route=\/wp\/v2\/users\/1"}],"replies":[{"embeddable":true,"href":"https:\/\/biblioteca.iesalmudeyne.es\/index.php?rest_route=%2Fwp%2Fv2%2Fcomments&post=2076"}],"version-history":[{"count":0,"href":"https:\/\/biblioteca.iesalmudeyne.es\/index.php?rest_route=\/wp\/v2\/posts\/2076\/revisions"}],"wp:attachment":[{"href":"https:\/\/biblioteca.iesalmudeyne.es\/index.php?rest_route=%2Fwp%2Fv2%2Fmedia&parent=2076"}],"wp:term":[{"taxonomy":"category","embeddable":true,"href":"https:\/\/biblioteca.iesalmudeyne.es\/index.php?rest_route=%2Fwp%2Fv2%2Fcategories&post=2076"},{"taxonomy":"post_tag","embeddable":true,"href":"https:\/\/biblioteca.iesalmudeyne.es\/index.php?rest_route=%2Fwp%2Fv2%2Ftags&post=2076"}],"curies":[{"name":"wp","href":"https:\/\/api.w.org\/{rel}","templated":true}]}}