{"id":2080,"date":"2019-12-22T14:00:10","date_gmt":"2019-12-22T13:00:10","guid":{"rendered":"http:\/\/biblioteca.iesalmudeyne.es\/?p=2080"},"modified":"2019-12-22T14:00:10","modified_gmt":"2019-12-22T13:00:10","slug":"saturnalias","status":"publish","type":"post","link":"https:\/\/biblioteca.iesalmudeyne.es\/?p=2080","title":{"rendered":"Saturnalias"},"content":{"rendered":"<p>Mi nombre es Lola Angulo y os voy a narrar la fiesta que mis compa\u00f1eros y yo celebramos el<br \/>\npasado 16 de diciembre en el SUM de nuestro instituto.<br \/>\nTodo comenz\u00f3 cuando nuestra profesora de lat\u00edn, Ana Fern\u00e1ndez, propuso a Isabel Mar\u00eda<br \/>\nBali\u00f1o y Luc\u00eda Moguer realizar una exposici\u00f3n oral en la que explicaran la Saturnalia. Gracias a<br \/>\ndicha exposici\u00f3n supimos que la Saturnalia es una importante fiesta romana en honor a<br \/>\nSaturno, dios de la agricultura. La ra\u00edz de esta festividad es el Solsticio y el calendario agr\u00edcola,<br \/>\npor lo que se celebraba del 17 al 23 de diciembre. En ella los romanos realizaban ofrendas a<br \/>\nSaturno y era considerado el mejor d\u00eda del a\u00f1o.<\/p>\n<p><a href=\"http:\/\/biblioteca.iesalmudeyne.es\/wp-content\/uploads\/2019\/12\/79470800_2793485137339429_8449579007841665024_o.jpg\"><img decoding=\"async\" class=\"alignleft size-full wp-image-2082\" src=\"http:\/\/biblioteca.iesalmudeyne.es\/wp-content\/uploads\/2019\/12\/79470800_2793485137339429_8449579007841665024_o.jpg\" alt=\"\" width=\"200\" height=\"200\" srcset=\"https:\/\/biblioteca.iesalmudeyne.es\/wp-content\/uploads\/2019\/12\/79470800_2793485137339429_8449579007841665024_o-66x66.jpg 66w, https:\/\/biblioteca.iesalmudeyne.es\/wp-content\/uploads\/2019\/12\/79470800_2793485137339429_8449579007841665024_o-150x150.jpg 150w, https:\/\/biblioteca.iesalmudeyne.es\/wp-content\/uploads\/2019\/12\/79470800_2793485137339429_8449579007841665024_o.jpg 200w\" sizes=\"(max-width: 200px) 100vw, 200px\" \/><\/a><a href=\"http:\/\/biblioteca.iesalmudeyne.es\/wp-content\/uploads\/2019\/12\/78744347_2793485324006077_1356122738162401280_o.jpg\"><img decoding=\"async\" class=\"alignright size-medium wp-image-2081\" src=\"http:\/\/biblioteca.iesalmudeyne.es\/wp-content\/uploads\/2019\/12\/78744347_2793485324006077_1356122738162401280_o-225x300.jpg\" alt=\"\" width=\"225\" height=\"300\" srcset=\"https:\/\/biblioteca.iesalmudeyne.es\/wp-content\/uploads\/2019\/12\/78744347_2793485324006077_1356122738162401280_o-200x267.jpg 200w, https:\/\/biblioteca.iesalmudeyne.es\/wp-content\/uploads\/2019\/12\/78744347_2793485324006077_1356122738162401280_o-225x300.jpg 225w, https:\/\/biblioteca.iesalmudeyne.es\/wp-content\/uploads\/2019\/12\/78744347_2793485324006077_1356122738162401280_o-400x533.jpg 400w, https:\/\/biblioteca.iesalmudeyne.es\/wp-content\/uploads\/2019\/12\/78744347_2793485324006077_1356122738162401280_o-600x800.jpg 600w, https:\/\/biblioteca.iesalmudeyne.es\/wp-content\/uploads\/2019\/12\/78744347_2793485324006077_1356122738162401280_o.jpg 720w\" sizes=\"(max-width: 225px) 100vw, 225px\" \/><\/a><br \/>\nSi nos ponemos a pensarlo, estas fiestas en las que se hac\u00edan banquetes, se intercambiaban<br \/>\nregalos, ten\u00edan lugar en el mes de diciembre\u2026\u00a1Se parece mucho a nuestra Navidad!<br \/>\nUna vez expuesta la teor\u00eda, Ana nos propuso representarla. S\u00f3lo necesitar\u00edamos una vestimenta adecuada (con una s\u00e1bana blanca y un cintur\u00f3n podr\u00edamos hacer maravillas), la comida del banquete y regalos (piezas de arcilla que hicimos en clase).<br \/>\nDecoramos el Sum con plantas y velas para celebrar la nueva venida de la luz y escogimos a nuestro compa\u00f1ero Iv\u00e1n como dios Saturno, quien permaneci\u00f3 en un trono con los pies atados mientras el resto de la clase realizaba una procesi\u00f3n para entregarle las ofrendas, que eran frutos secos.<\/p>\n<p><a href=\"http:\/\/biblioteca.iesalmudeyne.es\/wp-content\/uploads\/2019\/12\/80456241_2793485150672761_8737236392406417408_o.jpg\"><img decoding=\"async\" class=\"aligncenter size-full wp-image-2084\" src=\"http:\/\/biblioteca.iesalmudeyne.es\/wp-content\/uploads\/2019\/12\/80456241_2793485150672761_8737236392406417408_o.jpg\" alt=\"\" width=\"200\" height=\"200\" srcset=\"https:\/\/biblioteca.iesalmudeyne.es\/wp-content\/uploads\/2019\/12\/80456241_2793485150672761_8737236392406417408_o-66x66.jpg 66w, https:\/\/biblioteca.iesalmudeyne.es\/wp-content\/uploads\/2019\/12\/80456241_2793485150672761_8737236392406417408_o-150x150.jpg 150w, https:\/\/biblioteca.iesalmudeyne.es\/wp-content\/uploads\/2019\/12\/80456241_2793485150672761_8737236392406417408_o.jpg 200w\" sizes=\"(max-width: 200px) 100vw, 200px\" \/><\/a><\/p>\n<p>Para finalizar, nuestras compa\u00f1eras Mar\u00eda Isabel, Mar\u00eda y Luc\u00eda leyeron dos textos<br \/>\npertenecientes a las Odas de Horacio que tradujeron a continuaci\u00f3n Inma y Ana. Toda la<br \/>\nrepresentaci\u00f3n se ameniz\u00f3 con m\u00fasica romana de la \u00e9poca.<br \/>\nFinalizamos con el grito \u00a1 Io, Satunalia!, que significa \u00a1Felices Saturnales!<\/p>\n<p>&nbsp;<\/p>\n<p><a href=\"http:\/\/biblioteca.iesalmudeyne.es\/wp-content\/uploads\/2019\/12\/79917165_2793485330672743_9072595599315959808_o.jpg\"><img decoding=\"async\" class=\"aligncenter size-full wp-image-2083\" src=\"http:\/\/biblioteca.iesalmudeyne.es\/wp-content\/uploads\/2019\/12\/79917165_2793485330672743_9072595599315959808_o.jpg\" alt=\"\" width=\"960\" height=\"720\" srcset=\"https:\/\/biblioteca.iesalmudeyne.es\/wp-content\/uploads\/2019\/12\/79917165_2793485330672743_9072595599315959808_o-200x150.jpg 200w, https:\/\/biblioteca.iesalmudeyne.es\/wp-content\/uploads\/2019\/12\/79917165_2793485330672743_9072595599315959808_o-300x225.jpg 300w, https:\/\/biblioteca.iesalmudeyne.es\/wp-content\/uploads\/2019\/12\/79917165_2793485330672743_9072595599315959808_o-400x300.jpg 400w, https:\/\/biblioteca.iesalmudeyne.es\/wp-content\/uploads\/2019\/12\/79917165_2793485330672743_9072595599315959808_o-600x450.jpg 600w, https:\/\/biblioteca.iesalmudeyne.es\/wp-content\/uploads\/2019\/12\/79917165_2793485330672743_9072595599315959808_o-768x576.jpg 768w, https:\/\/biblioteca.iesalmudeyne.es\/wp-content\/uploads\/2019\/12\/79917165_2793485330672743_9072595599315959808_o-800x600.jpg 800w, https:\/\/biblioteca.iesalmudeyne.es\/wp-content\/uploads\/2019\/12\/79917165_2793485330672743_9072595599315959808_o.jpg 960w\" sizes=\"(max-width: 960px) 100vw, 960px\" \/><\/a><br \/>\nUna enriquecedora experiencia de la que todos hemos disfrutado, as\u00ed que como dec\u00edan los<br \/>\nromanos \u201caprovechemos la ocasi\u00f3n porque no siempre ser\u00e1n Saturnales\u201d.<\/p>\n","protected":false},"excerpt":{"rendered":"<p>Mi nombre es Lola Angulo y os voy a narrar [&hellip;]<\/p>\n","protected":false},"author":1,"featured_media":0,"comment_status":"open","ping_status":"open","sticky":false,"template":"","format":"standard","meta":{"footnotes":""},"categories":[1],"tags":[],"class_list":["post-2080","post","type-post","status-publish","format-standard","hentry","category-uncategorized"],"_links":{"self":[{"href":"https:\/\/biblioteca.iesalmudeyne.es\/index.php?rest_route=\/wp\/v2\/posts\/2080","targetHints":{"allow":["GET"]}}],"collection":[{"href":"https:\/\/biblioteca.iesalmudeyne.es\/index.php?rest_route=\/wp\/v2\/posts"}],"about":[{"href":"https:\/\/biblioteca.iesalmudeyne.es\/index.php?rest_route=\/wp\/v2\/types\/post"}],"author":[{"embeddable":true,"href":"https:\/\/biblioteca.iesalmudeyne.es\/index.php?rest_route=\/wp\/v2\/users\/1"}],"replies":[{"embeddable":true,"href":"https:\/\/biblioteca.iesalmudeyne.es\/index.php?rest_route=%2Fwp%2Fv2%2Fcomments&post=2080"}],"version-history":[{"count":0,"href":"https:\/\/biblioteca.iesalmudeyne.es\/index.php?rest_route=\/wp\/v2\/posts\/2080\/revisions"}],"wp:attachment":[{"href":"https:\/\/biblioteca.iesalmudeyne.es\/index.php?rest_route=%2Fwp%2Fv2%2Fmedia&parent=2080"}],"wp:term":[{"taxonomy":"category","embeddable":true,"href":"https:\/\/biblioteca.iesalmudeyne.es\/index.php?rest_route=%2Fwp%2Fv2%2Fcategories&post=2080"},{"taxonomy":"post_tag","embeddable":true,"href":"https:\/\/biblioteca.iesalmudeyne.es\/index.php?rest_route=%2Fwp%2Fv2%2Ftags&post=2080"}],"curies":[{"name":"wp","href":"https:\/\/api.w.org\/{rel}","templated":true}]}}