{"id":2087,"date":"2019-12-22T14:51:13","date_gmt":"2019-12-22T13:51:13","guid":{"rendered":"http:\/\/biblioteca.iesalmudeyne.es\/?p=2087"},"modified":"2019-12-22T14:51:13","modified_gmt":"2019-12-22T13:51:13","slug":"azucaaaarrrr","status":"publish","type":"post","link":"https:\/\/biblioteca.iesalmudeyne.es\/?p=2087","title":{"rendered":"\u00a1\u00a1Az\u00facaaaarrrr!!"},"content":{"rendered":"<div id=\":s4\" class=\"ii gt\">\n<div id=\":qs\" class=\"a3s aXjCH \">\n<div dir=\"auto\">Queremos hacernos eco de esta fant\u00e1stica actividad que surge en el Departamento de Biolog\u00eda de mano de la compa\u00f1era Digna Begines.<\/div>\n<div dir=\"auto\">Campa\u00f1a realizada con los alumnos de 2\u00baBach- A y que nos da a conocer y nos\u00a0 hace replantearnos el contenido excesivo de az\u00facar en alimentos de consumo cotidiano. Se ha llevado a cabo\u00a0 en la asignatura \u00abIntroducci\u00f3n para las ciencias de la salud\u00bb.<\/p>\n<div dir=\"auto\">Hemos trabajado este mural en 1\u00ba ESO para concienciar a toda la comunidad educativa\u00a0 sobre la cantidad excesiva de esta sustancia que encontramos en alimentos comunes y valorar si tenemos una buena alimentaci\u00f3n. Para ello hemos tenido el cuenta que la cantidad de az\u00facares \u00aba\u00f1adidos\u00bb diarios recomendados por las OMS es de 25g.<\/div>\n<div dir=\"auto\"><\/div>\n<div dir=\"auto\"><a href=\"http:\/\/biblioteca.iesalmudeyne.es\/wp-content\/uploads\/2019\/12\/IMG_20191217_154501-1.jpg\"><img decoding=\"async\" class=\"aligncenter size-full wp-image-2088\" src=\"http:\/\/biblioteca.iesalmudeyne.es\/wp-content\/uploads\/2019\/12\/IMG_20191217_154501-1.jpg\" alt=\"\" width=\"4000\" height=\"3000\" \/><\/a><\/div>\n<div dir=\"auto\">Este instructivo mural ha despertado mucho inter\u00e9s tanto entre alumnado como entre los profesores y\u00a0 nos ha ayudado a tomar conciencia de los altos contenidos de az\u00facar que contienen gran cantidad de alimentos.<\/div>\n<div dir=\"auto\"><\/div>\n<div dir=\"auto\"><a href=\"http:\/\/biblioteca.iesalmudeyne.es\/wp-content\/uploads\/2019\/12\/IMG_20191217_154508_1-1-e1577022239577.jpg\"><img decoding=\"async\" class=\"alignleft  wp-image-2089\" src=\"http:\/\/biblioteca.iesalmudeyne.es\/wp-content\/uploads\/2019\/12\/IMG_20191217_154508_1-1-e1577022239577-768x1024.jpg\" alt=\"\" width=\"546\" height=\"728\" srcset=\"https:\/\/biblioteca.iesalmudeyne.es\/wp-content\/uploads\/2019\/12\/IMG_20191217_154508_1-1-e1577022239577-200x267.jpg 200w, https:\/\/biblioteca.iesalmudeyne.es\/wp-content\/uploads\/2019\/12\/IMG_20191217_154508_1-1-e1577022239577-225x300.jpg 225w, https:\/\/biblioteca.iesalmudeyne.es\/wp-content\/uploads\/2019\/12\/IMG_20191217_154508_1-1-e1577022239577-400x533.jpg 400w, https:\/\/biblioteca.iesalmudeyne.es\/wp-content\/uploads\/2019\/12\/IMG_20191217_154508_1-1-e1577022239577-600x800.jpg 600w, https:\/\/biblioteca.iesalmudeyne.es\/wp-content\/uploads\/2019\/12\/IMG_20191217_154508_1-1-e1577022239577-768x1024.jpg 768w, https:\/\/biblioteca.iesalmudeyne.es\/wp-content\/uploads\/2019\/12\/IMG_20191217_154508_1-1-e1577022239577-800x1067.jpg 800w, https:\/\/biblioteca.iesalmudeyne.es\/wp-content\/uploads\/2019\/12\/IMG_20191217_154508_1-1-e1577022239577-1152x1536.jpg 1152w, https:\/\/biblioteca.iesalmudeyne.es\/wp-content\/uploads\/2019\/12\/IMG_20191217_154508_1-1-e1577022239577-1200x1600.jpg 1200w, https:\/\/biblioteca.iesalmudeyne.es\/wp-content\/uploads\/2019\/12\/IMG_20191217_154508_1-1-e1577022239577-1536x2048.jpg 1536w, https:\/\/biblioteca.iesalmudeyne.es\/wp-content\/uploads\/2019\/12\/IMG_20191217_154508_1-1-e1577022239577-scaled.jpg 1920w\" sizes=\"(max-width: 546px) 100vw, 546px\" \/><\/a><\/div>\n<div dir=\"auto\"><\/div>\n<div dir=\"auto\"><\/div>\n<div dir=\"auto\"><\/div>\n<div dir=\"auto\"><\/div>\n<div dir=\"auto\"><\/div>\n<div dir=\"auto\"><\/div>\n<div dir=\"auto\"><\/div>\n<div dir=\"auto\"><\/div>\n<div dir=\"auto\"><\/div>\n<div dir=\"auto\"><\/div>\n<div dir=\"auto\"><\/div>\n<div dir=\"auto\"><\/div>\n<div dir=\"auto\"><\/div>\n<div dir=\"auto\"><\/div>\n<div dir=\"auto\"><\/div>\n<div dir=\"auto\"><\/div>\n<div dir=\"auto\"><\/div>\n<div dir=\"auto\"><\/div>\n<div dir=\"auto\"><\/div>\n<div dir=\"auto\"><\/div>\n<div dir=\"auto\"><\/div>\n<div dir=\"auto\"><\/div>\n<div dir=\"auto\"><\/div>\n<div dir=\"auto\"><\/div>\n<div dir=\"auto\"><\/div>\n<div dir=\"auto\"><\/div>\n<div dir=\"auto\"><\/div>\n<div dir=\"auto\"><\/div>\n<div dir=\"auto\"><\/div>\n<div dir=\"auto\"><\/div>\n<div dir=\"auto\"><\/div>\n<div dir=\"auto\"><\/div>\n<div dir=\"auto\"><\/div>\n<div dir=\"auto\"><\/div>\n<div dir=\"auto\"><\/div>\n<div dir=\"auto\"><a href=\"http:\/\/biblioteca.iesalmudeyne.es\/wp-content\/uploads\/2019\/12\/IMG_20191217_154512-1-e1577022405907.jpg\"><img decoding=\"async\" class=\" wp-image-2091 alignleft\" src=\"http:\/\/biblioteca.iesalmudeyne.es\/wp-content\/uploads\/2019\/12\/IMG_20191217_154512-1-e1577022405907-768x1024.jpg\" alt=\"\" width=\"536\" height=\"715\" srcset=\"https:\/\/biblioteca.iesalmudeyne.es\/wp-content\/uploads\/2019\/12\/IMG_20191217_154512-1-e1577022405907-200x267.jpg 200w, https:\/\/biblioteca.iesalmudeyne.es\/wp-content\/uploads\/2019\/12\/IMG_20191217_154512-1-e1577022405907-225x300.jpg 225w, https:\/\/biblioteca.iesalmudeyne.es\/wp-content\/uploads\/2019\/12\/IMG_20191217_154512-1-e1577022405907-400x533.jpg 400w, https:\/\/biblioteca.iesalmudeyne.es\/wp-content\/uploads\/2019\/12\/IMG_20191217_154512-1-e1577022405907-600x800.jpg 600w, https:\/\/biblioteca.iesalmudeyne.es\/wp-content\/uploads\/2019\/12\/IMG_20191217_154512-1-e1577022405907-768x1024.jpg 768w, https:\/\/biblioteca.iesalmudeyne.es\/wp-content\/uploads\/2019\/12\/IMG_20191217_154512-1-e1577022405907-800x1067.jpg 800w, https:\/\/biblioteca.iesalmudeyne.es\/wp-content\/uploads\/2019\/12\/IMG_20191217_154512-1-e1577022405907-1152x1536.jpg 1152w, https:\/\/biblioteca.iesalmudeyne.es\/wp-content\/uploads\/2019\/12\/IMG_20191217_154512-1-e1577022405907-1200x1600.jpg 1200w, https:\/\/biblioteca.iesalmudeyne.es\/wp-content\/uploads\/2019\/12\/IMG_20191217_154512-1-e1577022405907-1536x2048.jpg 1536w, https:\/\/biblioteca.iesalmudeyne.es\/wp-content\/uploads\/2019\/12\/IMG_20191217_154512-1-e1577022405907-scaled.jpg 1920w\" sizes=\"(max-width: 536px) 100vw, 536px\" \/><\/a><\/div>\n<div dir=\"auto\"><\/div>\n<div dir=\"auto\"><\/div>\n<div dir=\"auto\"><\/div>\n<div dir=\"auto\"><\/div>\n<div dir=\"auto\"><\/div>\n<div dir=\"auto\"><\/div>\n<div dir=\"auto\"><\/div>\n<div dir=\"auto\"><\/div>\n<div dir=\"auto\"><\/div>\n<div dir=\"auto\"><\/div>\n<div dir=\"auto\"><\/div>\n<div dir=\"auto\"><\/div>\n<div dir=\"auto\"><\/div>\n<div dir=\"auto\"><\/div>\n<div dir=\"auto\"><\/div>\n<div dir=\"auto\"><\/div>\n<div dir=\"auto\"><\/div>\n<div dir=\"auto\"><\/div>\n<div dir=\"auto\"><\/div>\n<div dir=\"auto\"><\/div>\n<div dir=\"auto\"><\/div>\n<div dir=\"auto\"><\/div>\n<div dir=\"auto\"><\/div>\n<div dir=\"auto\"><\/div>\n<div dir=\"auto\"><\/div>\n<div dir=\"auto\"><\/div>\n<div dir=\"auto\"><\/div>\n<div dir=\"auto\"><\/div>\n<div dir=\"auto\"><\/div>\n<div dir=\"auto\"><\/div>\n<div dir=\"auto\"><\/div>\n<div dir=\"auto\"><\/div>\n<div dir=\"auto\" style=\"text-align: center;\">\u00a1\u00a1Enhorabuena por vuestro trabajo!!<\/div>\n<\/div>\n<div class=\"yj6qo\"><\/div>\n<div class=\"adL\"><\/div>\n<\/div>\n<\/div>\n<div id=\":tz\" class=\"hq gt\"><\/div>\n","protected":false},"excerpt":{"rendered":"<p>Queremos hacernos eco de esta fant\u00e1stica actividad que surge en [&hellip;]<\/p>\n","protected":false},"author":1,"featured_media":0,"comment_status":"open","ping_status":"open","sticky":false,"template":"","format":"standard","meta":{"footnotes":""},"categories":[1],"tags":[],"class_list":["post-2087","post","type-post","status-publish","format-standard","hentry","category-uncategorized"],"_links":{"self":[{"href":"https:\/\/biblioteca.iesalmudeyne.es\/index.php?rest_route=\/wp\/v2\/posts\/2087","targetHints":{"allow":["GET"]}}],"collection":[{"href":"https:\/\/biblioteca.iesalmudeyne.es\/index.php?rest_route=\/wp\/v2\/posts"}],"about":[{"href":"https:\/\/biblioteca.iesalmudeyne.es\/index.php?rest_route=\/wp\/v2\/types\/post"}],"author":[{"embeddable":true,"href":"https:\/\/biblioteca.iesalmudeyne.es\/index.php?rest_route=\/wp\/v2\/users\/1"}],"replies":[{"embeddable":true,"href":"https:\/\/biblioteca.iesalmudeyne.es\/index.php?rest_route=%2Fwp%2Fv2%2Fcomments&post=2087"}],"version-history":[{"count":0,"href":"https:\/\/biblioteca.iesalmudeyne.es\/index.php?rest_route=\/wp\/v2\/posts\/2087\/revisions"}],"wp:attachment":[{"href":"https:\/\/biblioteca.iesalmudeyne.es\/index.php?rest_route=%2Fwp%2Fv2%2Fmedia&parent=2087"}],"wp:term":[{"taxonomy":"category","embeddable":true,"href":"https:\/\/biblioteca.iesalmudeyne.es\/index.php?rest_route=%2Fwp%2Fv2%2Fcategories&post=2087"},{"taxonomy":"post_tag","embeddable":true,"href":"https:\/\/biblioteca.iesalmudeyne.es\/index.php?rest_route=%2Fwp%2Fv2%2Ftags&post=2087"}],"curies":[{"name":"wp","href":"https:\/\/api.w.org\/{rel}","templated":true}]}}