{"id":2094,"date":"2019-12-22T19:00:35","date_gmt":"2019-12-22T18:00:35","guid":{"rendered":"http:\/\/biblioteca.iesalmudeyne.es\/?p=2094"},"modified":"2019-12-22T19:00:35","modified_gmt":"2019-12-22T18:00:35","slug":"conocemos-al-cuarto-rey","status":"publish","type":"post","link":"https:\/\/biblioteca.iesalmudeyne.es\/?p=2094","title":{"rendered":"Conocemos al cuarto Rey."},"content":{"rendered":"<p>Este mi\u00e9rcoles el equipo de la biblioteca organiz\u00f3 un cuantacuentos ambientado en la Navidad.<\/p>\n<p>Tuvimos el privilegio de recibir al Rey Mazzel, vino a contarnos su historia. \u00c9l fue el cuarto Rey Mago, aquel que se perdi\u00f3 en su camino hacia Bel\u00e9n cuando iba a encontrarse con Melchor, Gaspar y Baltasar para conocer al Ni\u00f1o Jes\u00fas. Pero, por el camino, surgieron muchos problemas que el bueno de Mazzel no pudo evitar tratar de\u00a0 solucionar. A pesar de sus ganas de llegar a Bel\u00e9n con sus amigos, Mazzel sab\u00eda que lo primero era ayudar a quien lo necesitase. Y, cuando pensaba que hab\u00eda llegado tarde porque el Ni\u00f1o Jes\u00fas hab\u00eda huido a Egipto, recibi\u00f3 una maravillosa e inesperada recompensa.<\/p>\n<p>Es su historia una historia llena de generosidad y bondad que nos recuerda que siempre debemos mirar a nuestro alrededor y, si est\u00e1 en nuestras manos, ayudar a los dem\u00e1s.<\/p>\n<p><a href=\"http:\/\/biblioteca.iesalmudeyne.es\/wp-content\/uploads\/2019\/12\/IMG-20191218-WA0002.jpg\"><img decoding=\"async\" class=\"wp-image-2096 aligncenter\" src=\"http:\/\/biblioteca.iesalmudeyne.es\/wp-content\/uploads\/2019\/12\/IMG-20191218-WA0002-1024x768.jpg\" alt=\"\" width=\"492\" height=\"369\" srcset=\"https:\/\/biblioteca.iesalmudeyne.es\/wp-content\/uploads\/2019\/12\/IMG-20191218-WA0002-200x150.jpg 200w, https:\/\/biblioteca.iesalmudeyne.es\/wp-content\/uploads\/2019\/12\/IMG-20191218-WA0002-300x225.jpg 300w, https:\/\/biblioteca.iesalmudeyne.es\/wp-content\/uploads\/2019\/12\/IMG-20191218-WA0002-400x300.jpg 400w, https:\/\/biblioteca.iesalmudeyne.es\/wp-content\/uploads\/2019\/12\/IMG-20191218-WA0002-600x450.jpg 600w, https:\/\/biblioteca.iesalmudeyne.es\/wp-content\/uploads\/2019\/12\/IMG-20191218-WA0002-768x576.jpg 768w, https:\/\/biblioteca.iesalmudeyne.es\/wp-content\/uploads\/2019\/12\/IMG-20191218-WA0002-800x600.jpg 800w, https:\/\/biblioteca.iesalmudeyne.es\/wp-content\/uploads\/2019\/12\/IMG-20191218-WA0002-1024x768.jpg 1024w, https:\/\/biblioteca.iesalmudeyne.es\/wp-content\/uploads\/2019\/12\/IMG-20191218-WA0002-1200x900.jpg 1200w, https:\/\/biblioteca.iesalmudeyne.es\/wp-content\/uploads\/2019\/12\/IMG-20191218-WA0002-1536x1152.jpg 1536w, https:\/\/biblioteca.iesalmudeyne.es\/wp-content\/uploads\/2019\/12\/IMG-20191218-WA0002.jpg 2048w\" sizes=\"(max-width: 492px) 100vw, 492px\" \/><\/a><\/p>\n<p><a href=\"http:\/\/biblioteca.iesalmudeyne.es\/wp-content\/uploads\/2019\/12\/IMG-20191218-WA0006.jpg\"><img decoding=\"async\" class=\"wp-image-2097 aligncenter\" src=\"http:\/\/biblioteca.iesalmudeyne.es\/wp-content\/uploads\/2019\/12\/IMG-20191218-WA0006-1024x576.jpg\" alt=\"\" width=\"451\" height=\"254\" srcset=\"https:\/\/biblioteca.iesalmudeyne.es\/wp-content\/uploads\/2019\/12\/IMG-20191218-WA0006-200x113.jpg 200w, https:\/\/biblioteca.iesalmudeyne.es\/wp-content\/uploads\/2019\/12\/IMG-20191218-WA0006-300x169.jpg 300w, https:\/\/biblioteca.iesalmudeyne.es\/wp-content\/uploads\/2019\/12\/IMG-20191218-WA0006-400x225.jpg 400w, https:\/\/biblioteca.iesalmudeyne.es\/wp-content\/uploads\/2019\/12\/IMG-20191218-WA0006-600x338.jpg 600w, https:\/\/biblioteca.iesalmudeyne.es\/wp-content\/uploads\/2019\/12\/IMG-20191218-WA0006-768x432.jpg 768w, https:\/\/biblioteca.iesalmudeyne.es\/wp-content\/uploads\/2019\/12\/IMG-20191218-WA0006-800x450.jpg 800w, https:\/\/biblioteca.iesalmudeyne.es\/wp-content\/uploads\/2019\/12\/IMG-20191218-WA0006-1024x576.jpg 1024w, https:\/\/biblioteca.iesalmudeyne.es\/wp-content\/uploads\/2019\/12\/IMG-20191218-WA0006-1200x675.jpg 1200w, https:\/\/biblioteca.iesalmudeyne.es\/wp-content\/uploads\/2019\/12\/IMG-20191218-WA0006-1536x864.jpg 1536w, https:\/\/biblioteca.iesalmudeyne.es\/wp-content\/uploads\/2019\/12\/IMG-20191218-WA0006.jpg 2048w\" sizes=\"(max-width: 451px) 100vw, 451px\" \/><\/a><\/p>\n<p><a href=\"http:\/\/biblioteca.iesalmudeyne.es\/wp-content\/uploads\/2019\/12\/IMG-20191218-WA0004.jpg\"><img decoding=\"async\" class=\"alignleft  wp-image-2098\" src=\"http:\/\/biblioteca.iesalmudeyne.es\/wp-content\/uploads\/2019\/12\/IMG-20191218-WA0004-225x300.jpg\" alt=\"\" width=\"206\" height=\"273\" srcset=\"https:\/\/biblioteca.iesalmudeyne.es\/wp-content\/uploads\/2019\/12\/IMG-20191218-WA0004-400x533.jpg 400w, https:\/\/biblioteca.iesalmudeyne.es\/wp-content\/uploads\/2019\/12\/IMG-20191218-WA0004.jpg 1488w\" sizes=\"(max-width: 206px) 100vw, 206px\" \/><\/a> <a href=\"http:\/\/biblioteca.iesalmudeyne.es\/wp-content\/uploads\/2019\/12\/IMG-20191218-WA0026.jpg\"><img decoding=\"async\" class=\"wp-image-2099  alignright\" src=\"http:\/\/biblioteca.iesalmudeyne.es\/wp-content\/uploads\/2019\/12\/IMG-20191218-WA0026-225x300.jpg\" alt=\"\" width=\"210\" height=\"281\" srcset=\"https:\/\/biblioteca.iesalmudeyne.es\/wp-content\/uploads\/2019\/12\/IMG-20191218-WA0026-200x267.jpg 200w, https:\/\/biblioteca.iesalmudeyne.es\/wp-content\/uploads\/2019\/12\/IMG-20191218-WA0026-225x300.jpg 225w, https:\/\/biblioteca.iesalmudeyne.es\/wp-content\/uploads\/2019\/12\/IMG-20191218-WA0026-400x533.jpg 400w, https:\/\/biblioteca.iesalmudeyne.es\/wp-content\/uploads\/2019\/12\/IMG-20191218-WA0026-600x800.jpg 600w, https:\/\/biblioteca.iesalmudeyne.es\/wp-content\/uploads\/2019\/12\/IMG-20191218-WA0026-768x1024.jpg 768w, https:\/\/biblioteca.iesalmudeyne.es\/wp-content\/uploads\/2019\/12\/IMG-20191218-WA0026-800x1067.jpg 800w, https:\/\/biblioteca.iesalmudeyne.es\/wp-content\/uploads\/2019\/12\/IMG-20191218-WA0026-1152x1536.jpg 1152w, https:\/\/biblioteca.iesalmudeyne.es\/wp-content\/uploads\/2019\/12\/IMG-20191218-WA0026-1200x1600.jpg 1200w, https:\/\/biblioteca.iesalmudeyne.es\/wp-content\/uploads\/2019\/12\/IMG-20191218-WA0026.jpg 1536w\" sizes=\"(max-width: 210px) 100vw, 210px\" \/><\/a><\/p>\n<p>&nbsp;<\/p>\n<p>&nbsp;<\/p>\n<p>Unos d\u00edas antes se hab\u00eda montado un original \u00e1rbol de navidad, con libros, naturalmente. Lo hicieron posible los alumnos de 1\u00ba F.P.B junto con su profesor de tecnolog\u00eda Pedro Vega que tambi\u00e9n ha sido nuestro Rey.<\/p>\n<p><a href=\"http:\/\/biblioteca.iesalmudeyne.es\/wp-content\/uploads\/2019\/12\/IMG-20191212-WA0008.jpg\"><img decoding=\"async\" class=\"aligncenter size-large wp-image-2095\" src=\"http:\/\/biblioteca.iesalmudeyne.es\/wp-content\/uploads\/2019\/12\/IMG-20191212-WA0008-1024x768.jpg\" alt=\"\" width=\"652\" height=\"489\" srcset=\"https:\/\/biblioteca.iesalmudeyne.es\/wp-content\/uploads\/2019\/12\/IMG-20191212-WA0008-200x150.jpg 200w, https:\/\/biblioteca.iesalmudeyne.es\/wp-content\/uploads\/2019\/12\/IMG-20191212-WA0008-300x225.jpg 300w, https:\/\/biblioteca.iesalmudeyne.es\/wp-content\/uploads\/2019\/12\/IMG-20191212-WA0008-400x300.jpg 400w, https:\/\/biblioteca.iesalmudeyne.es\/wp-content\/uploads\/2019\/12\/IMG-20191212-WA0008-600x450.jpg 600w, https:\/\/biblioteca.iesalmudeyne.es\/wp-content\/uploads\/2019\/12\/IMG-20191212-WA0008-768x576.jpg 768w, https:\/\/biblioteca.iesalmudeyne.es\/wp-content\/uploads\/2019\/12\/IMG-20191212-WA0008-800x600.jpg 800w, https:\/\/biblioteca.iesalmudeyne.es\/wp-content\/uploads\/2019\/12\/IMG-20191212-WA0008-1024x768.jpg 1024w, https:\/\/biblioteca.iesalmudeyne.es\/wp-content\/uploads\/2019\/12\/IMG-20191212-WA0008-1200x900.jpg 1200w, https:\/\/biblioteca.iesalmudeyne.es\/wp-content\/uploads\/2019\/12\/IMG-20191212-WA0008-1536x1152.jpg 1536w, https:\/\/biblioteca.iesalmudeyne.es\/wp-content\/uploads\/2019\/12\/IMG-20191212-WA0008.jpg 2048w\" sizes=\"(max-width: 652px) 100vw, 652px\" \/><\/a><\/p>\n<p>Los invitados han sido los cinco cursos de 1\u00ba ESO que durante una sesi\u00f3n, no solo escucharon el cuento, sino que pudieron llevarse peque\u00f1os microrrelatos en castellano y en ingl\u00e9s escritos sobre copos de nieve y tambi\u00e9n dejar escritos y compartir sus peque\u00f1os y grandes deseos.<\/p>\n<p style=\"text-align: center;\">\u00a1\u00a1Los nuestros son desearos a todos una Feliz Navidad y un pr\u00f3spero A\u00f1o Nuevo!!<\/p>\n<p>&nbsp;<\/p>\n<p>&nbsp;<\/p>\n<div id=\"atatags-370373-5dffa33be4496\"><\/div>\n<div id=\"atatags-26942-5dffa33be44b2\"><\/div>\n<div id=\"jp-post-flair\" class=\"sharedaddy sd-like-enabled sd-sharing-enabled\">\n<div class=\"sharedaddy sd-sharing-enabled\">\n<div class=\"robots-nocontent sd-block sd-social sd-social-icon-text sd-sharing\">\n<h3 class=\"sd-title\">COMP\u00c1RTELO:<\/h3>\n<\/div>\n<\/div>\n<\/div>\n","protected":false},"excerpt":{"rendered":"<p>Este mi\u00e9rcoles el equipo de la biblioteca organiz\u00f3 un cuantacuentos [&hellip;]<\/p>\n","protected":false},"author":1,"featured_media":0,"comment_status":"open","ping_status":"open","sticky":false,"template":"","format":"standard","meta":{"footnotes":""},"categories":[1],"tags":[],"class_list":["post-2094","post","type-post","status-publish","format-standard","hentry","category-uncategorized"],"_links":{"self":[{"href":"https:\/\/biblioteca.iesalmudeyne.es\/index.php?rest_route=\/wp\/v2\/posts\/2094","targetHints":{"allow":["GET"]}}],"collection":[{"href":"https:\/\/biblioteca.iesalmudeyne.es\/index.php?rest_route=\/wp\/v2\/posts"}],"about":[{"href":"https:\/\/biblioteca.iesalmudeyne.es\/index.php?rest_route=\/wp\/v2\/types\/post"}],"author":[{"embeddable":true,"href":"https:\/\/biblioteca.iesalmudeyne.es\/index.php?rest_route=\/wp\/v2\/users\/1"}],"replies":[{"embeddable":true,"href":"https:\/\/biblioteca.iesalmudeyne.es\/index.php?rest_route=%2Fwp%2Fv2%2Fcomments&post=2094"}],"version-history":[{"count":0,"href":"https:\/\/biblioteca.iesalmudeyne.es\/index.php?rest_route=\/wp\/v2\/posts\/2094\/revisions"}],"wp:attachment":[{"href":"https:\/\/biblioteca.iesalmudeyne.es\/index.php?rest_route=%2Fwp%2Fv2%2Fmedia&parent=2094"}],"wp:term":[{"taxonomy":"category","embeddable":true,"href":"https:\/\/biblioteca.iesalmudeyne.es\/index.php?rest_route=%2Fwp%2Fv2%2Fcategories&post=2094"},{"taxonomy":"post_tag","embeddable":true,"href":"https:\/\/biblioteca.iesalmudeyne.es\/index.php?rest_route=%2Fwp%2Fv2%2Ftags&post=2094"}],"curies":[{"name":"wp","href":"https:\/\/api.w.org\/{rel}","templated":true}]}}