{"id":2135,"date":"2020-01-25T21:12:58","date_gmt":"2020-01-25T20:12:58","guid":{"rendered":"http:\/\/biblioteca.iesalmudeyne.es\/?p=2135"},"modified":"2020-01-25T21:12:58","modified_gmt":"2020-01-25T20:12:58","slug":"continuamos-con-la-formacion-de-nuevos-usuarios","status":"publish","type":"post","link":"https:\/\/biblioteca.iesalmudeyne.es\/?p=2135","title":{"rendered":"Continuamos con la formaci\u00f3n de nuevos usuarios"},"content":{"rendered":"<p>Como cada nuevo curso escolar desde la biblioteca llevamos a cabo una actividad que llamamos \u00abConoce tu\u00a0 biblioteca\u00bb dirigida a los 1\u00ba de ESO, donde tratamos de hacer de los nuevos alumnos usuarios conocedores de la biblioteca\u00a0 escolar.<\/p>\n<p>El pasado lunes pas\u00f3 por la sala 1\u00baESO-A. Los alumnos y alumnas realizaron todas las actividades y estuvieron muy atentos. Al terminar la sesi\u00f3n algunos de ellos se estrenaron con el pr\u00e9stamo y se llevaron algunos libros que hab\u00edan llamado su atenci\u00f3n. Y nosotras tan contentas porque no hay nada que nos guste m\u00e1s que veros leer y crecer.<\/p>\n<p><a href=\"http:\/\/biblioteca.iesalmudeyne.es\/wp-content\/uploads\/2020\/01\/Foto-de-charitomir-5.jpg\"><img decoding=\"async\" class=\"aligncenter size-large wp-image-2136\" src=\"http:\/\/biblioteca.iesalmudeyne.es\/wp-content\/uploads\/2020\/01\/Foto-de-charitomir-5-768x1024.jpg\" alt=\"\" width=\"652\" height=\"869\" srcset=\"https:\/\/biblioteca.iesalmudeyne.es\/wp-content\/uploads\/2020\/01\/Foto-de-charitomir-5-200x267.jpg 200w, https:\/\/biblioteca.iesalmudeyne.es\/wp-content\/uploads\/2020\/01\/Foto-de-charitomir-5-225x300.jpg 225w, https:\/\/biblioteca.iesalmudeyne.es\/wp-content\/uploads\/2020\/01\/Foto-de-charitomir-5-400x533.jpg 400w, https:\/\/biblioteca.iesalmudeyne.es\/wp-content\/uploads\/2020\/01\/Foto-de-charitomir-5-600x800.jpg 600w, https:\/\/biblioteca.iesalmudeyne.es\/wp-content\/uploads\/2020\/01\/Foto-de-charitomir-5-768x1024.jpg 768w, https:\/\/biblioteca.iesalmudeyne.es\/wp-content\/uploads\/2020\/01\/Foto-de-charitomir-5-800x1067.jpg 800w, https:\/\/biblioteca.iesalmudeyne.es\/wp-content\/uploads\/2020\/01\/Foto-de-charitomir-5-1152x1536.jpg 1152w, https:\/\/biblioteca.iesalmudeyne.es\/wp-content\/uploads\/2020\/01\/Foto-de-charitomir-5.jpg 1200w\" sizes=\"(max-width: 652px) 100vw, 652px\" \/><\/a><a href=\"http:\/\/biblioteca.iesalmudeyne.es\/wp-content\/uploads\/2020\/01\/Foto-de-charitomir-6-1.jpg\"><img decoding=\"async\" class=\"aligncenter size-large wp-image-2138\" src=\"http:\/\/biblioteca.iesalmudeyne.es\/wp-content\/uploads\/2020\/01\/Foto-de-charitomir-6-1-982x1024.jpg\" alt=\"\" width=\"652\" height=\"680\" srcset=\"https:\/\/biblioteca.iesalmudeyne.es\/wp-content\/uploads\/2020\/01\/Foto-de-charitomir-6-1-200x208.jpg 200w, https:\/\/biblioteca.iesalmudeyne.es\/wp-content\/uploads\/2020\/01\/Foto-de-charitomir-6-1-288x300.jpg 288w, https:\/\/biblioteca.iesalmudeyne.es\/wp-content\/uploads\/2020\/01\/Foto-de-charitomir-6-1-400x417.jpg 400w, https:\/\/biblioteca.iesalmudeyne.es\/wp-content\/uploads\/2020\/01\/Foto-de-charitomir-6-1-600x625.jpg 600w, https:\/\/biblioteca.iesalmudeyne.es\/wp-content\/uploads\/2020\/01\/Foto-de-charitomir-6-1-768x800.jpg 768w, https:\/\/biblioteca.iesalmudeyne.es\/wp-content\/uploads\/2020\/01\/Foto-de-charitomir-6-1-800x834.jpg 800w, https:\/\/biblioteca.iesalmudeyne.es\/wp-content\/uploads\/2020\/01\/Foto-de-charitomir-6-1-982x1024.jpg 982w, https:\/\/biblioteca.iesalmudeyne.es\/wp-content\/uploads\/2020\/01\/Foto-de-charitomir-6-1.jpg 1183w\" sizes=\"(max-width: 652px) 100vw, 652px\" \/><\/a><\/p>\n","protected":false},"excerpt":{"rendered":"<p>Como cada nuevo curso escolar desde la biblioteca llevamos a [&hellip;]<\/p>\n","protected":false},"author":1,"featured_media":0,"comment_status":"open","ping_status":"open","sticky":false,"template":"","format":"standard","meta":{"footnotes":""},"categories":[1],"tags":[],"class_list":["post-2135","post","type-post","status-publish","format-standard","hentry","category-uncategorized"],"_links":{"self":[{"href":"https:\/\/biblioteca.iesalmudeyne.es\/index.php?rest_route=\/wp\/v2\/posts\/2135","targetHints":{"allow":["GET"]}}],"collection":[{"href":"https:\/\/biblioteca.iesalmudeyne.es\/index.php?rest_route=\/wp\/v2\/posts"}],"about":[{"href":"https:\/\/biblioteca.iesalmudeyne.es\/index.php?rest_route=\/wp\/v2\/types\/post"}],"author":[{"embeddable":true,"href":"https:\/\/biblioteca.iesalmudeyne.es\/index.php?rest_route=\/wp\/v2\/users\/1"}],"replies":[{"embeddable":true,"href":"https:\/\/biblioteca.iesalmudeyne.es\/index.php?rest_route=%2Fwp%2Fv2%2Fcomments&post=2135"}],"version-history":[{"count":0,"href":"https:\/\/biblioteca.iesalmudeyne.es\/index.php?rest_route=\/wp\/v2\/posts\/2135\/revisions"}],"wp:attachment":[{"href":"https:\/\/biblioteca.iesalmudeyne.es\/index.php?rest_route=%2Fwp%2Fv2%2Fmedia&parent=2135"}],"wp:term":[{"taxonomy":"category","embeddable":true,"href":"https:\/\/biblioteca.iesalmudeyne.es\/index.php?rest_route=%2Fwp%2Fv2%2Fcategories&post=2135"},{"taxonomy":"post_tag","embeddable":true,"href":"https:\/\/biblioteca.iesalmudeyne.es\/index.php?rest_route=%2Fwp%2Fv2%2Ftags&post=2135"}],"curies":[{"name":"wp","href":"https:\/\/api.w.org\/{rel}","templated":true}]}}