{"id":2156,"date":"2020-01-29T20:05:30","date_gmt":"2020-01-29T19:05:30","guid":{"rendered":"http:\/\/biblioteca.iesalmudeyne.es\/?p=2156"},"modified":"2020-01-29T20:05:30","modified_gmt":"2020-01-29T19:05:30","slug":"contando-anecdotas","status":"publish","type":"post","link":"https:\/\/biblioteca.iesalmudeyne.es\/?p=2156","title":{"rendered":"Contando anecdotas."},"content":{"rendered":"<p>Los alumnos de 4\u00baESO-C se forman en competencia ling\u00fc\u00edstica y desarrollan sus habilidades como escritores a trav\u00e9s de la narraci\u00f3n de an\u00e9cdotas, peque\u00f1as historias personales\u00a0 vividas y que han quedado en su recuerdo.<\/p>\n<p>Casi una treintena de estas tiernas an\u00e9cdotas que han querido compartir con todos. Aqu\u00ed dejamos una muestra, pero pod\u00e9is leer mas en nuestra revista digital Almudeyne.<\/p>\n<h3 style=\"text-align: center;\"><span style=\"color: #ff0000;\"><b>DESNORTADOS EN EL METRO<\/b><\/span><\/h3>\n<p align=\"JUSTIFY\"><a href=\"http:\/\/biblioteca.iesalmudeyne.es\/wp-content\/uploads\/2020\/01\/Vida_Cotidiana-5_16-1-768x512.jpg\"><img decoding=\"async\" class=\"alignleft size-medium wp-image-2157\" src=\"http:\/\/biblioteca.iesalmudeyne.es\/wp-content\/uploads\/2020\/01\/Vida_Cotidiana-5_16-1-768x512-300x200.jpg\" alt=\"\" width=\"300\" height=\"200\" \/><\/a>Un d\u00eda de las pasadas Navidades, fui con mi familia a Sevilla a ver las luces de Navidad. Est\u00e1bamos entretenidos, pas\u00e1ndolo tan bien que no miramos la hora y se nos hab\u00eda pasado la tarde muy r\u00e1pido. \u00a1Eran las nueve y media! Est\u00e1bamos comidos ya, y mis padres decidieron que nos fu\u00e9ramos al metro, ya que la estaci\u00f3n cierra a las once de la noche.<\/p>\n<p align=\"JUSTIFY\">Llegamos a la estaci\u00f3n del metro y, nada m\u00e1s llegar, hab\u00eda un metro a punto de irse. Llegamos justo a tiempo para montarnos. Est\u00e1bamos ya en el metro sentados, esperando que nuestra parada llegara, \u00a1cuando hab\u00eda pasado ya una hora! Y no nos hab\u00edamos dado ni cuenta. Algo estaba pasando, quedaban en el metro solo dos o tres personas y nosotros, y ya era la \u00faltima parada, y no era la nuestra. Mi padre fue a hablar con el conductor y le coment\u00f3 que esa l\u00ednea no era la nuestra, que nos hab\u00edamos confundido.<\/p>\n<p align=\"JUSTIFY\">Eran las once de la noche y no hab\u00eda m\u00e1s metros. Ese metro hab\u00eda llegado al norte de Sevilla. Nos ten\u00edamos que venir para el pueblo de alguna manera, y no pod\u00eda ser con el metro. Entonces llamamos a mi t\u00eda para que viniera por nosotros, y nos recogi\u00f3 para irnos. \u00cdbamos seis en un coche de cinco plazas, muy apretados.<\/p>\n<p align=\"JUSTIFY\">La noche se nos torci\u00f3 un poco, pero despu\u00e9s de dos horas ajetreadas y de muchas risas, \u00a1llegamos a casa a las doce y media de la madrugada!<\/p>\n<p style=\"text-align: right;\" align=\"JUSTIFY\"><em><strong>por \u00c1lvaro Carvajal Chamizo<\/strong><\/em><\/p>\n<h3 style=\"text-align: center;\" align=\"JUSTIFY\"><span style=\"color: #0000ff;\"><b>CHAPOTEANDO EN EL CANAL<\/b><\/span><\/h3>\n<p align=\"JUSTIFY\">Un fin de semana de un verano de hace dos a\u00f1os, Joaqu\u00edn, su primo Manuel y yo fuimos a casa de su abuela, a<a href=\"http:\/\/biblioteca.iesalmudeyne.es\/wp-content\/uploads\/2020\/01\/images.jpg\"><img decoding=\"async\" class=\"alignright wp-image-2158 size-full\" src=\"http:\/\/biblioteca.iesalmudeyne.es\/wp-content\/uploads\/2020\/01\/images.jpg\" alt=\"\" width=\"225\" height=\"225\" srcset=\"https:\/\/biblioteca.iesalmudeyne.es\/wp-content\/uploads\/2020\/01\/images-66x66.jpg 66w, https:\/\/biblioteca.iesalmudeyne.es\/wp-content\/uploads\/2020\/01\/images-150x150.jpg 150w, https:\/\/biblioteca.iesalmudeyne.es\/wp-content\/uploads\/2020\/01\/images-200x200.jpg 200w, https:\/\/biblioteca.iesalmudeyne.es\/wp-content\/uploads\/2020\/01\/images.jpg 225w\" sizes=\"(max-width: 225px) 100vw, 225px\" \/><\/a> Chapatales. El segundo d\u00eda all\u00ed, muertos de calor y sin nada que hacer, a Joaqu\u00edn se le ocurri\u00f3 la idea de tirarnos al canal y usarlo como piscina. Manuel y yo dijimos que no, que nos parec\u00eda asqueroso. Veinte minutos despu\u00e9s, sin embargo, est\u00e1bamos los tres en calzoncillos en el puente del canal, decidiendo qui\u00e9n se tiraba primero. Finalmente, decidimos saltar los tres a la vez, pero Joaqu\u00edn y yo no saltamos; salt\u00f3 Manuel solo. Cuando vimos que no pas\u00f3 nada, decidimos tirarnos nosotros tambi\u00e9n.<\/p>\n<p align=\"JUSTIFY\">Pasamos la tarde all\u00ed. Al d\u00eda siguiente, el d\u00eda de irnos, tambi\u00e9n lo pasamos all\u00ed, desde las doce de la ma\u00f1ana, excepto la hora de comer. Llegaron las siete de la tarde y a\u00fan segu\u00edamos all\u00ed, saltando al canal. En uno de los saltos, Joaqu\u00edn se qued\u00f3 arriba mirando un coche fijamente y dijo:<\/p>\n<p align=\"JUSTIFY\">-Manuel, creo que es tu padre, pero no veo bien.<\/p>\n<p align=\"JUSTIFY\">Diez segundos m\u00e1s tarde volvi\u00f3 a decir:<\/p>\n<p align=\"JUSTIFY\">-Manuel, que s\u00ed, que es tu padre.<\/p>\n<p align=\"JUSTIFY\">Entonces tuvo la brillante idea de tirarse al canal en ese preciso momento. Los tres est\u00e1bamos agarrados a hierros que colgaban de debajo del canal, hasta que el padre de Manuel tir\u00f3 una piedra al agua. Manuel asom\u00f3 la cabeza y, efectivamente, era su padre, que nos pill\u00f3. Despu\u00e9s de eso estuvimos castigados.<\/p>\n<p style=\"text-align: right;\" align=\"JUSTIFY\"><em><strong> por Jos\u00e9 Mar\u00eda Rom\u00e1n S\u00e1nchez<\/strong><\/em><\/p>\n<h3 style=\"text-align: center;\" align=\"JUSTIFY\"><span style=\"color: #339966;\"><b>PERDIDA EN UN BARCO<\/b><\/span><\/h3>\n<p align=\"JUSTIFY\">Este verano, mis padres y yo fuimos de vacaciones a Marruecos para estar con mis familiares y amigos\u2026<\/p>\n<p align=\"JUSTIFY\"><a href=\"http:\/\/biblioteca.iesalmudeyne.es\/wp-content\/uploads\/2020\/01\/5243649491_1b2881fa2f_b.jpg\"><img decoding=\"async\" class=\"alignleft size-medium wp-image-2159\" src=\"http:\/\/biblioteca.iesalmudeyne.es\/wp-content\/uploads\/2020\/01\/5243649491_1b2881fa2f_b-225x300.jpg\" alt=\"\" width=\"225\" height=\"300\" srcset=\"https:\/\/biblioteca.iesalmudeyne.es\/wp-content\/uploads\/2020\/01\/5243649491_1b2881fa2f_b-200x267.jpg 200w, https:\/\/biblioteca.iesalmudeyne.es\/wp-content\/uploads\/2020\/01\/5243649491_1b2881fa2f_b-225x300.jpg 225w, https:\/\/biblioteca.iesalmudeyne.es\/wp-content\/uploads\/2020\/01\/5243649491_1b2881fa2f_b-400x533.jpg 400w, https:\/\/biblioteca.iesalmudeyne.es\/wp-content\/uploads\/2020\/01\/5243649491_1b2881fa2f_b-600x800.jpg 600w, https:\/\/biblioteca.iesalmudeyne.es\/wp-content\/uploads\/2020\/01\/5243649491_1b2881fa2f_b.jpg 768w\" sizes=\"(max-width: 225px) 100vw, 225px\" \/><\/a>Lo que voy a contar me pas\u00f3 un lunes por la tarde, que era cuando estuvimos en la frontera de Espa\u00f1a para montar en el barco. Despu\u00e9s de embarcar, conoc\u00ed a una ni\u00f1a de mi edad. Estuvimos hablando juntas por un per\u00edodo de tiempo, fuimos a comer tambi\u00e9n. Unas horas despu\u00e9s, hab\u00edamos llegado a la frontera de Marruecos. Mis padres bajaron y yo me qued\u00e9 con ella. De repente, nos dimos cuenta de que hab\u00edamos llegado ya. Nos fuimos a buscar a nuestros padres, ella encontr\u00f3 a los suyos, pero yo no. Me puse muy nerviosa y ten\u00eda mucho miedo. Le ped\u00ed que me acompa\u00f1ara y fuimos a buscar y, de repente, nos encontramos a un polic\u00eda y nos pregunt\u00f3:<\/p>\n<p align=\"JUSTIFY\">-\u00bfQu\u00e9 os pasa?<\/p>\n<p align=\"JUSTIFY\">Yo le contest\u00e9 que no encontraba a mis padres. El polic\u00eda me llev\u00f3 con \u00e9l hacia abajo y, unos minutos despu\u00e9s, encontr\u00e9 a mis padres bajando del barco, y fui corriendo hacia ellos. Ese fue el mejor recuerdo.<\/p>\n<p style=\"text-align: right;\" align=\"JUSTIFY\">por F\u00e1tima Zahra<\/p>\n<p align=\"JUSTIFY\">Si quer\u00e9is leer mas&#8230;..\u00a0<a href=\"http:\/\/revistadigital.iesalmudeyne.es\/\">http:\/\/revistadigital.iesalmudeyne.es\/<\/a><\/p>\n<p>&nbsp;<\/p>\n<p>&nbsp;<\/p>\n","protected":false},"excerpt":{"rendered":"<p>Los alumnos de 4\u00baESO-C se forman en competencia ling\u00fc\u00edstica y [&hellip;]<\/p>\n","protected":false},"author":1,"featured_media":0,"comment_status":"open","ping_status":"open","sticky":false,"template":"","format":"standard","meta":{"footnotes":""},"categories":[1],"tags":[],"class_list":["post-2156","post","type-post","status-publish","format-standard","hentry","category-uncategorized"],"_links":{"self":[{"href":"https:\/\/biblioteca.iesalmudeyne.es\/index.php?rest_route=\/wp\/v2\/posts\/2156","targetHints":{"allow":["GET"]}}],"collection":[{"href":"https:\/\/biblioteca.iesalmudeyne.es\/index.php?rest_route=\/wp\/v2\/posts"}],"about":[{"href":"https:\/\/biblioteca.iesalmudeyne.es\/index.php?rest_route=\/wp\/v2\/types\/post"}],"author":[{"embeddable":true,"href":"https:\/\/biblioteca.iesalmudeyne.es\/index.php?rest_route=\/wp\/v2\/users\/1"}],"replies":[{"embeddable":true,"href":"https:\/\/biblioteca.iesalmudeyne.es\/index.php?rest_route=%2Fwp%2Fv2%2Fcomments&post=2156"}],"version-history":[{"count":0,"href":"https:\/\/biblioteca.iesalmudeyne.es\/index.php?rest_route=\/wp\/v2\/posts\/2156\/revisions"}],"wp:attachment":[{"href":"https:\/\/biblioteca.iesalmudeyne.es\/index.php?rest_route=%2Fwp%2Fv2%2Fmedia&parent=2156"}],"wp:term":[{"taxonomy":"category","embeddable":true,"href":"https:\/\/biblioteca.iesalmudeyne.es\/index.php?rest_route=%2Fwp%2Fv2%2Fcategories&post=2156"},{"taxonomy":"post_tag","embeddable":true,"href":"https:\/\/biblioteca.iesalmudeyne.es\/index.php?rest_route=%2Fwp%2Fv2%2Ftags&post=2156"}],"curies":[{"name":"wp","href":"https:\/\/api.w.org\/{rel}","templated":true}]}}