{"id":2177,"date":"2020-02-05T21:20:50","date_gmt":"2020-02-05T20:20:50","guid":{"rendered":"http:\/\/biblioteca.iesalmudeyne.es\/?p=2177"},"modified":"2020-02-05T21:20:50","modified_gmt":"2020-02-05T20:20:50","slug":"un-impresionante-alegato-por-la-paz","status":"publish","type":"post","link":"https:\/\/biblioteca.iesalmudeyne.es\/?p=2177","title":{"rendered":"Un impresionante alegato por la paz"},"content":{"rendered":"<p><a href=\"http:\/\/biblioteca.iesalmudeyne.es\/wp-content\/uploads\/2020\/02\/maxresdefault.jpg\"><img decoding=\"async\" class=\"alignleft size-medium wp-image-2180\" src=\"http:\/\/biblioteca.iesalmudeyne.es\/wp-content\/uploads\/2020\/02\/maxresdefault-300x169.jpg\" alt=\"\" width=\"300\" height=\"169\" srcset=\"https:\/\/biblioteca.iesalmudeyne.es\/wp-content\/uploads\/2020\/02\/maxresdefault-200x113.jpg 200w, https:\/\/biblioteca.iesalmudeyne.es\/wp-content\/uploads\/2020\/02\/maxresdefault-300x169.jpg 300w, https:\/\/biblioteca.iesalmudeyne.es\/wp-content\/uploads\/2020\/02\/maxresdefault-400x225.jpg 400w, https:\/\/biblioteca.iesalmudeyne.es\/wp-content\/uploads\/2020\/02\/maxresdefault-600x338.jpg 600w, https:\/\/biblioteca.iesalmudeyne.es\/wp-content\/uploads\/2020\/02\/maxresdefault-768x432.jpg 768w, https:\/\/biblioteca.iesalmudeyne.es\/wp-content\/uploads\/2020\/02\/maxresdefault-800x450.jpg 800w, https:\/\/biblioteca.iesalmudeyne.es\/wp-content\/uploads\/2020\/02\/maxresdefault-1024x576.jpg 1024w, https:\/\/biblioteca.iesalmudeyne.es\/wp-content\/uploads\/2020\/02\/maxresdefault-1200x675.jpg 1200w, https:\/\/biblioteca.iesalmudeyne.es\/wp-content\/uploads\/2020\/02\/maxresdefault.jpg 1280w\" sizes=\"(max-width: 300px) 100vw, 300px\" \/><\/a>Un texto conmovedor, una escenificaci\u00f3n impactante y una m\u00fasica acorde nos han puesto en contacto con el sufrimiento que supone una guerra y la destrucci\u00f3n de todo lo que amamos.<\/p>\n<p>La biblioteca se ha convertido en un escenario teatral donde el profesor Antonio Cabello dirigiendo a un grupo de alumnos de 3\u00baESO-B han realizado una recreaci\u00f3n del famoso cuadro de Picasso El Guernica.<\/p>\n<p>Pero&#8230;..mejor os lo cuenta F\u00e1tima que particip\u00f3 en la experiencia.<\/p>\n<p>\u00abEl pasado jueves 30 de enero mi clase, 3\u00baESO-B y yo , hicimos un teatro en honor al Dia de la Paz y la No Violencia.<\/p>\n<p>Para nosotros realizar este trabajo fue todo un reto ya que aprendernos el texto e interiorizarlo para poder interpretarlo como se merec\u00eda no fue tarea f\u00e1cil para unos adolescentes.<\/p>\n<p>Ensay\u00e1bamos todos los viernes despu\u00e9s del recreo y m\u00e1s tarde empezamos a practicar tambi\u00e9n la coreograf\u00eda y a veces el tiempo se nos quedaba muy corto.<\/p>\n<p>En general lo que m\u00e1s nos gust\u00f3 fue el d\u00eda del estreno. En la primera actuaci\u00f3n est\u00e1bamos nervios\u00edsimos, pero a medida que pasaban nos fu\u00edmos relajando y disfrutando m\u00e1s, hasta que lleg\u00f3 la \u00faltima funci\u00f3n donde todos brillamos, siendo, in duda alguna, la que mejor nos sali\u00f3.<\/p>\n<p>Nosotros estuvimos encantados de recibir la enhorabuena de los profesores y esperamos que todos los alumnos que asistieron lo disfrutaran tanto como nosotros.<\/p>\n<p>En conclusi\u00f3n, fue una experiencia \u00fanica y que esperamos volver a repetir.\u00bb<\/p>\n<p style=\"text-align: right;\"><em><strong>Enviado por F\u00e1tima Garc\u00eda Begines<\/strong><\/em><\/p>\n<div class=\"video-shortcode\"><iframe title=\"Recreando el Guernica\" width=\"1200\" height=\"675\" src=\"https:\/\/www.youtube.com\/embed\/hLsdPSWRd50?feature=oembed\" frameborder=\"0\" allow=\"accelerometer; autoplay; clipboard-write; encrypted-media; gyroscope; picture-in-picture\" allowfullscreen><\/iframe><\/div>\n","protected":false},"excerpt":{"rendered":"<p>Un texto conmovedor, una escenificaci\u00f3n impactante y una m\u00fasica acorde [&hellip;]<\/p>\n","protected":false},"author":1,"featured_media":0,"comment_status":"open","ping_status":"open","sticky":false,"template":"","format":"standard","meta":{"footnotes":""},"categories":[1],"tags":[],"class_list":["post-2177","post","type-post","status-publish","format-standard","hentry","category-uncategorized"],"_links":{"self":[{"href":"https:\/\/biblioteca.iesalmudeyne.es\/index.php?rest_route=\/wp\/v2\/posts\/2177","targetHints":{"allow":["GET"]}}],"collection":[{"href":"https:\/\/biblioteca.iesalmudeyne.es\/index.php?rest_route=\/wp\/v2\/posts"}],"about":[{"href":"https:\/\/biblioteca.iesalmudeyne.es\/index.php?rest_route=\/wp\/v2\/types\/post"}],"author":[{"embeddable":true,"href":"https:\/\/biblioteca.iesalmudeyne.es\/index.php?rest_route=\/wp\/v2\/users\/1"}],"replies":[{"embeddable":true,"href":"https:\/\/biblioteca.iesalmudeyne.es\/index.php?rest_route=%2Fwp%2Fv2%2Fcomments&post=2177"}],"version-history":[{"count":0,"href":"https:\/\/biblioteca.iesalmudeyne.es\/index.php?rest_route=\/wp\/v2\/posts\/2177\/revisions"}],"wp:attachment":[{"href":"https:\/\/biblioteca.iesalmudeyne.es\/index.php?rest_route=%2Fwp%2Fv2%2Fmedia&parent=2177"}],"wp:term":[{"taxonomy":"category","embeddable":true,"href":"https:\/\/biblioteca.iesalmudeyne.es\/index.php?rest_route=%2Fwp%2Fv2%2Fcategories&post=2177"},{"taxonomy":"post_tag","embeddable":true,"href":"https:\/\/biblioteca.iesalmudeyne.es\/index.php?rest_route=%2Fwp%2Fv2%2Ftags&post=2177"}],"curies":[{"name":"wp","href":"https:\/\/api.w.org\/{rel}","templated":true}]}}