{"id":2184,"date":"2020-02-12T20:51:27","date_gmt":"2020-02-12T19:51:27","guid":{"rendered":"http:\/\/biblioteca.iesalmudeyne.es\/?p=2184"},"modified":"2020-02-12T20:51:27","modified_gmt":"2020-02-12T19:51:27","slug":"1oeso-e-conoce-la-biblioteca","status":"publish","type":"post","link":"https:\/\/biblioteca.iesalmudeyne.es\/?p=2184","title":{"rendered":"1\u00baESO-E conoce la biblioteca."},"content":{"rendered":"<p>Siguiendo con la formaci\u00f3n de nuevos usuario y acercando nuestra biblioteca a nuestros alumnos y buscando fomentar el gusto por los libros y la lectura, el curso de 1\u00ba ESO-E ha realizado una sesi\u00f3n informativa y l\u00fadica en la biblioteca.<\/p>\n<p>En una primera aproximaci\u00f3n a los conocimientos previos de nuestros alumnos, comprobamos una vez m\u00e1s, que solo un n\u00famero muy reducido de ellos hab\u00edan visitado una biblioteca con anterioridad. La verdad es que estuvieron muy interesados y participativos y aprendieron a localizar los libros en las estanter\u00edas mediante unos tejuelos.<\/p>\n<p><a href=\"http:\/\/biblioteca.iesalmudeyne.es\/wp-content\/uploads\/2020\/02\/IMG-20200210-WA0000.jpg\"><img decoding=\"async\" class=\"aligncenter size-full wp-image-2185\" src=\"http:\/\/biblioteca.iesalmudeyne.es\/wp-content\/uploads\/2020\/02\/IMG-20200210-WA0000.jpg\" alt=\"\" width=\"672\" height=\"256\" srcset=\"https:\/\/biblioteca.iesalmudeyne.es\/wp-content\/uploads\/2020\/02\/IMG-20200210-WA0000-200x76.jpg 200w, https:\/\/biblioteca.iesalmudeyne.es\/wp-content\/uploads\/2020\/02\/IMG-20200210-WA0000-300x114.jpg 300w, https:\/\/biblioteca.iesalmudeyne.es\/wp-content\/uploads\/2020\/02\/IMG-20200210-WA0000-400x152.jpg 400w, https:\/\/biblioteca.iesalmudeyne.es\/wp-content\/uploads\/2020\/02\/IMG-20200210-WA0000-600x229.jpg 600w, https:\/\/biblioteca.iesalmudeyne.es\/wp-content\/uploads\/2020\/02\/IMG-20200210-WA0000-669x256.jpg 669w, https:\/\/biblioteca.iesalmudeyne.es\/wp-content\/uploads\/2020\/02\/IMG-20200210-WA0000.jpg 672w\" sizes=\"(max-width: 672px) 100vw, 672px\" \/><\/a><\/p>\n<p><a href=\"http:\/\/biblioteca.iesalmudeyne.es\/wp-content\/uploads\/2020\/02\/IMG-20200210-WA0005.jpg\"><img decoding=\"async\" class=\"aligncenter size-large wp-image-2186\" src=\"http:\/\/biblioteca.iesalmudeyne.es\/wp-content\/uploads\/2020\/02\/IMG-20200210-WA0005-1024x768.jpg\" alt=\"\" width=\"652\" height=\"489\" srcset=\"https:\/\/biblioteca.iesalmudeyne.es\/wp-content\/uploads\/2020\/02\/IMG-20200210-WA0005-200x150.jpg 200w, https:\/\/biblioteca.iesalmudeyne.es\/wp-content\/uploads\/2020\/02\/IMG-20200210-WA0005-300x225.jpg 300w, https:\/\/biblioteca.iesalmudeyne.es\/wp-content\/uploads\/2020\/02\/IMG-20200210-WA0005-400x300.jpg 400w, https:\/\/biblioteca.iesalmudeyne.es\/wp-content\/uploads\/2020\/02\/IMG-20200210-WA0005-600x450.jpg 600w, https:\/\/biblioteca.iesalmudeyne.es\/wp-content\/uploads\/2020\/02\/IMG-20200210-WA0005-768x576.jpg 768w, https:\/\/biblioteca.iesalmudeyne.es\/wp-content\/uploads\/2020\/02\/IMG-20200210-WA0005-800x600.jpg 800w, https:\/\/biblioteca.iesalmudeyne.es\/wp-content\/uploads\/2020\/02\/IMG-20200210-WA0005-1024x768.jpg 1024w, https:\/\/biblioteca.iesalmudeyne.es\/wp-content\/uploads\/2020\/02\/IMG-20200210-WA0005-1200x900.jpg 1200w, https:\/\/biblioteca.iesalmudeyne.es\/wp-content\/uploads\/2020\/02\/IMG-20200210-WA0005-1536x1152.jpg 1536w, https:\/\/biblioteca.iesalmudeyne.es\/wp-content\/uploads\/2020\/02\/IMG-20200210-WA0005.jpg 1600w\" sizes=\"(max-width: 652px) 100vw, 652px\" \/><\/a><\/p>\n<p><a href=\"http:\/\/biblioteca.iesalmudeyne.es\/wp-content\/uploads\/2020\/02\/IMG-20200210-WA0003.jpg\"><img decoding=\"async\" class=\"alignleft size-medium wp-image-2187\" src=\"http:\/\/biblioteca.iesalmudeyne.es\/wp-content\/uploads\/2020\/02\/IMG-20200210-WA0003-300x225.jpg\" alt=\"\" width=\"300\" height=\"225\" srcset=\"https:\/\/biblioteca.iesalmudeyne.es\/wp-content\/uploads\/2020\/02\/IMG-20200210-WA0003-200x150.jpg 200w, https:\/\/biblioteca.iesalmudeyne.es\/wp-content\/uploads\/2020\/02\/IMG-20200210-WA0003-300x225.jpg 300w, https:\/\/biblioteca.iesalmudeyne.es\/wp-content\/uploads\/2020\/02\/IMG-20200210-WA0003-400x300.jpg 400w, https:\/\/biblioteca.iesalmudeyne.es\/wp-content\/uploads\/2020\/02\/IMG-20200210-WA0003-600x450.jpg 600w, https:\/\/biblioteca.iesalmudeyne.es\/wp-content\/uploads\/2020\/02\/IMG-20200210-WA0003-768x576.jpg 768w, https:\/\/biblioteca.iesalmudeyne.es\/wp-content\/uploads\/2020\/02\/IMG-20200210-WA0003-800x600.jpg 800w, https:\/\/biblioteca.iesalmudeyne.es\/wp-content\/uploads\/2020\/02\/IMG-20200210-WA0003-1024x768.jpg 1024w, https:\/\/biblioteca.iesalmudeyne.es\/wp-content\/uploads\/2020\/02\/IMG-20200210-WA0003-1200x900.jpg 1200w, https:\/\/biblioteca.iesalmudeyne.es\/wp-content\/uploads\/2020\/02\/IMG-20200210-WA0003-1536x1152.jpg 1536w, https:\/\/biblioteca.iesalmudeyne.es\/wp-content\/uploads\/2020\/02\/IMG-20200210-WA0003.jpg 1600w\" sizes=\"(max-width: 300px) 100vw, 300px\" \/><\/a>\u00a0 \u00a0 \u00a0 \u00a0 \u00a0 \u00a0 \u00a0 \u00a0 \u00a0 \u00a0 \u00a0 \u00a0 \u00a0 \u00a0\u00a0<a href=\"http:\/\/biblioteca.iesalmudeyne.es\/wp-content\/uploads\/2020\/02\/IMG-20200210-WA0001.jpg\"><img decoding=\"async\" class=\"alignright size-medium wp-image-2188\" src=\"http:\/\/biblioteca.iesalmudeyne.es\/wp-content\/uploads\/2020\/02\/IMG-20200210-WA0001-300x225.jpg\" alt=\"\" width=\"300\" height=\"225\" srcset=\"https:\/\/biblioteca.iesalmudeyne.es\/wp-content\/uploads\/2020\/02\/IMG-20200210-WA0001-200x150.jpg 200w, https:\/\/biblioteca.iesalmudeyne.es\/wp-content\/uploads\/2020\/02\/IMG-20200210-WA0001-300x225.jpg 300w, https:\/\/biblioteca.iesalmudeyne.es\/wp-content\/uploads\/2020\/02\/IMG-20200210-WA0001-400x300.jpg 400w, https:\/\/biblioteca.iesalmudeyne.es\/wp-content\/uploads\/2020\/02\/IMG-20200210-WA0001-600x450.jpg 600w, https:\/\/biblioteca.iesalmudeyne.es\/wp-content\/uploads\/2020\/02\/IMG-20200210-WA0001-768x576.jpg 768w, https:\/\/biblioteca.iesalmudeyne.es\/wp-content\/uploads\/2020\/02\/IMG-20200210-WA0001-800x600.jpg 800w, https:\/\/biblioteca.iesalmudeyne.es\/wp-content\/uploads\/2020\/02\/IMG-20200210-WA0001-1024x768.jpg 1024w, https:\/\/biblioteca.iesalmudeyne.es\/wp-content\/uploads\/2020\/02\/IMG-20200210-WA0001-1200x900.jpg 1200w, https:\/\/biblioteca.iesalmudeyne.es\/wp-content\/uploads\/2020\/02\/IMG-20200210-WA0001-1536x1152.jpg 1536w, https:\/\/biblioteca.iesalmudeyne.es\/wp-content\/uploads\/2020\/02\/IMG-20200210-WA0001.jpg 1600w\" sizes=\"(max-width: 300px) 100vw, 300px\" \/><\/a><\/p>\n<p>&nbsp;<\/p>\n<p>&nbsp;<\/p>\n<p>&nbsp;<\/p>\n<p>&nbsp;<\/p>\n<p>&nbsp;<\/p>\n<p>&nbsp;<\/p>\n","protected":false},"excerpt":{"rendered":"<p>Siguiendo con la formaci\u00f3n de nuevos usuario y acercando nuestra [&hellip;]<\/p>\n","protected":false},"author":1,"featured_media":0,"comment_status":"open","ping_status":"open","sticky":false,"template":"","format":"standard","meta":{"footnotes":""},"categories":[1],"tags":[],"class_list":["post-2184","post","type-post","status-publish","format-standard","hentry","category-uncategorized"],"_links":{"self":[{"href":"https:\/\/biblioteca.iesalmudeyne.es\/index.php?rest_route=\/wp\/v2\/posts\/2184","targetHints":{"allow":["GET"]}}],"collection":[{"href":"https:\/\/biblioteca.iesalmudeyne.es\/index.php?rest_route=\/wp\/v2\/posts"}],"about":[{"href":"https:\/\/biblioteca.iesalmudeyne.es\/index.php?rest_route=\/wp\/v2\/types\/post"}],"author":[{"embeddable":true,"href":"https:\/\/biblioteca.iesalmudeyne.es\/index.php?rest_route=\/wp\/v2\/users\/1"}],"replies":[{"embeddable":true,"href":"https:\/\/biblioteca.iesalmudeyne.es\/index.php?rest_route=%2Fwp%2Fv2%2Fcomments&post=2184"}],"version-history":[{"count":0,"href":"https:\/\/biblioteca.iesalmudeyne.es\/index.php?rest_route=\/wp\/v2\/posts\/2184\/revisions"}],"wp:attachment":[{"href":"https:\/\/biblioteca.iesalmudeyne.es\/index.php?rest_route=%2Fwp%2Fv2%2Fmedia&parent=2184"}],"wp:term":[{"taxonomy":"category","embeddable":true,"href":"https:\/\/biblioteca.iesalmudeyne.es\/index.php?rest_route=%2Fwp%2Fv2%2Fcategories&post=2184"},{"taxonomy":"post_tag","embeddable":true,"href":"https:\/\/biblioteca.iesalmudeyne.es\/index.php?rest_route=%2Fwp%2Fv2%2Ftags&post=2184"}],"curies":[{"name":"wp","href":"https:\/\/api.w.org\/{rel}","templated":true}]}}