{"id":2207,"date":"2020-02-17T21:19:53","date_gmt":"2020-02-17T20:19:53","guid":{"rendered":"http:\/\/biblioteca.iesalmudeyne.es\/?p=2207"},"modified":"2020-02-17T21:19:53","modified_gmt":"2020-02-17T20:19:53","slug":"tal-dia-como-hoy-17-de-febrero-nacio-becquer","status":"publish","type":"post","link":"https:\/\/biblioteca.iesalmudeyne.es\/?p=2207","title":{"rendered":"Tal d\u00eda como hoy, 17 de febrero, naci\u00f3 Becquer."},"content":{"rendered":"<p>Os recomendamos que le\u00e1is el siguiente art\u00edculo de opini\u00f3n escrito por nuestro compa\u00f1ero y profesor \u00c1lvaro Romero, sobre este poeta sevillano tan rom\u00e1ntico. Una vida corta, pero intensa. \u00a1\u00a1No os lo perd\u00e1is!!<\/p>\n<p style=\"text-align: center;\"><a href=\"https:\/\/elcorreoweb.es\/opinion\/columnas\/becquer-y-mi-pueblo-HB6344678\">https:\/\/elcorreoweb.es\/opinion\/columnas\/becquer-y-mi-pueblo-HB6344678<\/a><\/p>\n<p><a href=\"http:\/\/biblioteca.iesalmudeyne.es\/wp-content\/uploads\/2020\/02\/frase-becquer.jpg\"><img decoding=\"async\" class=\"aligncenter size-full wp-image-2209\" src=\"http:\/\/biblioteca.iesalmudeyne.es\/wp-content\/uploads\/2020\/02\/frase-becquer.jpg\" alt=\"\" width=\"494\" height=\"315\" srcset=\"https:\/\/biblioteca.iesalmudeyne.es\/wp-content\/uploads\/2020\/02\/frase-becquer-200x128.jpg 200w, https:\/\/biblioteca.iesalmudeyne.es\/wp-content\/uploads\/2020\/02\/frase-becquer-300x191.jpg 300w, https:\/\/biblioteca.iesalmudeyne.es\/wp-content\/uploads\/2020\/02\/frase-becquer-400x255.jpg 400w, https:\/\/biblioteca.iesalmudeyne.es\/wp-content\/uploads\/2020\/02\/frase-becquer.jpg 494w\" sizes=\"(max-width: 494px) 100vw, 494px\" \/><\/a><\/p>\n","protected":false},"excerpt":{"rendered":"<p>Os recomendamos que le\u00e1is el siguiente art\u00edculo de opini\u00f3n escrito [&hellip;]<\/p>\n","protected":false},"author":1,"featured_media":0,"comment_status":"open","ping_status":"open","sticky":false,"template":"","format":"standard","meta":{"footnotes":""},"categories":[1],"tags":[],"class_list":["post-2207","post","type-post","status-publish","format-standard","hentry","category-uncategorized"],"_links":{"self":[{"href":"https:\/\/biblioteca.iesalmudeyne.es\/index.php?rest_route=\/wp\/v2\/posts\/2207","targetHints":{"allow":["GET"]}}],"collection":[{"href":"https:\/\/biblioteca.iesalmudeyne.es\/index.php?rest_route=\/wp\/v2\/posts"}],"about":[{"href":"https:\/\/biblioteca.iesalmudeyne.es\/index.php?rest_route=\/wp\/v2\/types\/post"}],"author":[{"embeddable":true,"href":"https:\/\/biblioteca.iesalmudeyne.es\/index.php?rest_route=\/wp\/v2\/users\/1"}],"replies":[{"embeddable":true,"href":"https:\/\/biblioteca.iesalmudeyne.es\/index.php?rest_route=%2Fwp%2Fv2%2Fcomments&post=2207"}],"version-history":[{"count":0,"href":"https:\/\/biblioteca.iesalmudeyne.es\/index.php?rest_route=\/wp\/v2\/posts\/2207\/revisions"}],"wp:attachment":[{"href":"https:\/\/biblioteca.iesalmudeyne.es\/index.php?rest_route=%2Fwp%2Fv2%2Fmedia&parent=2207"}],"wp:term":[{"taxonomy":"category","embeddable":true,"href":"https:\/\/biblioteca.iesalmudeyne.es\/index.php?rest_route=%2Fwp%2Fv2%2Fcategories&post=2207"},{"taxonomy":"post_tag","embeddable":true,"href":"https:\/\/biblioteca.iesalmudeyne.es\/index.php?rest_route=%2Fwp%2Fv2%2Ftags&post=2207"}],"curies":[{"name":"wp","href":"https:\/\/api.w.org\/{rel}","templated":true}]}}