{"id":2343,"date":"2020-03-25T20:26:09","date_gmt":"2020-03-25T19:26:09","guid":{"rendered":"http:\/\/biblioteca.iesalmudeyne.es\/?p=2343"},"modified":"2020-03-25T20:26:09","modified_gmt":"2020-03-25T19:26:09","slug":"belen-gopegui-te-esperamos","status":"publish","type":"post","link":"https:\/\/biblioteca.iesalmudeyne.es\/?p=2343","title":{"rendered":"Bel\u00e9n Gopegui, \u00a1te esperamos!"},"content":{"rendered":"<p>No pudimos disfrutar de la visita de la autora de \u00abDeseo de ser punk\u00bb, Bel\u00e9n Gopegui,\u00a0 prevista para el 13 de marzo. Lleg\u00f3 el cororavirus y lo paraliz\u00f3 todo.<\/p>\n<p>Sin embargo, los alumnos\u00a0 hab\u00edan le\u00eddo la obra y hab\u00edan trabajado sobre ella.<\/p>\n<p><a href=\"http:\/\/biblioteca.iesalmudeyne.es\/wp-content\/uploads\/2020\/03\/PANO_20200313_115240-2.jpg\"><img decoding=\"async\" class=\"aligncenter size-full wp-image-2370\" src=\"http:\/\/biblioteca.iesalmudeyne.es\/wp-content\/uploads\/2020\/03\/PANO_20200313_115240-2.jpg\" alt=\"\" width=\"1861\" height=\"861\" \/><\/a> <a href=\"http:\/\/biblioteca.iesalmudeyne.es\/wp-content\/uploads\/2020\/03\/PANO_20200313_115257.jpg\"><img decoding=\"async\" class=\"aligncenter size-full wp-image-2371\" src=\"http:\/\/biblioteca.iesalmudeyne.es\/wp-content\/uploads\/2020\/03\/PANO_20200313_115257.jpg\" alt=\"\" width=\"1713\" height=\"909\" \/><\/a><\/p>\n<p>Un magnifico trabajo de b\u00fasqueda de informaci\u00f3n y desarrollo de carteler\u00eda. \u00a1\u00a1Felicidades chic@s!!!<\/p>\n<p>Tal vez, m\u00e1s adelante, podamos tener el placer de tener esa sesi\u00f3n de trabajo con la autora.<\/p>\n","protected":false},"excerpt":{"rendered":"<p>No pudimos disfrutar de la visita de la autora de [&hellip;]<\/p>\n","protected":false},"author":1,"featured_media":0,"comment_status":"open","ping_status":"open","sticky":false,"template":"","format":"standard","meta":{"footnotes":""},"categories":[1],"tags":[],"class_list":["post-2343","post","type-post","status-publish","format-standard","hentry","category-uncategorized"],"_links":{"self":[{"href":"https:\/\/biblioteca.iesalmudeyne.es\/index.php?rest_route=\/wp\/v2\/posts\/2343","targetHints":{"allow":["GET"]}}],"collection":[{"href":"https:\/\/biblioteca.iesalmudeyne.es\/index.php?rest_route=\/wp\/v2\/posts"}],"about":[{"href":"https:\/\/biblioteca.iesalmudeyne.es\/index.php?rest_route=\/wp\/v2\/types\/post"}],"author":[{"embeddable":true,"href":"https:\/\/biblioteca.iesalmudeyne.es\/index.php?rest_route=\/wp\/v2\/users\/1"}],"replies":[{"embeddable":true,"href":"https:\/\/biblioteca.iesalmudeyne.es\/index.php?rest_route=%2Fwp%2Fv2%2Fcomments&post=2343"}],"version-history":[{"count":0,"href":"https:\/\/biblioteca.iesalmudeyne.es\/index.php?rest_route=\/wp\/v2\/posts\/2343\/revisions"}],"wp:attachment":[{"href":"https:\/\/biblioteca.iesalmudeyne.es\/index.php?rest_route=%2Fwp%2Fv2%2Fmedia&parent=2343"}],"wp:term":[{"taxonomy":"category","embeddable":true,"href":"https:\/\/biblioteca.iesalmudeyne.es\/index.php?rest_route=%2Fwp%2Fv2%2Fcategories&post=2343"},{"taxonomy":"post_tag","embeddable":true,"href":"https:\/\/biblioteca.iesalmudeyne.es\/index.php?rest_route=%2Fwp%2Fv2%2Ftags&post=2343"}],"curies":[{"name":"wp","href":"https:\/\/api.w.org\/{rel}","templated":true}]}}