{"id":2345,"date":"2020-03-25T20:11:14","date_gmt":"2020-03-25T19:11:14","guid":{"rendered":"http:\/\/biblioteca.iesalmudeyne.es\/?p=2345"},"modified":"2020-03-25T20:11:14","modified_gmt":"2020-03-25T19:11:14","slug":"bernarda-alba-en-escena","status":"publish","type":"post","link":"https:\/\/biblioteca.iesalmudeyne.es\/?p=2345","title":{"rendered":"Bernarda Alba en escena!!"},"content":{"rendered":"<p>&nbsp;<\/p>\n<p>Los <sup id=\"cite_ref-3\" class=\"reference separada\"><\/sup>\u200bgrupos de 4\u00ba de ESO asistieron al Teatro Box Cartuja Center en\u00a0 Sevilla, de la mano de Transeduca, productora de espect\u00e1culos teatrales para estudiantes,\u00a0 a la representaci\u00f3n teatral de \u00abLa casa de Bernarda Alba\u00bb.<\/p>\n<p>La Compa\u00f1\u00eda formada, en escena, por cuatro mujeres, mantuvo la atenci\u00f3n de nuestros alumnos a lo largo de toda la representaci\u00f3n. Las actrices, abordaron los ocho papeles femeninos que intervienen en la obra original, con mucha fuerza e intensidad y supieron transmitir la angustia de esas mujeres encorsetadas en las costumbres de la \u00e9poca y en el papel sumiso de la mujer.<\/p>\n<p><a href=\"http:\/\/biblioteca.iesalmudeyne.es\/wp-content\/uploads\/2020\/03\/med_1553865760BernardaAlbaH_low.jpg\"><img decoding=\"async\" class=\"aligncenter size-full wp-image-2367\" src=\"http:\/\/biblioteca.iesalmudeyne.es\/wp-content\/uploads\/2020\/03\/med_1553865760BernardaAlbaH_low.jpg\" alt=\"\" width=\"344\" height=\"197\" \/><\/a><\/p>\n<p>Una alumna de 4\u00ba nos cuenta m\u00e1s a fondo como transcurri\u00f3 la jornada.<\/p>\n<p>&nbsp;<\/p>\n<h5 style=\"text-align: center;\"><span style=\"color: #7030a0;\"><span style=\"font-size: 300%;\"><i><u><b>LA EXCURSI\u00d3N MAGN\u00cdFICA .<\/b><\/u><\/i><\/span><\/span><\/h5>\n<p>&nbsp;<\/p>\n<p><span style=\"font-family: 'Calibri Light', sans-serif;\"><span style=\"font-size: xx-large;\">Hola, me llamo F\u00e1tima, hoy en este documento les voy a hablar sobre una excursi\u00f3n que, sin duda, fue magn\u00edfica<\/span><\/span><span style=\"font-family: 'Calibri Light', sans-serif;\"><span style=\"font-size: xx-large;\">.<\/span><\/span><\/p>\n<p><span style=\"font-size: x-large;\">Bueno, hace dos semanas, mi maestra de lengua propuso una excursi\u00f3n a Sevilla para ver una obra de teatro de un escritor muy famoso. Toda mi clase ten\u00eda ganas de ir y ver esa obra de teatro y quer\u00edan que llegar\u00e1 el d\u00eda ya.<\/span><\/p>\n<p><span style=\"font-size: x-large;\">Al paso de una semana, lleg\u00f3 el d\u00eda de la excursi\u00f3n, nos toc\u00f3 un d\u00eda muy fresco y a la vez soleado. Llegaron los dos autobuses, porque \u00e9ramos todos los 4\u00ba de la ESO, nos montamos, cada uno cogi\u00f3 un sitio con su pareja. Cuando todos estaban sentados, el autob\u00fas se puso en marcha. De camino hab\u00eda un silencio en el autob\u00fas que daba un poco miedo y escalofr\u00edo, pero hab\u00eda algunos que estaban callados, otros estaban hablando con su pareja y otros medio dormidos.<\/span><\/p>\n<p><span style=\"font-size: x-large;\">Pasado un\u00a0<\/span><span style=\"font-size: x-large;\">tiempo, el autob\u00fas se par\u00f3 y de repente escucho a mi amigo gritando y con mucha alegr\u00eda:<\/span><\/p>\n<p><span style=\"font-size: x-large;\">&#8211;<\/span><span style=\"font-size: x-large;\">\u00a1Por fin!, \u00a1ya hemos llegado!. Todos bajamos de los autobuses y fuimos andando hasta el teatro. De camino mi amigo me pregunt\u00f3:<\/span><\/p>\n<p><span style=\"font-size: x-large;\">&#8211;<\/span><span style=\"font-size: x-large;\">\u00bfPor\u00a0 qu\u00e9 el autob\u00fas no nos ha llevado\u00a0 hasta la puerta del teatro?. Yo no supe que decirle y empezamos a re\u00edrnos los dos . <\/span><\/p>\n<p><span style=\"font-size: x-large;\">Cuando llegamos a la puerta, nos quedamos esperando un rato y despu\u00e9s entramos. El lugar era muy hermoso, hab\u00eda muchas mesas y sof\u00e1s, de repente la maestra dijo;<\/span><\/p>\n<p><span style=\"font-size: x-large;\">&#8211; \u00a1Vamos a hacernos una foto grupal!<\/span><\/p>\n<p><a href=\"http:\/\/biblioteca.iesalmudeyne.es\/wp-content\/uploads\/2020\/03\/IMG_20200312_093812.jpg\"><img decoding=\"async\" class=\"aligncenter size-large wp-image-2365\" src=\"http:\/\/biblioteca.iesalmudeyne.es\/wp-content\/uploads\/2020\/03\/IMG_20200312_093812-1024x768.jpg\" alt=\"\" width=\"652\" height=\"489\" \/><\/a><\/p>\n<p><a name=\"page2\"><\/a><span style=\"font-size: x-large;\">Nos reunimos, hicimos las fotos y despu\u00e9s\u00a0 entramos para ver la obra.<\/span><\/p>\n<p><span style=\"font-size: x-large;\">Bueno ahora les voy a hablar un poco de la obra, &#8216; LA CASA DE BERNARDA ALBA &#8216;<\/span><\/p>\n<p><span style=\"font-size: x-large;\">Esta obra fue escrita por Federico Garc\u00eda Lorca, que pertenece a la generaci\u00f3n del 27. Esta obra fue la \u00faltima que escribi\u00f3 Federico antes de su muerte, la escribi\u00f3 en 1936 y no le dio tiempo a estrenarla, sin embargo, est\u00e1 considerada la mejor obra de Federico.<\/span><\/p>\n<p><strong><span style=\"font-size: x-large;\">\u00bf De que va la obra ?<\/span><\/strong><\/p>\n<p align=\"JUSTIFY\"><span style=\"font-size: x-large;\">Federico trata de contarnos c\u00f3mo viv\u00edan las mujeres sin casarse en esa \u00e9poca y como la sociedad tradicional era muy violenta, en la que el papel de la mujer era secundario.<\/span><\/p>\n<p><span style=\"font-size: x-large;\">La obra trata de una mujer llamada Bernarda, que tras el enterramiento de su segundo marido, prohibi\u00f3 a su cinco hijas salir de la casa durante ocho a\u00f1os y que todas deb\u00edan vestirse de negro por el luto. Bernarda era una mujer a quien le gustaba el silencio y la oscuridad, no le gustaba que la gente supiera lo que pasaba dentro de su casa y entre las hermanas, ten\u00eda un car\u00e1cter muy fuerte y era muy machista.<\/span><\/p>\n<p><span style=\"font-size: x-large;\">Bernarda viv\u00eda con sus cinco hijas y su anciana madre.<\/span><\/p>\n<ul>\n<li>\n<p align=\"JUSTIFY\"><span style=\"font-size: x-large;\">La primera se llamaba Angustias, es la hermana mayor, ten\u00eda 39 a\u00f1os y era la heredera de toda la fortuna familia ( del primer marido ) e iba a casarse con Pepe Romance .<\/span><\/p>\n<\/li>\n<\/ul>\n<ul>\n<li><span style=\"font-size: x-large;\">La segunda era Magdalena, ten\u00eda 30 a\u00f1os, ella siempre estaba llorando y triste por la muerte de su padre, ella sufre mucho por el maltrato que vive la mujer en esa \u00e9poca.<\/span><\/li>\n<\/ul>\n<ul>\n<li><span style=\"font-size: x-large;\">La tercera era Amelia, ten\u00eda 27 a\u00f1os y no ten\u00eda un papel muy importante.<\/span><\/li>\n<\/ul>\n<ul>\n<li><span style=\"font-size: x-large;\">La cuarta era Martirio, su nombre significa atormentado, por eso nadie la quer\u00eda y tambi\u00e9n est\u00e1 enamorada de Pepe Romance.<\/span><\/li>\n<\/ul>\n<ul>\n<li>\n<p align=\"JUSTIFY\"><a name=\"page3\"><\/a> <span style=\"font-size: x-large;\">La quinta era Adela, ten\u00eda 20 a\u00f1os, era la peque\u00f1a y la m\u00e1s hermosa de sus hermanas, ten\u00eda un car\u00e1cter muy diferente a las dem\u00e1s, siempre llevaba la contraria a su madre.<\/span><\/p>\n<\/li>\n<\/ul>\n<ul>\n<li><span style=\"font-size: x-large;\">La madre de Bernarda estaba loca y por eso siempre la manten\u00edan encerrada en una habitaci\u00f3n, en toda la obra, es el personaje que m\u00e1s me llam\u00f3 la atenci\u00f3n, ella sab\u00eda y sufr\u00eda porque sus nietas no iban a poder casarse y ser felices.<\/span><\/li>\n<\/ul>\n<p align=\"JUSTIFY\"><span style=\"font-size: x-large;\">Angustias estaba enamorada de Pepe Romance y se iban a casar, pero Pepe, en realidad, no la quer\u00eda, solo quer\u00eda su dinero. Adela y Martirio tambi\u00e9n estaban enamoradas del mismo hombre.<\/span><\/p>\n<p><span style=\"font-size: x-large;\">Pepe Romance siempre visitaba la casa de Bernarda a las 2 de la madrugada para ver a Angustias y tambi\u00e9n, en secreto, para acostarse con Adela. Martirio sab\u00eda todo eso, por eso siempre estaba peleando con su hermana. Hasta una noche en que ocurre una desgracia\u2026. El final de esta obra es muy impactante as\u00ed como una de las\u00a0 frases que dice Bernarda:<\/span><\/p>\n<p><span style=\"font-size: x-large;\">&#8211;<\/span><span style=\"font-size: x-large;\">\u00a1Mi hija muri\u00f3 siendo virgen! .<\/span><\/p>\n<p><span style=\"font-size: x-large;\">Realmente est\u00e1 obra es arte .<\/span><\/p>\n<p><span style=\"font-size: x-large;\">Despu\u00e9s de ver la obra, nos quedaba tiempo y los maestros decidieron ir al famoso parque que est\u00e1 en Sevilla, el parque de Mar\u00eda Luisa, todos conocen ese parque, es realmente muy hermoso. Mis amigas y yo fuimos a dar una vuelta y vimos muchas cosas bonitas, conocimos a gente extranjera, nos hicimos fotos preciosas\u2026. Y despu\u00e9s regresamos a casa.<\/span><\/p>\n<p><span style=\"font-size: x-large;\">Espero que os haya gustado esta cr\u00f3nica, \u201c Gracias \u201c.<\/span><\/p>\n<p style=\"text-align: right;\"><em><strong>Fatima Z. Ezzayani<\/strong><\/em><\/p>\n<p>Al terminar la obra se inici\u00f3 un coloquio\u00a0 donde nuestros alumnos pudieron comentar y preguntar\u00a0 a las actrices sobre su trabajo.<\/p>\n<p>Esta actividad extraescolar ha sido financiada por el Proyecto \u00abImpulsa\u00bb gracias a lo cual pudieron asistir un total de 61 alumnos.<\/p>\n<p>&nbsp;<\/p>\n<p>&nbsp;<\/p>\n","protected":false},"excerpt":{"rendered":"<p>&nbsp; Los \u200bgrupos de 4\u00ba de ESO asistieron al Teatro [&hellip;]<\/p>\n","protected":false},"author":1,"featured_media":0,"comment_status":"open","ping_status":"open","sticky":false,"template":"","format":"standard","meta":{"footnotes":""},"categories":[1],"tags":[],"class_list":["post-2345","post","type-post","status-publish","format-standard","hentry","category-uncategorized"],"_links":{"self":[{"href":"https:\/\/biblioteca.iesalmudeyne.es\/index.php?rest_route=\/wp\/v2\/posts\/2345","targetHints":{"allow":["GET"]}}],"collection":[{"href":"https:\/\/biblioteca.iesalmudeyne.es\/index.php?rest_route=\/wp\/v2\/posts"}],"about":[{"href":"https:\/\/biblioteca.iesalmudeyne.es\/index.php?rest_route=\/wp\/v2\/types\/post"}],"author":[{"embeddable":true,"href":"https:\/\/biblioteca.iesalmudeyne.es\/index.php?rest_route=\/wp\/v2\/users\/1"}],"replies":[{"embeddable":true,"href":"https:\/\/biblioteca.iesalmudeyne.es\/index.php?rest_route=%2Fwp%2Fv2%2Fcomments&post=2345"}],"version-history":[{"count":0,"href":"https:\/\/biblioteca.iesalmudeyne.es\/index.php?rest_route=\/wp\/v2\/posts\/2345\/revisions"}],"wp:attachment":[{"href":"https:\/\/biblioteca.iesalmudeyne.es\/index.php?rest_route=%2Fwp%2Fv2%2Fmedia&parent=2345"}],"wp:term":[{"taxonomy":"category","embeddable":true,"href":"https:\/\/biblioteca.iesalmudeyne.es\/index.php?rest_route=%2Fwp%2Fv2%2Fcategories&post=2345"},{"taxonomy":"post_tag","embeddable":true,"href":"https:\/\/biblioteca.iesalmudeyne.es\/index.php?rest_route=%2Fwp%2Fv2%2Ftags&post=2345"}],"curies":[{"name":"wp","href":"https:\/\/api.w.org\/{rel}","templated":true}]}}