{"id":2785,"date":"2021-02-27T20:55:56","date_gmt":"2021-02-27T19:55:56","guid":{"rendered":"http:\/\/biblioteca.iesalmudeyne.es\/?p=2785"},"modified":"2021-02-27T20:55:56","modified_gmt":"2021-02-27T19:55:56","slug":"disfrazando-la-covid-19","status":"publish","type":"post","link":"https:\/\/biblioteca.iesalmudeyne.es\/?p=2785","title":{"rendered":"DISFRAZANDO LA COVID-19"},"content":{"rendered":"<h4><span style=\"color: #0000ff;\"><em>\u00a1Aunque no os lo cre\u00e1is estamos en Carnaval! Maravilloso carnaval, lleno de ingenio, iron\u00eda, imaginaci\u00f3n y tambi\u00e9n critica a todo y a todos, unas letras que nos sorprenden por sus cambios, sus rimas y el uso de palabras tan de nuestra tierra. No quer\u00edamos dejarlo pasar, as\u00ed que el profesor Jos\u00e9 Carlos Revuelta, gran chirigotero,\u00a0 nos ha enviado esta entrada para el disfrute de tod@s.<\/em><\/span><\/h4>\n<p>&nbsp;<\/p>\n<h4>Lleg\u00f3 febrero, y aunque nuestro refranero nos diga de febrerillo el loco <a href=\"http:\/\/biblioteca.iesalmudeyne.es\/wp-content\/uploads\/2021\/02\/mascara-carnaval-brasil-ilustracion-vectorial_24640-50656.jpg\"><img decoding=\"async\" class=\" wp-image-2786 alignright\" src=\"http:\/\/biblioteca.iesalmudeyne.es\/wp-content\/uploads\/2021\/02\/mascara-carnaval-brasil-ilustracion-vectorial_24640-50656.jpg\" alt=\"\" width=\"358\" height=\"286\" \/><\/a>que si malo es un d\u00eda peor es otro, los amantes del Carnaval se las han ideado este a\u00f1o para de alg\u00fan modo poder\u00a0 disfrazar la pandemia que estamos sufriendo, rebuscando sonrisas perdidas tras la m\u00e1scara, con recopilaciones de coplas antol\u00f3gicas<br \/>\nque son compartidas en Redes Sociales, con programas televisivos como el de Onda C\u00e1diz TV \u201cEl Palco del Falla\u201d o \u201c30 a\u00f1os de Tangai\u201d y \u201c30 a\u00f1os de carnavales\u201d de Canal Sur Televisi\u00f3n y programas radiof\u00f3nicos como el de Radio Andaluc\u00eda Informaci\u00f3n<em><strong> \u201cEl Concurso del Milenio\u201d,<\/strong> <\/em>el cual ha ofrecido una Final in\u00e9dita desde el Gran Teatro Falla con los v\u00eddeos de las actuaciones de las\u00a0 mejores agrupaciones de este Milenio que han sido elegidas adem\u00e1s de por un jurado profesional, por otro popular a trav\u00e9s de votaciones p\u00fablicas, resultando ganadores por modalidad:<\/h4>\n<h4>\u2022 El Coro LA GADITANA (2001) de Julio Pardo<\/h4>\n<div class=\"video-shortcode\"><iframe title=\"Coro. La Gaditana | Actuaci\u00f3n Completa en la FINAL | Carnaval de C\u00e1diz 2001\" width=\"1200\" height=\"900\" src=\"https:\/\/www.youtube.com\/embed\/96UefLm_O0Q?feature=oembed\" frameborder=\"0\" allow=\"accelerometer; autoplay; clipboard-write; encrypted-media; gyroscope; picture-in-picture\" allowfullscreen><\/iframe><\/div>\n<h4>\u2022 La Comparsa LOS MILLONARIOS (2015) de Juan Carlos Arag\u00f3n<\/h4>\n<div class=\"video-shortcode\"><iframe title=\"Comparsa \u201cLos millonarios\u201d | FINAL del Carnaval de Ca\u0301diz 2015\" width=\"1200\" height=\"675\" src=\"https:\/\/www.youtube.com\/embed\/HI47lhuHJPk?feature=oembed\" frameborder=\"0\" allow=\"accelerometer; autoplay; clipboard-write; encrypted-media; gyroscope; picture-in-picture\" allowfullscreen><\/iframe><\/div>\n<h4>\u2022 La Chirigota LOS ENTERAOS (2009) de Selu Garc\u00eda Coss\u00edo<\/h4>\n<div class=\"video-shortcode\"><iframe title=\"Chirigota LOS ENTERAOS - FINAL [Actuaci\u00f3n Completa] Carnaval de C\u00e1diz 2009\" width=\"1200\" height=\"900\" src=\"https:\/\/www.youtube.com\/embed\/AP1gHd-DXf8?feature=oembed\" frameborder=\"0\" allow=\"accelerometer; autoplay; clipboard-write; encrypted-media; gyroscope; picture-in-picture\" allowfullscreen><\/iframe><\/div>\n<h4>\u2022 Y El Cuarteto EL EQUIPO A MIN\u00daSCULA (2018) de Manuel Jes\u00fas<br \/>\nMorera y Carlos Men\u00ed<\/h4>\n<div class=\"video-shortcode\"><iframe title=\"CUARTETO El equipo A min\u00fascula | FINAL COAC 2018\" width=\"1200\" height=\"675\" src=\"https:\/\/www.youtube.com\/embed\/pbGch5jxyHs?feature=oembed\" frameborder=\"0\" allow=\"accelerometer; autoplay; clipboard-write; encrypted-media; gyroscope; picture-in-picture\" allowfullscreen><\/iframe><\/div>\n<h4>Y como es sabido que cuando la necesidad aprieta se agudiza el ingenio, este febrero de 2021 se ha reinventado en todos los rincones de nuestra Andaluc\u00eda para caracterizar hasta las <a href=\"http:\/\/biblioteca.iesalmudeyne.es\/wp-content\/uploads\/2021\/02\/mascarilla-higienica-tricapa-payaso.jpg\"><img decoding=\"async\" class=\"alignleft size-full wp-image-2787\" src=\"http:\/\/biblioteca.iesalmudeyne.es\/wp-content\/uploads\/2021\/02\/mascarilla-higienica-tricapa-payaso.jpg\" alt=\"\" width=\"203\" height=\"171\" \/><\/a>mascarillas, esas que hoy d\u00eda cubren nuestras caras, con coloretes pintados, con dise\u00f1os a modo de disfraces de personajes variopintos, con efectos luminosos y hasta sonoros, en definitiva, mascarillas enmascaradas, para que nuestros rostros camuflen la melancol\u00eda de no poder mostrar la mejor de nuestras sonrisas en el<br \/>\nplacer de una burla a un amigo, o al escuchar una copla o \u201ccupl\u00e9\u201d que nos recuerda con suma iron\u00eda y sarcasmo un chascarrillo ocurrido a conocidos del pueblo.<\/h4>\n<p style=\"text-align: center;\"><strong><span style=\"color: #ff0000;\">Cupl\u00e9 \u201cLOS CUATRO VIENTOS\u201d<\/span><\/strong><\/p>\n<p style=\"text-align: center;\">EN LOS CUATRO VIENTOS HAN PUESTO EL \u00abMIRATTA\u00bb<br \/>\nMANTIENEN LA CLIENTELA DEL BAR VALENCIA,<br \/>\nPORQUE TANTOS A\u00d1OS ENTRANDO ALL\u00cd,<br \/>\nNO VAN A IRSE AHORA LOS HOMBRES A LA COMPETENCIA.<\/p>\n<p style=\"text-align: center;\">LOS CLIENTES TIENEN UNA EDAD&#8230;\u00a1F\u00cdJATE T\u00da!<br \/>\nYO CONOZCO A UNO QUE TIENE DOS A\u00d1OS LUZ.<br \/>\nEST\u00c1N MUY CONTENTOS CON LA MODERNIZACI\u00d3N<br \/>\nPIDEN SU \u201cSOL Y SOMBRA\u201d PREPARAO EN COCTELERA<br \/>\nSE BEBEN SU \u201cGYNTONIC\u201d CON GUSTITO A CANELA.<\/p>\n<p style=\"text-align: center;\">PERO LO MEJOR DE TODO, ESTE CAMBIO ES POR LA MA\u00d1ANA,<br \/>\nLE HAN COG\u00cdO EL ROLLITO A DESAYUNAR Y \u201cEL LIEBRE\u201d SE IRRITA<br \/>\nPORQUE COGEN SUS ESTUFAS PA PREPARARSE LAS TOSTAITAS.<\/p>\n<h5 style=\"text-align: right;\"><em><strong>La chirigota de Los Palacios<\/strong><\/em><br \/>\n<em><strong> LOS QUE PASAN P\u00c1GINA \u2013 Carnaval 2018<\/strong><\/em><br \/>\n<em><strong> Autores de letra: Javi Aguilera, Ferm\u00edn Coto<\/strong><\/em><br \/>\n<em><strong> Autor de m\u00fasica: Carlos P\u00e9rez<\/strong><\/em><br \/>\n<em><strong> Director: Jos\u00e9 Mar\u00eda P\u00e9rez Campos<\/strong><\/em><br \/>\nhttps:\/\/www.youtube.com\/watch?v=d4JYlovyenw<\/h5>\n<h4 style=\"text-align: left;\">Y tambi\u00e9n las agrupaciones de Carnaval nos dejan coplas emotivas para el recuerdo que hablan de las tradiciones del pueblo, escritas y cantadas con gran sentimentalismo, \u201cletrillas\u201d<br \/>\nque quedan para siempre grabadas a fuego en los corazones de los amantes de esta fiesta de origen pagano.<\/h4>\n<p style=\"text-align: center;\"><strong><span style=\"color: #0000ff;\">PASODOBLE \u201cLas tradiciones de mi pueblo\u201d<\/span><\/strong><\/p>\n<p style=\"text-align: center;\">OLE MI PUEBLO BENDITA TIERRA CON SUS MARISMAS<br \/>\nDONDE DESCANSA DE SU VIAJE EL GUADALQUIVIR.<br \/>\nOLE MI PUEBLO DE LOS PALACIOS Y VILLAFRANCA<br \/>\nLA BELLA CUNA DONDE MI MARE ME TUVO A M\u00cd.<\/p>\n<p style=\"text-align: center;\">SOY MARISME\u00d1O COMO LA VIRGEN QUE YO VENERO<br \/>\nBLANCA PALOMA, REINA Y SE\u00d1ORA DE ESTE LUGAR<br \/>\nNUESTRA PATRONA, SANTA MAR\u00cdA DE LAS NIEVES<br \/>\nLA QUE NOS CUIDA Y NOS QUIERE<br \/>\nY NUNCA NOS DEJAR\u00c1.<\/p>\n<p style=\"text-align: center;\">TENGO YO UNA FERIA, Y UNA ROMER\u00cdA<br \/>\nTENGO YO UNAS CRUCES EN MAYO FLOR\u00cdA<br \/>\nY EN SEMANA SANTA EL FERVOR ES POPULAR,<br \/>\nEN LAS NOCHES BLANCAS DE AMOR Y DE PAZ.<br \/>\nLOS CAMPINALLEROS, EN LAS NAVIDADES<br \/>\nSALEN ALEGRANDO, LA VIDA EN SUS CALLES<br \/>\nY EN LOS CARNAVALES AQU\u00cd ME TENDR\u00c1<br \/>\nPA PIROPEARTE POR SER TAN JUNCAL<br \/>\n\u00a1OLE! ESTE ES MI PUEBLO QUE QUIERO &#8216;ARRABI\u00c1&#8217;.<\/p>\n<h5 style=\"text-align: right;\"><strong>Chirigota de Los Palacios<\/strong><br \/>\n<strong> C\u00d3MO LE PONEMOS AL NI\u00d1O \u2013 Carnaval 1990<\/strong><br \/>\n<strong> Autor de letra: Eugenio Mariscal<\/strong><br \/>\n<strong> Autores de m\u00fasica: Eugenio Mariscal \u2013 Luis Alonso<\/strong><br \/>\n<strong> Director: Antonio Salmer\u00f3n B\u00e1ez<\/strong><br \/>\n<strong>\u00a0https:\/\/youtu.be\/n4MID2QwOj0<\/strong><\/h5>\n<h4>As\u00ed que chic@s, que nada ni nadie os prive jam\u00e1s de expresar vuestras emociones y menos a\u00fan si estas acent\u00faan la alegr\u00eda, el entusiasmo, la satisfacci\u00f3n, la felicidad por disfrutar d\u00eda a d\u00eda<br \/>\nde la familia, de los amigos, de los compa\u00f1eros, de los profesores, de los estudios, en definitiva, de disfrutar de la vida sin dejar de so\u00f1ar y luchar por vuestras metas aunque a veces tengamos que disfrazar un momento bajo de \u00e1nimo y esperanzas con un plumero y dos coloretes.<\/h4>\n<p>&nbsp;<\/p>\n<div class=\"video-shortcode\"><iframe title=\"Agrupaciones de Los Palacios y Villafranca en el Carnaval de C\u00e1diz\" width=\"1200\" height=\"675\" src=\"https:\/\/www.youtube.com\/embed\/n4MID2QwOj0?feature=oembed\" frameborder=\"0\" allow=\"accelerometer; autoplay; clipboard-write; encrypted-media; gyroscope; picture-in-picture\" allowfullscreen><\/iframe><\/div>\n<p>&nbsp;<\/p>\n<p>&nbsp;<\/p>\n","protected":false},"excerpt":{"rendered":"<p>\u00a1Aunque no os lo cre\u00e1is estamos en Carnaval! Maravilloso carnaval, [&hellip;]<\/p>\n","protected":false},"author":1,"featured_media":0,"comment_status":"open","ping_status":"open","sticky":false,"template":"","format":"standard","meta":{"footnotes":""},"categories":[1],"tags":[],"class_list":["post-2785","post","type-post","status-publish","format-standard","hentry","category-uncategorized"],"_links":{"self":[{"href":"https:\/\/biblioteca.iesalmudeyne.es\/index.php?rest_route=\/wp\/v2\/posts\/2785","targetHints":{"allow":["GET"]}}],"collection":[{"href":"https:\/\/biblioteca.iesalmudeyne.es\/index.php?rest_route=\/wp\/v2\/posts"}],"about":[{"href":"https:\/\/biblioteca.iesalmudeyne.es\/index.php?rest_route=\/wp\/v2\/types\/post"}],"author":[{"embeddable":true,"href":"https:\/\/biblioteca.iesalmudeyne.es\/index.php?rest_route=\/wp\/v2\/users\/1"}],"replies":[{"embeddable":true,"href":"https:\/\/biblioteca.iesalmudeyne.es\/index.php?rest_route=%2Fwp%2Fv2%2Fcomments&post=2785"}],"version-history":[{"count":0,"href":"https:\/\/biblioteca.iesalmudeyne.es\/index.php?rest_route=\/wp\/v2\/posts\/2785\/revisions"}],"wp:attachment":[{"href":"https:\/\/biblioteca.iesalmudeyne.es\/index.php?rest_route=%2Fwp%2Fv2%2Fmedia&parent=2785"}],"wp:term":[{"taxonomy":"category","embeddable":true,"href":"https:\/\/biblioteca.iesalmudeyne.es\/index.php?rest_route=%2Fwp%2Fv2%2Fcategories&post=2785"},{"taxonomy":"post_tag","embeddable":true,"href":"https:\/\/biblioteca.iesalmudeyne.es\/index.php?rest_route=%2Fwp%2Fv2%2Ftags&post=2785"}],"curies":[{"name":"wp","href":"https:\/\/api.w.org\/{rel}","templated":true}]}}