{"id":3073,"date":"2021-05-24T19:22:24","date_gmt":"2021-05-24T18:22:24","guid":{"rendered":"http:\/\/biblioteca.iesalmudeyne.es\/?p=3073"},"modified":"2021-05-24T19:22:24","modified_gmt":"2021-05-24T18:22:24","slug":"llego-el-momento","status":"publish","type":"post","link":"https:\/\/biblioteca.iesalmudeyne.es\/?p=3073","title":{"rendered":"Lleg\u00f3 el momento&#8230;&#8230;&#8230;."},"content":{"rendered":"<p style=\"text-align: center;\">Lleg\u00f3 el momento de escribir un nuevo capitulo en vuestras vidas.<\/p>\n<p>En este a\u00f1o tan extra\u00f1o y especial el IES Almudeyne quer\u00eda reconocer y homenajear de alguna manera a nuestros alumnos de 2\u00ba de Bachillerato\u00a0 que este a\u00f1o terminan aqu\u00ed sus estudios y emprenden una nueva etapa.<\/p>\n<p style=\"text-align: center;\">\u00a1Para vosotros nuestros queridos bachilleres!<\/p>\n<h3><a href=\"http:\/\/biblioteca.iesalmudeyne.es\/wp-content\/uploads\/2021\/05\/New-Image.jpg\"><img decoding=\"async\" class=\"aligncenter wp-image-3077\" src=\"http:\/\/biblioteca.iesalmudeyne.es\/wp-content\/uploads\/2021\/05\/New-Image.jpg\" alt=\"\" width=\"281\" height=\"261\" \/><\/a><span style=\"font-family: Georgia, serif;\"><span style=\"font-size: large;\">\u00a0 \u00a0 \u00a0 \u00a0 Este a\u00f1o cerr\u00e1is una gran etapa, para comenzar otra nueva. Os vais de aqu\u00ed para conseguir vuestros sue\u00f1os, algunos para ser maestros, otros para ser m\u00e9dicos, algunos otros actores\u2026 <\/span><\/span><\/h3>\n<h3><span style=\"font-family: Georgia, serif;\"><span style=\"font-size: large;\">\u00a0 \u00a0 \u00a0 \u00a0Sue\u00f1os que os gustan y os hacen ser felices.<\/span><\/span><\/h3>\n<h3><span style=\"font-family: Georgia, serif;\"><span style=\"font-size: large;\">\u00a0 \u00a0 \u00a0 \u00a0Este a\u00f1o os vais por la puerta grande, y os llev\u00e1is tantos recuerdos bonitos detr\u00e1s&#8230;<\/span><\/span><\/h3>\n<h3><span style=\"font-family: Georgia, serif;\"><span style=\"font-size: large;\">\u00a0 \u00a0 \u00a0 \u00a0Vais a conseguir todo lo que os propong\u00e1is y si no os sale al primer intento, \u00a1pues no pasa nada! se vuelve a intentar hasta que os salga, y cuando se\u00e1is m\u00e1s mayores, ech\u00e9is la vista atr\u00e1s y ve\u00e1is todo el esfuerzo que hab\u00e9is hecho y todas las noches que os hab\u00e9is llevado hasta las tantas para conseguir lo que quer\u00edais, os vais a alegrar much\u00edsimo.<\/span><\/span><\/h3>\n<h3><span style=\"font-family: Georgia, serif;\"><span style=\"font-size: large;\">\u00a0 \u00a0 \u00a0 Os vais con una sonrisa de oreja a oreja y muy orgullosos de vosotros mismos por haber llegado hasta aqu\u00ed. (pero un poquito estresados porque ten\u00e9is a la vuelta de la esquina selectividad, no? Jeje \ud83d\ude42 <\/span><\/span><\/h3>\n<h3><span style=\"font-family: Georgia, serif;\"><span style=\"font-size: large;\">\u00a0 \u00a0 \u00a0 Solo espero que la sorpresita que tuvisteis el viernes cuando salisteis al patio y visteis ese pasillo de personas aplaudi\u00e9ndoos y esos carteles tan bonitos, os gustaran tanto como a las personas que los hicimos.<\/span><\/span><\/h3>\n<div class=\"video-shortcode\"><iframe title=\"Aplausos a nuestros Bachilleres\" width=\"1200\" height=\"675\" src=\"https:\/\/www.youtube.com\/embed\/o89qYZ32uD8?feature=oembed\" frameborder=\"0\" allow=\"accelerometer; autoplay; clipboard-write; encrypted-media; gyroscope; picture-in-picture\" allowfullscreen><\/iframe><\/div>\n<p>&nbsp;<\/p>\n<h3><span style=\"font-family: Georgia, serif;\"><span style=\"font-size: large;\">\u00a0 \u00a0 \u00a0 Todos nosotros os mandamos desde aqu\u00ed mucha fuerza y suerte para todo el camino que os queda.<\/span><\/span><\/h3>\n<h3><span style=\"font-family: Georgia, serif;\"><span style=\"font-size: large;\">\u00a0 \u00a0 \u00a0 Lo vais a conseguir, \u00a1YA VER\u00c9IS!<\/span><\/span><\/h3>\n<h5 style=\"text-align: right;\"><em><strong>Lourdes M\u00aa Ramos Calvo<\/strong><\/em><\/h5>\n<h5 style=\"text-align: right;\"><em><strong>2\u00baESO- E<\/strong><\/em><\/h5>\n<p><a href=\"http:\/\/biblioteca.iesalmudeyne.es\/wp-content\/uploads\/2021\/05\/IMG-20210521-WA0013.jpg\"><img decoding=\"async\" class=\"aligncenter size-full wp-image-3080\" src=\"http:\/\/biblioteca.iesalmudeyne.es\/wp-content\/uploads\/2021\/05\/IMG-20210521-WA0013.jpg\" alt=\"\" width=\"1599\" height=\"1200\" \/><\/a><\/p>\n<p>La exposici\u00f3n que, guiada por las orientadoras Mirian y Patricia, prepararon alumn@s de 2\u00baE, qued\u00f3 llena de esos\u00a0 buenos\u00a0 deseos.<\/p>\n<p><a href=\"http:\/\/biblioteca.iesalmudeyne.es\/wp-content\/uploads\/2021\/05\/IMG-20210521-WA0016.jpg\"><img decoding=\"async\" class=\"aligncenter wp-image-3082\" src=\"http:\/\/biblioteca.iesalmudeyne.es\/wp-content\/uploads\/2021\/05\/IMG-20210521-WA0016.jpg\" alt=\"\" width=\"594\" height=\"447\" \/>*<\/a><a href=\"http:\/\/biblioteca.iesalmudeyne.es\/wp-content\/uploads\/2021\/05\/IMG-20210520-WA0011.jpg\"><img decoding=\"async\" class=\"aligncenter wp-image-3079\" src=\"http:\/\/biblioteca.iesalmudeyne.es\/wp-content\/uploads\/2021\/05\/IMG-20210520-WA0011.jpg\" alt=\"\" width=\"586\" height=\"586\" \/><\/a><\/p>\n<p>&nbsp;<\/p>\n<p>&nbsp;<\/p>\n","protected":false},"excerpt":{"rendered":"<p>Lleg\u00f3 el momento de escribir un nuevo capitulo en vuestras [&hellip;]<\/p>\n","protected":false},"author":1,"featured_media":3088,"comment_status":"open","ping_status":"open","sticky":false,"template":"","format":"standard","meta":{"footnotes":""},"categories":[1],"tags":[],"class_list":["post-3073","post","type-post","status-publish","format-standard","has-post-thumbnail","hentry","category-uncategorized"],"_links":{"self":[{"href":"https:\/\/biblioteca.iesalmudeyne.es\/index.php?rest_route=\/wp\/v2\/posts\/3073","targetHints":{"allow":["GET"]}}],"collection":[{"href":"https:\/\/biblioteca.iesalmudeyne.es\/index.php?rest_route=\/wp\/v2\/posts"}],"about":[{"href":"https:\/\/biblioteca.iesalmudeyne.es\/index.php?rest_route=\/wp\/v2\/types\/post"}],"author":[{"embeddable":true,"href":"https:\/\/biblioteca.iesalmudeyne.es\/index.php?rest_route=\/wp\/v2\/users\/1"}],"replies":[{"embeddable":true,"href":"https:\/\/biblioteca.iesalmudeyne.es\/index.php?rest_route=%2Fwp%2Fv2%2Fcomments&post=3073"}],"version-history":[{"count":0,"href":"https:\/\/biblioteca.iesalmudeyne.es\/index.php?rest_route=\/wp\/v2\/posts\/3073\/revisions"}],"wp:featuredmedia":[{"embeddable":true,"href":"https:\/\/biblioteca.iesalmudeyne.es\/index.php?rest_route=\/"}],"wp:attachment":[{"href":"https:\/\/biblioteca.iesalmudeyne.es\/index.php?rest_route=%2Fwp%2Fv2%2Fmedia&parent=3073"}],"wp:term":[{"taxonomy":"category","embeddable":true,"href":"https:\/\/biblioteca.iesalmudeyne.es\/index.php?rest_route=%2Fwp%2Fv2%2Fcategories&post=3073"},{"taxonomy":"post_tag","embeddable":true,"href":"https:\/\/biblioteca.iesalmudeyne.es\/index.php?rest_route=%2Fwp%2Fv2%2Ftags&post=3073"}],"curies":[{"name":"wp","href":"https:\/\/api.w.org\/{rel}","templated":true}]}}