{"id":3127,"date":"2021-06-17T19:44:15","date_gmt":"2021-06-17T18:44:15","guid":{"rendered":"http:\/\/biblioteca.iesalmudeyne.es\/?p=3127"},"modified":"2021-06-17T19:44:15","modified_gmt":"2021-06-17T18:44:15","slug":"cuida-tu-huella","status":"publish","type":"post","link":"https:\/\/biblioteca.iesalmudeyne.es\/?p=3127","title":{"rendered":"\u00a1Cuida tu huella!"},"content":{"rendered":"<h4><strong>\u00a0 \u00a0 \u00a0 \u00a0 \u00a0 \u00a0 \u00a0En esta pasada quincena la profesora Raquel Mauri\u00f1o ha trabajado con los alumnos de 1\u00ba de ESO C, D y E y dentro de su \u00e1rea de biolog\u00eda, los comportamientos humanos que dejan huella en nuestro planeta, causando su deterioro, as\u00ed como el calentamiento global que est\u00e1 produciendo cambios en el clima de la Tierra.<\/strong><\/h4>\n<p><a href=\"http:\/\/biblioteca.iesalmudeyne.es\/wp-content\/uploads\/2021\/06\/huella-carbono-herramientas-1.jpg\"><img decoding=\"async\" class=\"aligncenter wp-image-3128 \" src=\"http:\/\/biblioteca.iesalmudeyne.es\/wp-content\/uploads\/2021\/06\/huella-carbono-herramientas-1-300x200.jpg\" alt=\"\" width=\"275\" height=\"183\" \/><\/a><\/p>\n<h4><strong>\u00a0 \u00a0 \u00a0 \u00a0 <\/strong>\u00a0 \u00a0 \u00a0Los alumnos han realizado interesantes actividades como medir su propia huella de carbono, entender las islas de pl\u00e1sticos o trabajar con la biodiversidad en\u00a0 distintos tipos de ecosistemas. Todo el producto obtenido en estos trabajos ha sido compartido en una interesante exposici\u00f3n de la que los propios alumnos de estos grupos nos hablan:<\/h4>\n<p>&nbsp;<\/p>\n<div class=\"video-shortcode\"><iframe title=\"Cuida tu huella. IES Almudeyne\" width=\"1200\" height=\"675\" src=\"https:\/\/www.youtube.com\/embed\/NZTukq_PKtE?feature=oembed\" frameborder=\"0\" allow=\"accelerometer; autoplay; clipboard-write; encrypted-media; gyroscope; picture-in-picture\" allowfullscreen><\/iframe><\/div>\n<h3 style=\"text-align: center;\"><strong>Es muy importante cuidar toda la fauna y la flora del entorno donde vivimos, respetar y valorar un medio ambiente limpio, reciclar tanto el papel como los pl\u00e1sticos, cuidar el consumo del agua y de los combustibles f\u00f3siles usando menos el coche.<\/strong><\/h3>\n<div id=\"attachment_3129\" style=\"width: 592px\" class=\"wp-caption aligncenter\"><a href=\"http:\/\/biblioteca.iesalmudeyne.es\/wp-content\/uploads\/2021\/06\/treedom-plantar-un-arbol-diario-emprendedores.jpg\"><img decoding=\"async\" aria-describedby=\"caption-attachment-3129\" class=\" wp-image-3129\" src=\"http:\/\/biblioteca.iesalmudeyne.es\/wp-content\/uploads\/2021\/06\/treedom-plantar-un-arbol-diario-emprendedores.jpg\" alt=\"\" width=\"582\" height=\"344\" \/><\/a><p id=\"caption-attachment-3129\" class=\"wp-caption-text\">hand holding tree on blur green nature background. concept eco earth day<\/p><\/div>\n","protected":false},"excerpt":{"rendered":"<p>\u00a0 \u00a0 \u00a0 \u00a0 \u00a0 \u00a0 \u00a0En esta pasada quincena [&hellip;]<\/p>\n","protected":false},"author":1,"featured_media":0,"comment_status":"open","ping_status":"open","sticky":false,"template":"","format":"standard","meta":{"footnotes":""},"categories":[1],"tags":[],"class_list":["post-3127","post","type-post","status-publish","format-standard","hentry","category-uncategorized"],"_links":{"self":[{"href":"https:\/\/biblioteca.iesalmudeyne.es\/index.php?rest_route=\/wp\/v2\/posts\/3127","targetHints":{"allow":["GET"]}}],"collection":[{"href":"https:\/\/biblioteca.iesalmudeyne.es\/index.php?rest_route=\/wp\/v2\/posts"}],"about":[{"href":"https:\/\/biblioteca.iesalmudeyne.es\/index.php?rest_route=\/wp\/v2\/types\/post"}],"author":[{"embeddable":true,"href":"https:\/\/biblioteca.iesalmudeyne.es\/index.php?rest_route=\/wp\/v2\/users\/1"}],"replies":[{"embeddable":true,"href":"https:\/\/biblioteca.iesalmudeyne.es\/index.php?rest_route=%2Fwp%2Fv2%2Fcomments&post=3127"}],"version-history":[{"count":0,"href":"https:\/\/biblioteca.iesalmudeyne.es\/index.php?rest_route=\/wp\/v2\/posts\/3127\/revisions"}],"wp:attachment":[{"href":"https:\/\/biblioteca.iesalmudeyne.es\/index.php?rest_route=%2Fwp%2Fv2%2Fmedia&parent=3127"}],"wp:term":[{"taxonomy":"category","embeddable":true,"href":"https:\/\/biblioteca.iesalmudeyne.es\/index.php?rest_route=%2Fwp%2Fv2%2Fcategories&post=3127"},{"taxonomy":"post_tag","embeddable":true,"href":"https:\/\/biblioteca.iesalmudeyne.es\/index.php?rest_route=%2Fwp%2Fv2%2Ftags&post=3127"}],"curies":[{"name":"wp","href":"https:\/\/api.w.org\/{rel}","templated":true}]}}