{"id":3137,"date":"2021-06-26T21:24:17","date_gmt":"2021-06-26T20:24:17","guid":{"rendered":"http:\/\/biblioteca.iesalmudeyne.es\/?p=3137"},"modified":"2021-06-26T21:24:17","modified_gmt":"2021-06-26T20:24:17","slug":"menudo-anovid","status":"publish","type":"post","link":"https:\/\/biblioteca.iesalmudeyne.es\/?p=3137","title":{"rendered":"Un adi\u00f3s con esperanza"},"content":{"rendered":"<h4>Desde la Biblioteca vamos a despedir este curso acad\u00e9mico como hemos venido haciendo en a\u00f1os anteriores.<\/h4>\n<h4>Pero, este, lo hacemos con especial alegr\u00eda por haber superado tantos obst\u00e1culos, porque hemos superado el\u00a0 miedo y la preocupaci\u00f3n,\u00a0 el\u00a0 no poder vernos las sonrisas ,\u00a0 las distancias obligadas,\u00a0 los recreos en corralitos\u00a0 y\u00a0 \u00a0la a\u00f1oranza de abrazos&#8230;.. tantos, tantos\u00a0 obst\u00e1culos que van quedando atr\u00e1s.<\/h4>\n<h4>Ahora nos toca reflexionar, aprender y mejorar.<\/h4>\n<h4>Tambi\u00e9n ha sido un curso at\u00edpico en nuestra biblioteca y a pesar de ello se han llevado a cabo actividades, hemos ampliado nuestra colecci\u00f3n de juveniles, el pr\u00e9stamos de ejemplares ha ido mejorando cada mes y hemos estado ah\u00ed para orientaros y ayudaros. Prometemos superarnos el pr\u00f3ximo curso.<\/h4>\n<div class=\"video-shortcode\"><iframe title=\"Biblideyne curso 20-21\" width=\"1200\" height=\"675\" src=\"https:\/\/www.youtube.com\/embed\/-0gxnPnpKVA?feature=oembed\" frameborder=\"0\" allow=\"accelerometer; autoplay; clipboard-write; encrypted-media; gyroscope; picture-in-picture\" allowfullscreen><\/iframe><\/div>\n<h4><span style=\"color: #0000ff;\">Y para despedirnos, con libros naturalmente, la profesora Berta Oca\u00f1a nos deja estas palabras.<\/span><\/h4>\n<p>&nbsp;<\/p>\n<p><strong><span style=\"font-family: 'Times New Roman', serif;\"><span style=\"font-size: large;\">La anomal\u00eda<\/span><\/span><\/strong><span style=\"font-family: 'Times New Roman', serif;\"><span style=\"font-size: large;\">\u00a0ha sido la norma en este curso; aun as\u00ed, nuestras\u00a0<\/span><\/span><strong><span style=\"font-family: 'Times New Roman', serif;\"><span style=\"font-size: large;\">Escuelas creativas<\/span><\/span><\/strong><span style=\"font-family: 'Times New Roman', serif;\"><span style=\"font-size: large;\">\u00a0han salido adelante y hemos logrado seguir siendo abanderados de\u00a0<\/span><\/span><strong><span style=\"font-family: 'Times New Roman', serif;\"><span style=\"font-size: large;\">Una educaci\u00f3n rebelde<\/span><\/span><\/strong><span style=\"font-family: 'Times New Roman', serif;\"><span style=\"font-size: large;\">\u00a0y nos hemos convertido en\u00a0<\/span><\/span><strong><span style=\"font-family: 'Times New Roman', serif;\"><span style=\"font-size: large;\">Las escuelas que cambiaron el mundo.<\/span><\/span><\/strong><span style=\"font-family: 'Times New Roman', serif;\"><span style=\"font-size: large;\">\u00a0<\/span><\/span><\/p>\n<p><span style=\"font-family: 'Times New Roman', serif;\"><span style=\"font-size: large;\"> Nuestro esfuerzo no ha sido\u00a0<\/span><\/span><strong><span style=\"font-family: 'Times New Roman', serif;\"><span style=\"font-size: large;\">Invisible<\/span><\/span><\/strong><span style=\"font-family: 'Times New Roman', serif;\"><span style=\"font-size: large;\">, pues con cada una de las gotas de sudor que han perlado nuestra frente durante estos diez meses hemos escrito\u00a0<\/span><\/span><strong><span style=\"font-family: 'Times New Roman', serif;\"><span style=\"font-size: large;\">El libro de las peque\u00f1as revoluciones<\/span><\/span><\/strong><span style=\"font-family: 'Times New Roman', serif;\"><span style=\"font-size: large;\">. La pasi\u00f3n de saber, de ense\u00f1ar, de leer, ha hecho que\u00a0<\/span><\/span><strong><span style=\"font-family: 'Times New Roman', serif;\"><span style=\"font-size: large;\">Nada de nad<\/span><\/span><\/strong><span style=\"font-family: 'Times New Roman', serif;\"><span style=\"font-size: large;\">a sea balad\u00ed en estos meses;\u00a0<\/span><\/span><strong><span style=\"font-family: 'Times New Roman', serif;\"><span style=\"font-size: large;\">D\u00e9jate de cuentos<\/span><\/span><\/strong><span style=\"font-family: 'Times New Roman', serif;\"><span style=\"font-size: large;\">, nos dec\u00edamos cuando ve\u00edamos que ca\u00edamos y que no pod\u00edamos m\u00e1s. No ser\u00e1s\u00a0<\/span><\/span><strong><span style=\"font-family: 'Times New Roman', serif;\"><span style=\"font-size: large;\">Wonder Woman,<\/span><\/span><\/strong><span style=\"font-family: 'Times New Roman', serif;\"><span style=\"font-size: large;\">\u00a0pero vas a escribir<\/span><\/span><strong><span style=\"font-family: 'Times New Roman', serif;\"><span style=\"font-size: large;\">\u00a0El libro de las peque\u00f1as revoluciones<\/span><\/span><\/strong><span style=\"font-family: 'Times New Roman', serif;\"><span style=\"font-size: large;\">, o, al menos,\u00a0 lanzar\u00e1s tus sue\u00f1os como\u00a0\u00a0<\/span><\/span><strong><span style=\"font-family: 'Times New Roman', serif;\"><span style=\"font-size: large;\">Rocas al Viento y\u00a0<\/span><\/span><\/strong><span style=\"font-family: 'Times New Roman', serif;\"><span style=\"font-size: large;\"> vas a aportar tu granito de arena. Hemos llorado y sufrido en\u00a0<\/span><\/span><strong><span style=\"font-family: 'Times New Roman', serif;\"><span style=\"font-size: large;\">Intimidad<\/span><\/span><\/strong><span style=\"font-family: 'Times New Roman', serif;\"><span style=\"font-size: large;\">, pero tambi\u00e9n hemos luchado por dar\u00a0<\/span><\/span><strong><span style=\"font-family: 'Times New Roman', serif;\"><span style=\"font-size: large;\">Breves respuestas a grandes preguntas<\/span><\/span><\/strong><span style=\"font-family: 'Times New Roman', serif;\"><span style=\"font-size: large;\">\u00a0sin que se notara que est\u00e1bamos a punto de desfallecer. Hemos buscado las fuerzas hasta en\u00a0<\/span><\/span><strong><span style=\"font-family: 'Times New Roman', serif;\"><span style=\"font-size: large;\">La tumba de Col\u00f3n<\/span><\/span><\/strong><span style=\"font-family: 'Times New Roman', serif;\"><span style=\"font-size: large;\">. Este no es\u00a0<\/span><\/span><strong><span style=\"font-family: 'Times New Roman', serif;\"><span style=\"font-size: large;\">El siglo de las luces<\/span><\/span><\/strong><span style=\"font-family: 'Times New Roman', serif;\"><span style=\"font-size: large;\">, no escuches los cantos de sirena ni\u00a0<\/span><\/span><strong><span style=\"font-family: 'Times New Roman', serif;\"><span style=\"font-size: large;\">La versi\u00f3n de \u00c9ric<\/span><\/span><\/strong><span style=\"font-family: 'Times New Roman', serif;\"><span style=\"font-size: large;\">\u00a0sobre lo que deber\u00eda haber sido o lo que deber\u00edamos haber hecho.\u00a0<\/span><\/span><\/p>\n<p><strong><span style=\"font-family: 'Times New Roman', serif;\"><span style=\"font-size: large;\"> Vida y destino\u00a0<\/span><\/span><\/strong><span style=\"font-family: 'Times New Roman', serif;\"><span style=\"font-size: large;\">de cada docente, de cada bibliotecario estaban dirigidos hacia un mismo fin: saber que\u00a0<\/span><\/span><strong><span style=\"font-family: 'Times New Roman', serif;\"><span style=\"font-size: large;\">El d\u00eda que se perdi\u00f3 el amor<\/span><\/span><\/strong><span style=\"font-family: 'Times New Roman', serif;\"><span style=\"font-size: large;\">\u00a0no hab\u00eda llegado a\u00fan, que los\u00a0<\/span><\/span><strong><span style=\"font-family: 'Times New Roman', serif;\"><span style=\"font-size: large;\">Incendios<\/span><\/span><\/strong><span style=\"font-family: 'Times New Roman', serif;\"><span style=\"font-size: large;\">\u00a0los provocar\u00edamos nosotros con el ardor de la lectura y los libros porque\u00a0<\/span><\/span><strong><span style=\"font-family: 'Times New Roman', serif;\"><span style=\"font-size: large;\">Los secretos de las obras de arte<\/span><\/span><\/strong><span style=\"font-family: 'Times New Roman', serif;\"><span style=\"font-size: large;\">\u00a0no pueden quedarse escondidos, tenemos que convertirlos en voces que pregonen desde\u00a0<\/span><\/span><strong><span style=\"font-family: 'Times New Roman', serif;\"><span style=\"font-size: large;\">Sefarad<\/span><\/span><\/strong><span style=\"font-family: 'Times New Roman', serif;\"><span style=\"font-size: large;\">\u00a0hasta el\u00a0<\/span><\/span><strong><span style=\"font-family: 'Times New Roman', serif;\"><span style=\"font-size: large;\">Litoral<\/span><\/span><\/strong><span style=\"font-family: 'Times New Roman', serif;\"><span style=\"font-size: large;\">\u00a0que si puede ser\u00a0<\/span><\/span><strong><span style=\"font-family: 'Times New Roman', serif;\"><span style=\"font-size: large;\">El amor despu\u00e9s del amor<\/span><\/span><\/strong><span style=\"font-family: 'Times New Roman', serif;\"><span style=\"font-size: large;\">, tambi\u00e9n podr\u00e1n ser las bibliotecas y la lectura y los libros antes, durante, contra y despu\u00e9s del coronavirus.<\/span><\/span><\/p>\n<p>&nbsp;<\/p>\n<p><a href=\"http:\/\/biblioteca.iesalmudeyne.es\/wp-content\/uploads\/2021\/06\/pricipito.jpg\"><img decoding=\"async\" class=\"aligncenter wp-image-3139\" src=\"http:\/\/biblioteca.iesalmudeyne.es\/wp-content\/uploads\/2021\/06\/pricipito.jpg\" alt=\"\" width=\"440\" height=\"383\" \/><\/a><\/p>\n<h2 style=\"text-align: center;\">\u00a1Feliz y merecido descanso a tod@s!<\/h2>\n<p>&nbsp;<\/p>\n<p>&nbsp;<\/p>\n","protected":false},"excerpt":{"rendered":"<p>Desde la Biblioteca vamos a despedir este curso acad\u00e9mico como [&hellip;]<\/p>\n","protected":false},"author":1,"featured_media":0,"comment_status":"open","ping_status":"open","sticky":false,"template":"","format":"standard","meta":{"footnotes":""},"categories":[1],"tags":[],"class_list":["post-3137","post","type-post","status-publish","format-standard","hentry","category-uncategorized"],"_links":{"self":[{"href":"https:\/\/biblioteca.iesalmudeyne.es\/index.php?rest_route=\/wp\/v2\/posts\/3137","targetHints":{"allow":["GET"]}}],"collection":[{"href":"https:\/\/biblioteca.iesalmudeyne.es\/index.php?rest_route=\/wp\/v2\/posts"}],"about":[{"href":"https:\/\/biblioteca.iesalmudeyne.es\/index.php?rest_route=\/wp\/v2\/types\/post"}],"author":[{"embeddable":true,"href":"https:\/\/biblioteca.iesalmudeyne.es\/index.php?rest_route=\/wp\/v2\/users\/1"}],"replies":[{"embeddable":true,"href":"https:\/\/biblioteca.iesalmudeyne.es\/index.php?rest_route=%2Fwp%2Fv2%2Fcomments&post=3137"}],"version-history":[{"count":0,"href":"https:\/\/biblioteca.iesalmudeyne.es\/index.php?rest_route=\/wp\/v2\/posts\/3137\/revisions"}],"wp:attachment":[{"href":"https:\/\/biblioteca.iesalmudeyne.es\/index.php?rest_route=%2Fwp%2Fv2%2Fmedia&parent=3137"}],"wp:term":[{"taxonomy":"category","embeddable":true,"href":"https:\/\/biblioteca.iesalmudeyne.es\/index.php?rest_route=%2Fwp%2Fv2%2Fcategories&post=3137"},{"taxonomy":"post_tag","embeddable":true,"href":"https:\/\/biblioteca.iesalmudeyne.es\/index.php?rest_route=%2Fwp%2Fv2%2Ftags&post=3137"}],"curies":[{"name":"wp","href":"https:\/\/api.w.org\/{rel}","templated":true}]}}