{"id":3191,"date":"2021-10-17T21:27:43","date_gmt":"2021-10-17T20:27:43","guid":{"rendered":"http:\/\/biblioteca.iesalmudeyne.es\/?p=3191"},"modified":"2022-02-17T20:24:33","modified_gmt":"2022-02-17T20:24:33","slug":"menuda-sorpresa-que-ilusion","status":"publish","type":"post","link":"https:\/\/biblioteca.iesalmudeyne.es\/?p=3191","title":{"rendered":"\u00a1Menuda sorpresa! \u00a1Qu\u00e9 ilusi\u00f3n!"},"content":{"rendered":"<p>Hoy tenemos la suerte en nuestro Blog Biblideyne\u00a0 de contar con el escritor Nando L\u00f3pez, que ha tenido la amabilidad de enviarnos un video\u00a0 en el que nos cuenta algunas cosas muy interesantes sobre algunos de sus \u00faltimos libros.<\/p>\n<p>La verdad es que Nando, cada d\u00eda se consolida m\u00e1s como uno de los mejores escritores de novela juvenil del pa\u00eds, asi que estamos muy contentos de que nos haya dedicado estos momentos.<\/p>\n<p>\u00a1No os lo perd\u00e1is!<\/p>\n<div class=\"video-shortcode\"><iframe title=\"Nando L\u00f3pez con nuestra Biblideyne\" width=\"1200\" height=\"675\" src=\"https:\/\/www.youtube.com\/embed\/oXosv3FdEa4?feature=oembed\" frameborder=\"0\" allow=\"accelerometer; autoplay; clipboard-write; encrypted-media; gyroscope; picture-in-picture\" allowfullscreen><\/iframe><\/div>\n<p>Para conocerlo un poco\u00a0 mejor&#8230;<\/p>\n<p><em><strong> Nando L\u00f3pez naci\u00f3 en Barcelona en 1977,\u00a0 es doctor\u00a0cum\u00a0laude\u00a0en Filolog\u00eda Hisp\u00e1nica, novelista y dramaturgo y ha sido durante a\u00f1os profesor de Lengua y Literatura de Secundaria y Bachillerato.<\/strong><\/em><\/p>\n<p><em><strong>\u00a0 \u00a0 \u00a0 \u00a0 \u00a0 \u00a0Desde joven se sinti\u00f3 atra\u00eddo por el teatro, y en sus a\u00f1os universitarios particip\u00f3 en montajes como autor y como director, llegando a crear su propia compa\u00f1\u00eda teatral con la que estren\u00f3 sus primeros textos.\u00a0 \u00a0 \u00a0<\/strong><\/em><\/p>\n<p><em><strong> \u00a0 \u00a0 \u00a0 \u00a0 \u00a0 \u00a0 Con el tiempo, ha sabido conjugar su pasi\u00f3n por la literatura, el teatro y la ense\u00f1anza. Autor de relatos y de varias novelas, le lleg\u00f3 el \u00e9xito con el libro\u00a0\u00a0La edad de la ira, finalista del Premio Nadal 2010, texto que adapt\u00f3 m\u00e1s tarde a lenguaje teatral y que recorri\u00f3 los escenarios espa\u00f1oles. Como autor de literatura infantil, ha sabido acercar el teatro a los m\u00e1s peque\u00f1os con t\u00edtulos como\u00a0La foto de los 10000 me gusta\u00a0en la colecci\u00f3n El Barco de Vapor. En los textos de sus novelas juveniles le gusta tratar temas como la inclusi\u00f3n, la homosexualidad, el acoso escolar y el impacto de las nuevas tecnolog\u00edas, como muestra\u00a0En las redes del miedo.<\/strong><\/em><\/p>\n<p><em><strong>\u00a0 \u00a0 \u00a0 \u00a0 \u00a0Como autor para adultos ha publicado, entre otros t\u00edtulos,\u00a0Hasta nunca, Peter Pan\u00a0o\u00a0El sonido de los cuerpos. Una faceta que combina con el teatro y la no ficci\u00f3n con libros humor\u00edsticos sobre la realidad educativa muy populares entre la comunidad docente, como\u00a0En casa me lo sab\u00eda\u00a0o\u00a0Dilo en voz alta y nos re\u00edmos todos. En la actualidad, combina la creaci\u00f3n literaria con numerosos encuentros con lectores en colegios e institutos de toda Espa\u00f1a.<\/strong><\/em><\/p>\n<p>\u00a1Tal vez alg\u00fan d\u00eda podamos chalar con \u00e9l en persona!!<\/p>\n<h3 style=\"text-align: center;\">Mientras tanto en nuestra biblioteca pod\u00e9is encontrar y disfrutar con algunos de sus libros.<\/h3>\n<p><a href=\"http:\/\/biblioteca.iesalmudeyne.es\/wp-content\/uploads\/2021\/10\/1.gif\"><img decoding=\"async\" class=\" wp-image-3192 alignleft\" src=\"http:\/\/biblioteca.iesalmudeyne.es\/wp-content\/uploads\/2021\/10\/1-195x300.gif\" alt=\"\" width=\"174\" height=\"268\" \/><\/a> <a href=\"http:\/\/biblioteca.iesalmudeyne.es\/wp-content\/uploads\/2021\/10\/2-1.png\"><img decoding=\"async\" class=\" wp-image-3193 alignleft\" src=\"http:\/\/biblioteca.iesalmudeyne.es\/wp-content\/uploads\/2021\/10\/2-1.png\" alt=\"\" width=\"174\" height=\"265\" \/><\/a> <a href=\"http:\/\/biblioteca.iesalmudeyne.es\/wp-content\/uploads\/2021\/10\/3.gif\"><img decoding=\"async\" class=\" wp-image-3194 alignleft\" src=\"http:\/\/biblioteca.iesalmudeyne.es\/wp-content\/uploads\/2021\/10\/3-188x300.gif\" alt=\"\" width=\"167\" height=\"266\" \/><\/a><\/p>\n<p>&nbsp;<\/p>\n<p>&nbsp;<\/p>\n<p>&nbsp;<\/p>\n<p>&nbsp;<\/p>\n<p>&nbsp;<\/p>\n<p>&nbsp;<\/p>\n<p>&nbsp;<\/p>\n<p><a href=\"http:\/\/biblioteca.iesalmudeyne.es\/wp-content\/uploads\/2021\/10\/5.jpg\">\u00a0 <img decoding=\"async\" class=\" wp-image-3196 alignnone\" src=\"http:\/\/biblioteca.iesalmudeyne.es\/wp-content\/uploads\/2021\/10\/5.jpg\" alt=\"\" width=\"171\" height=\"256\" \/><\/a><a href=\"http:\/\/biblioteca.iesalmudeyne.es\/wp-content\/uploads\/2021\/10\/7.jpg\"><img decoding=\"async\" class=\" wp-image-3200 alignleft\" src=\"http:\/\/biblioteca.iesalmudeyne.es\/wp-content\/uploads\/2021\/10\/7.jpg\" alt=\"\" width=\"174\" height=\"258\" \/><\/a><a href=\"http:\/\/biblioteca.iesalmudeyne.es\/wp-content\/uploads\/2021\/10\/8.jpg\"><img decoding=\"async\" class=\"alignleft wp-image-3195\" src=\"http:\/\/biblioteca.iesalmudeyne.es\/wp-content\/uploads\/2021\/10\/8.jpg\" alt=\"\" width=\"177\" height=\"263\" \/><\/a><\/p>\n<p>&nbsp;<\/p>\n<p><a href=\"http:\/\/biblioteca.iesalmudeyne.es\/wp-content\/uploads\/2021\/10\/6.jpg\"><img decoding=\"async\" class=\" wp-image-3198 alignleft\" src=\"http:\/\/biblioteca.iesalmudeyne.es\/wp-content\/uploads\/2021\/10\/6.jpg\" alt=\"\" width=\"171\" height=\"254\" \/><\/a><\/p>\n<p><a href=\"http:\/\/biblioteca.iesalmudeyne.es\/wp-content\/uploads\/2021\/10\/9.jpg\"><img decoding=\"async\" class=\" wp-image-3199 alignleft\" src=\"http:\/\/biblioteca.iesalmudeyne.es\/wp-content\/uploads\/2021\/10\/9.jpg\" alt=\"\" width=\"172\" height=\"258\" \/><\/a><\/p>\n<p><a href=\"http:\/\/biblioteca.iesalmudeyne.es\/wp-content\/uploads\/2021\/10\/4.jpg\"><img decoding=\"async\" class=\" wp-image-3197 alignleft\" src=\"http:\/\/biblioteca.iesalmudeyne.es\/wp-content\/uploads\/2021\/10\/4.jpg\" alt=\"\" width=\"172\" height=\"254\" \/><\/a><\/p>\n<p>&nbsp;<\/p>\n<p>&nbsp;<\/p>\n<p>&nbsp;<\/p>\n<p>&nbsp;<\/p>\n<p>&nbsp;<\/p>\n<p>&nbsp;<\/p>\n<p><a href=\"http:\/\/biblioteca.iesalmudeyne.es\/wp-content\/uploads\/2021\/10\/emoji-aplaude-mano-emoticono-para-animar-el-icono-de-los-aplausos-caricatura-vector-197793598.jpg\"><img decoding=\"async\" class=\"wp-image-3210 aligncenter\" src=\"http:\/\/biblioteca.iesalmudeyne.es\/wp-content\/uploads\/2021\/10\/emoji-aplaude-mano-emoticono-para-animar-el-icono-de-los-aplausos-caricatura-vector-197793598-300x290.jpg\" alt=\"\" width=\"194\" height=\"188\" \/><\/a><\/p>\n","protected":false},"excerpt":{"rendered":"<p>Hoy tenemos la suerte en nuestro Blog Biblideyne\u00a0 de contar [&hellip;]<\/p>\n","protected":false},"author":1,"featured_media":0,"comment_status":"open","ping_status":"open","sticky":false,"template":"","format":"standard","meta":{"footnotes":""},"categories":[7,2],"tags":[],"class_list":["post-3191","post","type-post","status-publish","format-standard","hentry","category-noticias","category-recomendaciones"],"_links":{"self":[{"href":"https:\/\/biblioteca.iesalmudeyne.es\/index.php?rest_route=\/wp\/v2\/posts\/3191","targetHints":{"allow":["GET"]}}],"collection":[{"href":"https:\/\/biblioteca.iesalmudeyne.es\/index.php?rest_route=\/wp\/v2\/posts"}],"about":[{"href":"https:\/\/biblioteca.iesalmudeyne.es\/index.php?rest_route=\/wp\/v2\/types\/post"}],"author":[{"embeddable":true,"href":"https:\/\/biblioteca.iesalmudeyne.es\/index.php?rest_route=\/wp\/v2\/users\/1"}],"replies":[{"embeddable":true,"href":"https:\/\/biblioteca.iesalmudeyne.es\/index.php?rest_route=%2Fwp%2Fv2%2Fcomments&post=3191"}],"version-history":[{"count":1,"href":"https:\/\/biblioteca.iesalmudeyne.es\/index.php?rest_route=\/wp\/v2\/posts\/3191\/revisions"}],"predecessor-version":[{"id":3794,"href":"https:\/\/biblioteca.iesalmudeyne.es\/index.php?rest_route=\/wp\/v2\/posts\/3191\/revisions\/3794"}],"wp:attachment":[{"href":"https:\/\/biblioteca.iesalmudeyne.es\/index.php?rest_route=%2Fwp%2Fv2%2Fmedia&parent=3191"}],"wp:term":[{"taxonomy":"category","embeddable":true,"href":"https:\/\/biblioteca.iesalmudeyne.es\/index.php?rest_route=%2Fwp%2Fv2%2Fcategories&post=3191"},{"taxonomy":"post_tag","embeddable":true,"href":"https:\/\/biblioteca.iesalmudeyne.es\/index.php?rest_route=%2Fwp%2Fv2%2Ftags&post=3191"}],"curies":[{"name":"wp","href":"https:\/\/api.w.org\/{rel}","templated":true}]}}