{"id":3372,"date":"2021-12-01T13:10:49","date_gmt":"2021-12-01T12:10:49","guid":{"rendered":"http:\/\/biblioteca.iesalmudeyne.es\/?p=3372"},"modified":"2022-02-13T17:38:15","modified_gmt":"2022-02-13T17:38:15","slug":"formacion-2","status":"publish","type":"post","link":"https:\/\/biblioteca.iesalmudeyne.es\/?p=3372","title":{"rendered":"Formaci\u00f3n 2"},"content":{"rendered":"<blockquote>\n<p style=\"text-align: center;\"><strong>Esta semana nos hemos encontrado en la biblioteca con los grupos de 1\u00baESO D y F para ense\u00f1arles como usar este espacio tan especial del IES Almudeyne y la verdad es que tenemos que decir que \u00a1chap\u00f3!.<\/strong><\/p>\n<p style=\"text-align: center;\"><strong>\u00a1Os dejamos algunas im\u00e1genes y esperamos que lo pasarais bien!<\/strong><\/p>\n<p><a href=\"http:\/\/biblioteca.iesalmudeyne.es\/wp-content\/uploads\/2021\/11\/IMG-20211123-WA0004.jpg\"><img decoding=\"async\" class=\" wp-image-3610 aligncenter\" src=\"https:\/\/biblioteca.iesalmudeyne.es\/wp-content\/uploads\/2021\/12\/IMG-20211123-WA0007-1024x766-1-300x224.jpg\" alt=\"\" width=\"463\" height=\"346\" srcset=\"https:\/\/biblioteca.iesalmudeyne.es\/wp-content\/uploads\/2021\/12\/IMG-20211123-WA0007-1024x766-1-200x150.jpg 200w, https:\/\/biblioteca.iesalmudeyne.es\/wp-content\/uploads\/2021\/12\/IMG-20211123-WA0007-1024x766-1-300x224.jpg 300w, https:\/\/biblioteca.iesalmudeyne.es\/wp-content\/uploads\/2021\/12\/IMG-20211123-WA0007-1024x766-1-400x299.jpg 400w, https:\/\/biblioteca.iesalmudeyne.es\/wp-content\/uploads\/2021\/12\/IMG-20211123-WA0007-1024x766-1-600x449.jpg 600w, https:\/\/biblioteca.iesalmudeyne.es\/wp-content\/uploads\/2021\/12\/IMG-20211123-WA0007-1024x766-1-768x575.jpg 768w, https:\/\/biblioteca.iesalmudeyne.es\/wp-content\/uploads\/2021\/12\/IMG-20211123-WA0007-1024x766-1-800x598.jpg 800w, https:\/\/biblioteca.iesalmudeyne.es\/wp-content\/uploads\/2021\/12\/IMG-20211123-WA0007-1024x766-1.jpg 1024w\" sizes=\"(max-width: 463px) 100vw, 463px\" \/><\/a><a href=\"http:\/\/biblioteca.iesalmudeyne.es\/wp-content\/uploads\/2021\/11\/IMG-20211123-WA0004.jpg\"><br \/>\n<img decoding=\"async\" class=\"wp-image-3612 aligncenter\" src=\"https:\/\/biblioteca.iesalmudeyne.es\/wp-content\/uploads\/2021\/12\/IMG-20211123-WA0006-300x224.jpg\" alt=\"\" width=\"456\" height=\"341\" srcset=\"https:\/\/biblioteca.iesalmudeyne.es\/wp-content\/uploads\/2021\/12\/IMG-20211123-WA0006-200x150.jpg 200w, https:\/\/biblioteca.iesalmudeyne.es\/wp-content\/uploads\/2021\/12\/IMG-20211123-WA0006-300x224.jpg 300w, https:\/\/biblioteca.iesalmudeyne.es\/wp-content\/uploads\/2021\/12\/IMG-20211123-WA0006-400x299.jpg 400w, https:\/\/biblioteca.iesalmudeyne.es\/wp-content\/uploads\/2021\/12\/IMG-20211123-WA0006-600x449.jpg 600w, https:\/\/biblioteca.iesalmudeyne.es\/wp-content\/uploads\/2021\/12\/IMG-20211123-WA0006-768x574.jpg 768w, https:\/\/biblioteca.iesalmudeyne.es\/wp-content\/uploads\/2021\/12\/IMG-20211123-WA0006-800x598.jpg 800w, https:\/\/biblioteca.iesalmudeyne.es\/wp-content\/uploads\/2021\/12\/IMG-20211123-WA0006-1024x766.jpg 1024w, https:\/\/biblioteca.iesalmudeyne.es\/wp-content\/uploads\/2021\/12\/IMG-20211123-WA0006-1200x898.jpg 1200w, https:\/\/biblioteca.iesalmudeyne.es\/wp-content\/uploads\/2021\/12\/IMG-20211123-WA0006-1536x1149.jpg 1536w\" sizes=\"(max-width: 456px) 100vw, 456px\" \/><\/a><a href=\"http:\/\/biblioteca.iesalmudeyne.es\/wp-content\/uploads\/2021\/11\/IMG-20211123-WA0008.jpg\"><br \/>\n<img decoding=\"async\" class=\"wp-image-3613 aligncenter\" src=\"https:\/\/biblioteca.iesalmudeyne.es\/wp-content\/uploads\/2021\/12\/IMG-20211123-WA0008-300x224.jpg\" alt=\"\" width=\"460\" height=\"343\" srcset=\"https:\/\/biblioteca.iesalmudeyne.es\/wp-content\/uploads\/2021\/12\/IMG-20211123-WA0008-200x150.jpg 200w, https:\/\/biblioteca.iesalmudeyne.es\/wp-content\/uploads\/2021\/12\/IMG-20211123-WA0008-300x224.jpg 300w, https:\/\/biblioteca.iesalmudeyne.es\/wp-content\/uploads\/2021\/12\/IMG-20211123-WA0008-400x299.jpg 400w, https:\/\/biblioteca.iesalmudeyne.es\/wp-content\/uploads\/2021\/12\/IMG-20211123-WA0008-600x449.jpg 600w, https:\/\/biblioteca.iesalmudeyne.es\/wp-content\/uploads\/2021\/12\/IMG-20211123-WA0008-768x574.jpg 768w, https:\/\/biblioteca.iesalmudeyne.es\/wp-content\/uploads\/2021\/12\/IMG-20211123-WA0008-800x598.jpg 800w, https:\/\/biblioteca.iesalmudeyne.es\/wp-content\/uploads\/2021\/12\/IMG-20211123-WA0008-1024x766.jpg 1024w, https:\/\/biblioteca.iesalmudeyne.es\/wp-content\/uploads\/2021\/12\/IMG-20211123-WA0008-1200x898.jpg 1200w, https:\/\/biblioteca.iesalmudeyne.es\/wp-content\/uploads\/2021\/12\/IMG-20211123-WA0008-1536x1149.jpg 1536w\" sizes=\"(max-width: 460px) 100vw, 460px\" \/><\/a><a href=\"http:\/\/biblioteca.iesalmudeyne.es\/wp-content\/uploads\/2021\/11\/IMG-20211123-WA0007.jpg\"><br \/>\n<\/a><a href=\"http:\/\/biblioteca.iesalmudeyne.es\/wp-content\/uploads\/2021\/11\/IMG-20211123-WA0009.jpg\"><img decoding=\"async\" class=\"wp-image-3614 aligncenter\" src=\"https:\/\/biblioteca.iesalmudeyne.es\/wp-content\/uploads\/2021\/12\/IMG-20211123-WA0007-300x224.jpg\" alt=\"\" width=\"461\" height=\"344\" srcset=\"https:\/\/biblioteca.iesalmudeyne.es\/wp-content\/uploads\/2021\/12\/IMG-20211123-WA0007-200x150.jpg 200w, https:\/\/biblioteca.iesalmudeyne.es\/wp-content\/uploads\/2021\/12\/IMG-20211123-WA0007-300x224.jpg 300w, https:\/\/biblioteca.iesalmudeyne.es\/wp-content\/uploads\/2021\/12\/IMG-20211123-WA0007-400x299.jpg 400w, https:\/\/biblioteca.iesalmudeyne.es\/wp-content\/uploads\/2021\/12\/IMG-20211123-WA0007-600x449.jpg 600w, https:\/\/biblioteca.iesalmudeyne.es\/wp-content\/uploads\/2021\/12\/IMG-20211123-WA0007-768x574.jpg 768w, https:\/\/biblioteca.iesalmudeyne.es\/wp-content\/uploads\/2021\/12\/IMG-20211123-WA0007-800x598.jpg 800w, https:\/\/biblioteca.iesalmudeyne.es\/wp-content\/uploads\/2021\/12\/IMG-20211123-WA0007-1024x766.jpg 1024w, https:\/\/biblioteca.iesalmudeyne.es\/wp-content\/uploads\/2021\/12\/IMG-20211123-WA0007-1200x898.jpg 1200w, https:\/\/biblioteca.iesalmudeyne.es\/wp-content\/uploads\/2021\/12\/IMG-20211123-WA0007-1536x1149.jpg 1536w\" sizes=\"(max-width: 461px) 100vw, 461px\" \/><br \/>\n<\/a><a href=\"http:\/\/biblioteca.iesalmudeyne.es\/wp-content\/uploads\/2021\/11\/IMG-20211123-WA0011.jpg\"><img decoding=\"async\" class=\"wp-image-3615 aligncenter\" src=\"https:\/\/biblioteca.iesalmudeyne.es\/wp-content\/uploads\/2021\/12\/IMG-20211123-WA0009-300x224.jpg\" alt=\"\" width=\"463\" height=\"345\" srcset=\"https:\/\/biblioteca.iesalmudeyne.es\/wp-content\/uploads\/2021\/12\/IMG-20211123-WA0009-200x150.jpg 200w, https:\/\/biblioteca.iesalmudeyne.es\/wp-content\/uploads\/2021\/12\/IMG-20211123-WA0009-300x224.jpg 300w, https:\/\/biblioteca.iesalmudeyne.es\/wp-content\/uploads\/2021\/12\/IMG-20211123-WA0009-400x299.jpg 400w, https:\/\/biblioteca.iesalmudeyne.es\/wp-content\/uploads\/2021\/12\/IMG-20211123-WA0009-600x449.jpg 600w, https:\/\/biblioteca.iesalmudeyne.es\/wp-content\/uploads\/2021\/12\/IMG-20211123-WA0009-768x574.jpg 768w, https:\/\/biblioteca.iesalmudeyne.es\/wp-content\/uploads\/2021\/12\/IMG-20211123-WA0009-800x598.jpg 800w, https:\/\/biblioteca.iesalmudeyne.es\/wp-content\/uploads\/2021\/12\/IMG-20211123-WA0009-1024x766.jpg 1024w, https:\/\/biblioteca.iesalmudeyne.es\/wp-content\/uploads\/2021\/12\/IMG-20211123-WA0009-1200x898.jpg 1200w, https:\/\/biblioteca.iesalmudeyne.es\/wp-content\/uploads\/2021\/12\/IMG-20211123-WA0009-1536x1149.jpg 1536w\" sizes=\"(max-width: 463px) 100vw, 463px\" \/><br \/>\n<img decoding=\"async\" class=\" wp-image-3616 aligncenter\" src=\"https:\/\/biblioteca.iesalmudeyne.es\/wp-content\/uploads\/2021\/12\/IMG-20211123-WA0011-300x224.jpg\" alt=\"\" width=\"459\" height=\"342\" srcset=\"https:\/\/biblioteca.iesalmudeyne.es\/wp-content\/uploads\/2021\/12\/IMG-20211123-WA0011-200x150.jpg 200w, https:\/\/biblioteca.iesalmudeyne.es\/wp-content\/uploads\/2021\/12\/IMG-20211123-WA0011-300x224.jpg 300w, https:\/\/biblioteca.iesalmudeyne.es\/wp-content\/uploads\/2021\/12\/IMG-20211123-WA0011-400x299.jpg 400w, https:\/\/biblioteca.iesalmudeyne.es\/wp-content\/uploads\/2021\/12\/IMG-20211123-WA0011-600x449.jpg 600w, https:\/\/biblioteca.iesalmudeyne.es\/wp-content\/uploads\/2021\/12\/IMG-20211123-WA0011-768x574.jpg 768w, https:\/\/biblioteca.iesalmudeyne.es\/wp-content\/uploads\/2021\/12\/IMG-20211123-WA0011-800x598.jpg 800w, https:\/\/biblioteca.iesalmudeyne.es\/wp-content\/uploads\/2021\/12\/IMG-20211123-WA0011-1024x766.jpg 1024w, https:\/\/biblioteca.iesalmudeyne.es\/wp-content\/uploads\/2021\/12\/IMG-20211123-WA0011-1200x898.jpg 1200w, https:\/\/biblioteca.iesalmudeyne.es\/wp-content\/uploads\/2021\/12\/IMG-20211123-WA0011-1536x1149.jpg 1536w\" sizes=\"(max-width: 459px) 100vw, 459px\" \/><br \/>\n<\/a><\/p>\n<p style=\"text-align: center;\"><strong>Y recordaros que el \u00faltimo jueves de cada mes se re\u00fane el club de lectura y pod\u00e9is compartir vuestras lecturas y recomendaciones.<\/strong><\/p>\n<p><img decoding=\"async\" class=\" wp-image-3617 aligncenter\" src=\"https:\/\/biblioteca.iesalmudeyne.es\/wp-content\/uploads\/2021\/12\/AdobeStock_206081712-1024x531-1-300x110.jpg\" alt=\"\" width=\"458\" height=\"168\" srcset=\"https:\/\/biblioteca.iesalmudeyne.es\/wp-content\/uploads\/2021\/12\/AdobeStock_206081712-1024x531-1-200x73.jpg 200w, https:\/\/biblioteca.iesalmudeyne.es\/wp-content\/uploads\/2021\/12\/AdobeStock_206081712-1024x531-1-300x110.jpg 300w, https:\/\/biblioteca.iesalmudeyne.es\/wp-content\/uploads\/2021\/12\/AdobeStock_206081712-1024x531-1-400x146.jpg 400w, https:\/\/biblioteca.iesalmudeyne.es\/wp-content\/uploads\/2021\/12\/AdobeStock_206081712-1024x531-1-600x219.jpg 600w, https:\/\/biblioteca.iesalmudeyne.es\/wp-content\/uploads\/2021\/12\/AdobeStock_206081712-1024x531-1.jpg 613w\" sizes=\"(max-width: 458px) 100vw, 458px\" \/><\/p><\/blockquote>\n","protected":false},"excerpt":{"rendered":"<p>Esta semana nos hemos encontrado en la biblioteca con los [&hellip;]<\/p>\n","protected":false},"author":1,"featured_media":0,"comment_status":"open","ping_status":"open","sticky":false,"template":"","format":"standard","meta":{"footnotes":""},"categories":[6],"tags":[],"class_list":["post-3372","post","type-post","status-publish","format-standard","hentry","category-actividades"],"_links":{"self":[{"href":"https:\/\/biblioteca.iesalmudeyne.es\/index.php?rest_route=\/wp\/v2\/posts\/3372","targetHints":{"allow":["GET"]}}],"collection":[{"href":"https:\/\/biblioteca.iesalmudeyne.es\/index.php?rest_route=\/wp\/v2\/posts"}],"about":[{"href":"https:\/\/biblioteca.iesalmudeyne.es\/index.php?rest_route=\/wp\/v2\/types\/post"}],"author":[{"embeddable":true,"href":"https:\/\/biblioteca.iesalmudeyne.es\/index.php?rest_route=\/wp\/v2\/users\/1"}],"replies":[{"embeddable":true,"href":"https:\/\/biblioteca.iesalmudeyne.es\/index.php?rest_route=%2Fwp%2Fv2%2Fcomments&post=3372"}],"version-history":[{"count":2,"href":"https:\/\/biblioteca.iesalmudeyne.es\/index.php?rest_route=\/wp\/v2\/posts\/3372\/revisions"}],"predecessor-version":[{"id":3618,"href":"https:\/\/biblioteca.iesalmudeyne.es\/index.php?rest_route=\/wp\/v2\/posts\/3372\/revisions\/3618"}],"wp:attachment":[{"href":"https:\/\/biblioteca.iesalmudeyne.es\/index.php?rest_route=%2Fwp%2Fv2%2Fmedia&parent=3372"}],"wp:term":[{"taxonomy":"category","embeddable":true,"href":"https:\/\/biblioteca.iesalmudeyne.es\/index.php?rest_route=%2Fwp%2Fv2%2Fcategories&post=3372"},{"taxonomy":"post_tag","embeddable":true,"href":"https:\/\/biblioteca.iesalmudeyne.es\/index.php?rest_route=%2Fwp%2Fv2%2Ftags&post=3372"}],"curies":[{"name":"wp","href":"https:\/\/api.w.org\/{rel}","templated":true}]}}