{"id":3432,"date":"2021-12-20T08:50:09","date_gmt":"2021-12-20T07:50:09","guid":{"rendered":"http:\/\/biblioteca.iesalmudeyne.es\/?p=3432"},"modified":"2022-02-14T07:34:04","modified_gmt":"2022-02-14T07:34:04","slug":"beben-y-beben-y-vuelven-a-beber-los","status":"publish","type":"post","link":"https:\/\/biblioteca.iesalmudeyne.es\/?p=3432","title":{"rendered":"\u00a1Beben y beben y vuelven a beber los&#8230;&#8230;&#8230;&#8230;.."},"content":{"rendered":"<p><a href=\"http:\/\/biblioteca.iesalmudeyne.es\/wp-content\/uploads\/2021\/12\/png-transparent-christmas-decoration-christmas-ornament-christmas-decoration-baubles-and-bowtie-text-heart-christmas-ornaments.png\"><img decoding=\"async\" class=\" wp-image-3592 aligncenter\" src=\"https:\/\/biblioteca.iesalmudeyne.es\/wp-content\/uploads\/2021\/12\/png-transparent-christmas-decoration-christmas-ornament-christmas-decoration-baubles-and-bowtie-text-heart-christmas-ornaments-300x129.png\" alt=\"\" width=\"432\" height=\"186\" srcset=\"https:\/\/biblioteca.iesalmudeyne.es\/wp-content\/uploads\/2021\/12\/png-transparent-christmas-decoration-christmas-ornament-christmas-decoration-baubles-and-bowtie-text-heart-christmas-ornaments-200x86.png 200w, https:\/\/biblioteca.iesalmudeyne.es\/wp-content\/uploads\/2021\/12\/png-transparent-christmas-decoration-christmas-ornament-christmas-decoration-baubles-and-bowtie-text-heart-christmas-ornaments-300x129.png 300w, https:\/\/biblioteca.iesalmudeyne.es\/wp-content\/uploads\/2021\/12\/png-transparent-christmas-decoration-christmas-ornament-christmas-decoration-baubles-and-bowtie-text-heart-christmas-ornaments-400x172.png 400w, https:\/\/biblioteca.iesalmudeyne.es\/wp-content\/uploads\/2021\/12\/png-transparent-christmas-decoration-christmas-ornament-christmas-decoration-baubles-and-bowtie-text-heart-christmas-ornaments-600x258.png 600w, https:\/\/biblioteca.iesalmudeyne.es\/wp-content\/uploads\/2021\/12\/png-transparent-christmas-decoration-christmas-ornament-christmas-decoration-baubles-and-bowtie-text-heart-christmas-ornaments-768x330.png 768w, https:\/\/biblioteca.iesalmudeyne.es\/wp-content\/uploads\/2021\/12\/png-transparent-christmas-decoration-christmas-ornament-christmas-decoration-baubles-and-bowtie-text-heart-christmas-ornaments-800x343.png 800w, https:\/\/biblioteca.iesalmudeyne.es\/wp-content\/uploads\/2021\/12\/png-transparent-christmas-decoration-christmas-ornament-christmas-decoration-baubles-and-bowtie-text-heart-christmas-ornaments.png 920w\" sizes=\"(max-width: 432px) 100vw, 432px\" \/><\/a><\/p>\n<p>Llega un tiempo m\u00e1gico, momentos de solidaridad,\u00a0 de encuentros familiares, de dar un buen mordisco al turr\u00f3n de Jijona, de darnos cuenta de que la Tierra est\u00e1 terminando de dar otra vuelta al Sol y pronto dejaremos atr\u00e1s el a\u00f1o 2021 y surge desde lo m\u00e1s profundo de nuestro coraz\u00f3n desear la felicidad a quienes nos rodean y forman parte de nuestra vida.<\/p>\n<p>Desde Nuestra Aula \u00abPlaneta\u00bb nos felicitan de esta entra\u00f1able manera:<\/p>\n<p>&nbsp;<\/p>\n<h2 style=\"text-align: center;\"><span style=\"color: #ff0000;\"><strong>\u00a1 FELICES FIESTAS!<\/strong><\/span><\/h2>\n<p><img decoding=\"async\" class=\"aligncenter  wp-image-3660\" src=\"https:\/\/biblioteca.iesalmudeyne.es\/wp-content\/uploads\/2021\/12\/IMG-20211216-WA0007-1.jpg\" alt=\"\" width=\"880\" height=\"658\" srcset=\"https:\/\/biblioteca.iesalmudeyne.es\/wp-content\/uploads\/2021\/12\/IMG-20211216-WA0007-1-200x150.jpg 200w, https:\/\/biblioteca.iesalmudeyne.es\/wp-content\/uploads\/2021\/12\/IMG-20211216-WA0007-1-300x224.jpg 300w, https:\/\/biblioteca.iesalmudeyne.es\/wp-content\/uploads\/2021\/12\/IMG-20211216-WA0007-1-400x299.jpg 400w, https:\/\/biblioteca.iesalmudeyne.es\/wp-content\/uploads\/2021\/12\/IMG-20211216-WA0007-1-600x449.jpg 600w, https:\/\/biblioteca.iesalmudeyne.es\/wp-content\/uploads\/2021\/12\/IMG-20211216-WA0007-1-768x574.jpg 768w, https:\/\/biblioteca.iesalmudeyne.es\/wp-content\/uploads\/2021\/12\/IMG-20211216-WA0007-1-800x598.jpg 800w, https:\/\/biblioteca.iesalmudeyne.es\/wp-content\/uploads\/2021\/12\/IMG-20211216-WA0007-1-1024x765.jpg 1024w, https:\/\/biblioteca.iesalmudeyne.es\/wp-content\/uploads\/2021\/12\/IMG-20211216-WA0007-1-1200x897.jpg 1200w, https:\/\/biblioteca.iesalmudeyne.es\/wp-content\/uploads\/2021\/12\/IMG-20211216-WA0007-1-1536x1148.jpg 1536w, https:\/\/biblioteca.iesalmudeyne.es\/wp-content\/uploads\/2021\/12\/IMG-20211216-WA0007-1.jpg 1600w\" sizes=\"(max-width: 880px) 100vw, 880px\" \/><\/p>\n<p style=\"text-align: center;\">Desde nuestro <strong>PLANETA<\/strong> particular del <strong>IES Almudeyne<\/strong> queremos dar las gracias a toda la comunidad educativa por habernos hecho f\u00e1cil un trimestre lleno de proyectos, trabajo y sue\u00f1os y desearos unas muy\u2026 <strong>\u00a1FELICES FIESTAS!<\/strong> y merecido descanso.<\/p>\n<p><img decoding=\"async\" class=\"wp-image-3594 aligncenter\" src=\"https:\/\/biblioteca.iesalmudeyne.es\/wp-content\/uploads\/2021\/12\/IMG-20211216-WA0002-1l-1024x765-1-300x224.jpg\" alt=\"\" width=\"403\" height=\"301\" srcset=\"https:\/\/biblioteca.iesalmudeyne.es\/wp-content\/uploads\/2021\/12\/IMG-20211216-WA0002-1l-1024x765-1-200x149.jpg 200w, https:\/\/biblioteca.iesalmudeyne.es\/wp-content\/uploads\/2021\/12\/IMG-20211216-WA0002-1l-1024x765-1-300x224.jpg 300w, https:\/\/biblioteca.iesalmudeyne.es\/wp-content\/uploads\/2021\/12\/IMG-20211216-WA0002-1l-1024x765-1-400x299.jpg 400w, https:\/\/biblioteca.iesalmudeyne.es\/wp-content\/uploads\/2021\/12\/IMG-20211216-WA0002-1l-1024x765-1-600x448.jpg 600w, https:\/\/biblioteca.iesalmudeyne.es\/wp-content\/uploads\/2021\/12\/IMG-20211216-WA0002-1l-1024x765-1-768x574.jpg 768w, https:\/\/biblioteca.iesalmudeyne.es\/wp-content\/uploads\/2021\/12\/IMG-20211216-WA0002-1l-1024x765-1-800x598.jpg 800w, https:\/\/biblioteca.iesalmudeyne.es\/wp-content\/uploads\/2021\/12\/IMG-20211216-WA0002-1l-1024x765-1.jpg 1024w\" sizes=\"(max-width: 403px) 100vw, 403px\" \/><\/p>\n<p style=\"text-align: center;\"><span style=\"color: #ff0000;\"><strong>EN ALG\u00daN LUGAR, SOBRE EL ARCO IRIS<\/strong><\/span><strong><br \/>\n<span style=\"color: #0000ff;\">LOS CIELOS SON AZULES<\/span><br \/>\n<span style=\"color: #ffcc00;\">Y TODOS LOS SUE\u00d1OS<\/span><br \/>\n<span style=\"color: #993366;\">QUE TE ANIMAS A SO\u00d1AR<\/span><br \/>\n<span style=\"color: #ff00ff;\">SE HACEN REALIDAD.<\/span><\/strong><\/p>\n<p><img decoding=\"async\" class=\"wp-image-3595 aligncenter\" src=\"https:\/\/biblioteca.iesalmudeyne.es\/wp-content\/uploads\/2021\/12\/IMG-20211216-WA0026-1-1024x765-1-300x224.jpg\" alt=\"\" width=\"416\" height=\"310\" srcset=\"https:\/\/biblioteca.iesalmudeyne.es\/wp-content\/uploads\/2021\/12\/IMG-20211216-WA0026-1-1024x765-1-200x149.jpg 200w, https:\/\/biblioteca.iesalmudeyne.es\/wp-content\/uploads\/2021\/12\/IMG-20211216-WA0026-1-1024x765-1-300x224.jpg 300w, https:\/\/biblioteca.iesalmudeyne.es\/wp-content\/uploads\/2021\/12\/IMG-20211216-WA0026-1-1024x765-1-400x299.jpg 400w, https:\/\/biblioteca.iesalmudeyne.es\/wp-content\/uploads\/2021\/12\/IMG-20211216-WA0026-1-1024x765-1-600x448.jpg 600w, https:\/\/biblioteca.iesalmudeyne.es\/wp-content\/uploads\/2021\/12\/IMG-20211216-WA0026-1-1024x765-1-768x574.jpg 768w, https:\/\/biblioteca.iesalmudeyne.es\/wp-content\/uploads\/2021\/12\/IMG-20211216-WA0026-1-1024x765-1-800x598.jpg 800w, https:\/\/biblioteca.iesalmudeyne.es\/wp-content\/uploads\/2021\/12\/IMG-20211216-WA0026-1-1024x765-1.jpg 1024w\" sizes=\"(max-width: 416px) 100vw, 416px\" \/><\/p>\n","protected":false},"excerpt":{"rendered":"<p>Llega un tiempo m\u00e1gico, momentos de solidaridad,\u00a0 de encuentros familiares, [&hellip;]<\/p>\n","protected":false},"author":1,"featured_media":3437,"comment_status":"open","ping_status":"open","sticky":false,"template":"","format":"standard","meta":{"footnotes":""},"categories":[4],"tags":[],"class_list":["post-3432","post","type-post","status-publish","format-standard","has-post-thumbnail","hentry","category-efemerides-y-eventos"],"_links":{"self":[{"href":"https:\/\/biblioteca.iesalmudeyne.es\/index.php?rest_route=\/wp\/v2\/posts\/3432","targetHints":{"allow":["GET"]}}],"collection":[{"href":"https:\/\/biblioteca.iesalmudeyne.es\/index.php?rest_route=\/wp\/v2\/posts"}],"about":[{"href":"https:\/\/biblioteca.iesalmudeyne.es\/index.php?rest_route=\/wp\/v2\/types\/post"}],"author":[{"embeddable":true,"href":"https:\/\/biblioteca.iesalmudeyne.es\/index.php?rest_route=\/wp\/v2\/users\/1"}],"replies":[{"embeddable":true,"href":"https:\/\/biblioteca.iesalmudeyne.es\/index.php?rest_route=%2Fwp%2Fv2%2Fcomments&post=3432"}],"version-history":[{"count":4,"href":"https:\/\/biblioteca.iesalmudeyne.es\/index.php?rest_route=\/wp\/v2\/posts\/3432\/revisions"}],"predecessor-version":[{"id":3662,"href":"https:\/\/biblioteca.iesalmudeyne.es\/index.php?rest_route=\/wp\/v2\/posts\/3432\/revisions\/3662"}],"wp:featuredmedia":[{"embeddable":true,"href":"https:\/\/biblioteca.iesalmudeyne.es\/index.php?rest_route=\/"}],"wp:attachment":[{"href":"https:\/\/biblioteca.iesalmudeyne.es\/index.php?rest_route=%2Fwp%2Fv2%2Fmedia&parent=3432"}],"wp:term":[{"taxonomy":"category","embeddable":true,"href":"https:\/\/biblioteca.iesalmudeyne.es\/index.php?rest_route=%2Fwp%2Fv2%2Fcategories&post=3432"},{"taxonomy":"post_tag","embeddable":true,"href":"https:\/\/biblioteca.iesalmudeyne.es\/index.php?rest_route=%2Fwp%2Fv2%2Ftags&post=3432"}],"curies":[{"name":"wp","href":"https:\/\/api.w.org\/{rel}","templated":true}]}}