{"id":3480,"date":"2022-01-29T19:40:11","date_gmt":"2022-01-29T18:40:11","guid":{"rendered":"http:\/\/biblioteca.iesalmudeyne.es\/?p=3480"},"modified":"2022-02-20T19:16:03","modified_gmt":"2022-02-20T19:16:03","slug":"biblideyne-en-radio-almudeyne","status":"publish","type":"post","link":"https:\/\/biblioteca.iesalmudeyne.es\/?p=3480","title":{"rendered":"Biblideyne en Radio Almudeyne"},"content":{"rendered":"<p style=\"text-align: center;\"><img decoding=\"async\" class=\"aligncenter size-medium wp-image-3574\" src=\"https:\/\/biblioteca.iesalmudeyne.es\/wp-content\/uploads\/2022\/01\/OnAirRadio-300x140.gif\" alt=\"\" width=\"300\" height=\"140\" srcset=\"https:\/\/biblioteca.iesalmudeyne.es\/wp-content\/uploads\/2022\/01\/OnAirRadio-200x93.gif 200w, https:\/\/biblioteca.iesalmudeyne.es\/wp-content\/uploads\/2022\/01\/OnAirRadio-300x140.gif 300w\" sizes=\"(max-width: 300px) 100vw, 300px\" \/><\/p>\n<h4 style=\"text-align: center;\"><\/h4>\n<h4><strong>El pasado mi\u00e9rcoles fuimos invitados a compartir las ondas en Radio Almudeyne para hablar de nuestra biblioteca con nuestros compa\u00f1eros Marilo Mar\u00edn y \u00c1lvaro Romero.<\/strong><\/h4>\n<p style=\"text-align: center;\"><img decoding=\"async\" class=\"aligncenter wp-image-3567\" src=\"https:\/\/biblioteca.iesalmudeyne.es\/wp-content\/uploads\/2022\/01\/IMG-20220127-WA0013-1024x768.jpg\" alt=\"\" width=\"710\" height=\"532\" srcset=\"https:\/\/biblioteca.iesalmudeyne.es\/wp-content\/uploads\/2022\/01\/IMG-20220127-WA0013-200x150.jpg 200w, https:\/\/biblioteca.iesalmudeyne.es\/wp-content\/uploads\/2022\/01\/IMG-20220127-WA0013-300x225.jpg 300w, https:\/\/biblioteca.iesalmudeyne.es\/wp-content\/uploads\/2022\/01\/IMG-20220127-WA0013-400x300.jpg 400w, https:\/\/biblioteca.iesalmudeyne.es\/wp-content\/uploads\/2022\/01\/IMG-20220127-WA0013-600x450.jpg 600w, https:\/\/biblioteca.iesalmudeyne.es\/wp-content\/uploads\/2022\/01\/IMG-20220127-WA0013-768x576.jpg 768w, https:\/\/biblioteca.iesalmudeyne.es\/wp-content\/uploads\/2022\/01\/IMG-20220127-WA0013-800x600.jpg 800w, https:\/\/biblioteca.iesalmudeyne.es\/wp-content\/uploads\/2022\/01\/IMG-20220127-WA0013-1024x768.jpg 1024w, https:\/\/biblioteca.iesalmudeyne.es\/wp-content\/uploads\/2022\/01\/IMG-20220127-WA0013-1200x900.jpg 1200w, https:\/\/biblioteca.iesalmudeyne.es\/wp-content\/uploads\/2022\/01\/IMG-20220127-WA0013-1536x1152.jpg 1536w, https:\/\/biblioteca.iesalmudeyne.es\/wp-content\/uploads\/2022\/01\/IMG-20220127-WA0013.jpg 1600w\" sizes=\"(max-width: 710px) 100vw, 710px\" \/><\/p>\n<p>&nbsp;<\/p>\n<h4 style=\"text-align: center;\"><strong>Nos acompa\u00f1aron tambi\u00e9n un grupo de cinco alumnos de 2\u00ba ESO que forman parte de los alumnos ayudantes que este curso nos apoyan y ayudan en numerosas tareas en la biblioteca: Mart\u00edn, Sebasti\u00e1n, David, Alejandro y Mart\u00edn!<\/strong><\/h4>\n<p style=\"text-align: center;\"><img decoding=\"async\" class=\"aligncenter wp-image-3625\" src=\"https:\/\/biblioteca.iesalmudeyne.es\/wp-content\/uploads\/2022\/01\/IMG-20220127-WA0011-1-1024x768.jpg\" alt=\"\" width=\"827\" height=\"621\" srcset=\"https:\/\/biblioteca.iesalmudeyne.es\/wp-content\/uploads\/2022\/01\/IMG-20220127-WA0011-1-200x150.jpg 200w, https:\/\/biblioteca.iesalmudeyne.es\/wp-content\/uploads\/2022\/01\/IMG-20220127-WA0011-1-300x225.jpg 300w, https:\/\/biblioteca.iesalmudeyne.es\/wp-content\/uploads\/2022\/01\/IMG-20220127-WA0011-1-400x300.jpg 400w, https:\/\/biblioteca.iesalmudeyne.es\/wp-content\/uploads\/2022\/01\/IMG-20220127-WA0011-1-600x450.jpg 600w, https:\/\/biblioteca.iesalmudeyne.es\/wp-content\/uploads\/2022\/01\/IMG-20220127-WA0011-1-768x576.jpg 768w, https:\/\/biblioteca.iesalmudeyne.es\/wp-content\/uploads\/2022\/01\/IMG-20220127-WA0011-1-800x600.jpg 800w, https:\/\/biblioteca.iesalmudeyne.es\/wp-content\/uploads\/2022\/01\/IMG-20220127-WA0011-1-1024x768.jpg 1024w, https:\/\/biblioteca.iesalmudeyne.es\/wp-content\/uploads\/2022\/01\/IMG-20220127-WA0011-1-1200x900.jpg 1200w, https:\/\/biblioteca.iesalmudeyne.es\/wp-content\/uploads\/2022\/01\/IMG-20220127-WA0011-1-1536x1152.jpg 1536w, https:\/\/biblioteca.iesalmudeyne.es\/wp-content\/uploads\/2022\/01\/IMG-20220127-WA0011-1.jpg 1600w\" sizes=\"(max-width: 827px) 100vw, 827px\" \/><\/p>\n<p>&nbsp;<\/p>\n<h4 style=\"text-align: center;\"><strong>Hablamos de las actividades que llevamos\u00a0 a cabo en la biblioteca como la formaci\u00f3n de usuarios, club de lectura, ludoteca, recomendaciones&#8230;.. y \u00a1claro! \u00a1tambi\u00e9n hablamos de libros!<\/strong><\/h4>\n<p style=\"text-align: center;\"><img decoding=\"async\" class=\"aligncenter wp-image-3624\" src=\"https:\/\/biblioteca.iesalmudeyne.es\/wp-content\/uploads\/2022\/01\/IMG-20220127-WA0014-1024x768.jpg\" alt=\"\" width=\"813\" height=\"611\" srcset=\"https:\/\/biblioteca.iesalmudeyne.es\/wp-content\/uploads\/2022\/01\/IMG-20220127-WA0014-200x150.jpg 200w, https:\/\/biblioteca.iesalmudeyne.es\/wp-content\/uploads\/2022\/01\/IMG-20220127-WA0014-300x225.jpg 300w, https:\/\/biblioteca.iesalmudeyne.es\/wp-content\/uploads\/2022\/01\/IMG-20220127-WA0014-400x300.jpg 400w, https:\/\/biblioteca.iesalmudeyne.es\/wp-content\/uploads\/2022\/01\/IMG-20220127-WA0014-600x450.jpg 600w, https:\/\/biblioteca.iesalmudeyne.es\/wp-content\/uploads\/2022\/01\/IMG-20220127-WA0014-768x576.jpg 768w, https:\/\/biblioteca.iesalmudeyne.es\/wp-content\/uploads\/2022\/01\/IMG-20220127-WA0014-800x600.jpg 800w, https:\/\/biblioteca.iesalmudeyne.es\/wp-content\/uploads\/2022\/01\/IMG-20220127-WA0014-1024x768.jpg 1024w, https:\/\/biblioteca.iesalmudeyne.es\/wp-content\/uploads\/2022\/01\/IMG-20220127-WA0014-1200x900.jpg 1200w, https:\/\/biblioteca.iesalmudeyne.es\/wp-content\/uploads\/2022\/01\/IMG-20220127-WA0014-1536x1152.jpg 1536w, https:\/\/biblioteca.iesalmudeyne.es\/wp-content\/uploads\/2022\/01\/IMG-20220127-WA0014.jpg 1600w\" sizes=\"(max-width: 813px) 100vw, 813px\" \/><\/p>\n<p>&nbsp;<\/p>\n<h4 style=\"text-align: center;\">Gracias a todos los que hacen posible que Radio Almudeyne siga ah\u00ed\u00a0 cada mi\u00e9rcoles acerc\u00e1ndonos\u00a0 los temas de inter\u00e9s que tienen lugar en nuestro Instituto.<\/h4>\n<p>&nbsp;<\/p>\n<p style=\"text-align: center;\">\n","protected":false},"excerpt":{"rendered":"<p>El pasado mi\u00e9rcoles fuimos invitados a compartir las ondas en [&hellip;]<\/p>\n","protected":false},"author":1,"featured_media":3576,"comment_status":"open","ping_status":"open","sticky":false,"template":"","format":"standard","meta":{"footnotes":""},"categories":[6,7],"tags":[],"class_list":["post-3480","post","type-post","status-publish","format-standard","has-post-thumbnail","hentry","category-actividades","category-noticias"],"_links":{"self":[{"href":"https:\/\/biblioteca.iesalmudeyne.es\/index.php?rest_route=\/wp\/v2\/posts\/3480","targetHints":{"allow":["GET"]}}],"collection":[{"href":"https:\/\/biblioteca.iesalmudeyne.es\/index.php?rest_route=\/wp\/v2\/posts"}],"about":[{"href":"https:\/\/biblioteca.iesalmudeyne.es\/index.php?rest_route=\/wp\/v2\/types\/post"}],"author":[{"embeddable":true,"href":"https:\/\/biblioteca.iesalmudeyne.es\/index.php?rest_route=\/wp\/v2\/users\/1"}],"replies":[{"embeddable":true,"href":"https:\/\/biblioteca.iesalmudeyne.es\/index.php?rest_route=%2Fwp%2Fv2%2Fcomments&post=3480"}],"version-history":[{"count":7,"href":"https:\/\/biblioteca.iesalmudeyne.es\/index.php?rest_route=\/wp\/v2\/posts\/3480\/revisions"}],"predecessor-version":[{"id":3834,"href":"https:\/\/biblioteca.iesalmudeyne.es\/index.php?rest_route=\/wp\/v2\/posts\/3480\/revisions\/3834"}],"wp:featuredmedia":[{"embeddable":true,"href":"https:\/\/biblioteca.iesalmudeyne.es\/index.php?rest_route=\/wp\/v2\/media\/3576"}],"wp:attachment":[{"href":"https:\/\/biblioteca.iesalmudeyne.es\/index.php?rest_route=%2Fwp%2Fv2%2Fmedia&parent=3480"}],"wp:term":[{"taxonomy":"category","embeddable":true,"href":"https:\/\/biblioteca.iesalmudeyne.es\/index.php?rest_route=%2Fwp%2Fv2%2Fcategories&post=3480"},{"taxonomy":"post_tag","embeddable":true,"href":"https:\/\/biblioteca.iesalmudeyne.es\/index.php?rest_route=%2Fwp%2Fv2%2Ftags&post=3480"}],"curies":[{"name":"wp","href":"https:\/\/api.w.org\/{rel}","templated":true}]}}