{"id":3851,"date":"2022-03-02T18:17:25","date_gmt":"2022-03-02T18:17:25","guid":{"rendered":"https:\/\/biblioteca.iesalmudeyne.es\/?p=3851"},"modified":"2022-03-02T18:17:25","modified_gmt":"2022-03-02T18:17:25","slug":"te-gustan-las-emociones-fuertes","status":"publish","type":"post","link":"https:\/\/biblioteca.iesalmudeyne.es\/?p=3851","title":{"rendered":"\u00bfTe gustan las emociones fuertes?"},"content":{"rendered":"<p><img decoding=\"async\" class=\" wp-image-3852 aligncenter\" src=\"https:\/\/biblioteca.iesalmudeyne.es\/wp-content\/uploads\/2022\/03\/frases-miedo.jpg\" alt=\"\" width=\"722\" height=\"249\" srcset=\"https:\/\/biblioteca.iesalmudeyne.es\/wp-content\/uploads\/2022\/03\/frases-miedo-200x69.jpg 200w, https:\/\/biblioteca.iesalmudeyne.es\/wp-content\/uploads\/2022\/03\/frases-miedo-300x103.jpg 300w, https:\/\/biblioteca.iesalmudeyne.es\/wp-content\/uploads\/2022\/03\/frases-miedo-400x138.jpg 400w, https:\/\/biblioteca.iesalmudeyne.es\/wp-content\/uploads\/2022\/03\/frases-miedo-600x207.jpg 600w, https:\/\/biblioteca.iesalmudeyne.es\/wp-content\/uploads\/2022\/03\/frases-miedo-768x265.jpg 768w, https:\/\/biblioteca.iesalmudeyne.es\/wp-content\/uploads\/2022\/03\/frases-miedo-800x276.jpg 800w, https:\/\/biblioteca.iesalmudeyne.es\/wp-content\/uploads\/2022\/03\/frases-miedo.jpg 870w\" sizes=\"(max-width: 722px) 100vw, 722px\" \/><\/p>\n<p style=\"text-align: center;\"><span style=\"color: #222222;\"><span style=\"font-family: Arial, Helvetica, sans-serif;\"><span style=\"font-size: medium;\">YA SABEMOS QUE LA BIBLIOTECA DEL IES ALMUDEYNE ES UN LUGAR M\u00c1GICO LLENO DE LIBROS QUE ESPERAN QUE MENTES CURIOSAS E INQUIETAS LLENAS DE VIDA LOS ELIJAN Y LES DEDIQUEN SU VALIOSO TIEMPO. NUESTROS ALUMNOS Y ALUMNAS DE 1\u00ba ESO-A HAN DESCUBIERTO UNO DE ESTOS LIBROS Y QUIEREN COMPARTIR CON SUS COMPA\u00d1EROS SU IMPRESI\u00d3N A TRAV\u00c9S DE ESTAS RESE\u00d1AS CR\u00cdTICAS. OS INVITAMOS A QUE VISIT\u00c9IS NUESTRA BIBLIOTECA Y A QUE DESCUBR\u00c1IS ESE LIBRO QUE OS EST\u00c1 ESPERANDO.<\/span><\/span><\/span><\/p>\n<p>&nbsp;<\/p>\n<div class=\"video-shortcode\"><iframe title=\"Recomendaciones\" width=\"1200\" height=\"675\" src=\"https:\/\/www.youtube.com\/embed\/DXDZ444QsDU?feature=oembed\" frameborder=\"0\" allow=\"accelerometer; autoplay; clipboard-write; encrypted-media; gyroscope; picture-in-picture\" allowfullscreen><\/iframe><\/div>\n<p>&nbsp;<\/p>\n<div class=\"video-shortcode\"><iframe title=\"Recomendaciones\" width=\"1200\" height=\"675\" src=\"https:\/\/www.youtube.com\/embed\/OsAze9tAxZI?feature=oembed\" frameborder=\"0\" allow=\"accelerometer; autoplay; clipboard-write; encrypted-media; gyroscope; picture-in-picture\" allowfullscreen><\/iframe><\/div>\n<p>&nbsp;<\/p>\n<div class=\"video-shortcode\"><iframe title=\"Recomendaciones\" width=\"1200\" height=\"675\" src=\"https:\/\/www.youtube.com\/embed\/JJo_A7YDHl0?feature=oembed\" frameborder=\"0\" allow=\"accelerometer; autoplay; clipboard-write; encrypted-media; gyroscope; picture-in-picture\" allowfullscreen><\/iframe><\/div>\n","protected":false},"excerpt":{"rendered":"<p>YA SABEMOS QUE LA BIBLIOTECA DEL IES ALMUDEYNE ES UN [&hellip;]<\/p>\n","protected":false},"author":5,"featured_media":3852,"comment_status":"open","ping_status":"open","sticky":false,"template":"","format":"standard","meta":{"footnotes":""},"categories":[2],"tags":[],"class_list":["post-3851","post","type-post","status-publish","format-standard","has-post-thumbnail","hentry","category-recomendaciones"],"_links":{"self":[{"href":"https:\/\/biblioteca.iesalmudeyne.es\/index.php?rest_route=\/wp\/v2\/posts\/3851","targetHints":{"allow":["GET"]}}],"collection":[{"href":"https:\/\/biblioteca.iesalmudeyne.es\/index.php?rest_route=\/wp\/v2\/posts"}],"about":[{"href":"https:\/\/biblioteca.iesalmudeyne.es\/index.php?rest_route=\/wp\/v2\/types\/post"}],"author":[{"embeddable":true,"href":"https:\/\/biblioteca.iesalmudeyne.es\/index.php?rest_route=\/wp\/v2\/users\/5"}],"replies":[{"embeddable":true,"href":"https:\/\/biblioteca.iesalmudeyne.es\/index.php?rest_route=%2Fwp%2Fv2%2Fcomments&post=3851"}],"version-history":[{"count":2,"href":"https:\/\/biblioteca.iesalmudeyne.es\/index.php?rest_route=\/wp\/v2\/posts\/3851\/revisions"}],"predecessor-version":[{"id":3854,"href":"https:\/\/biblioteca.iesalmudeyne.es\/index.php?rest_route=\/wp\/v2\/posts\/3851\/revisions\/3854"}],"wp:featuredmedia":[{"embeddable":true,"href":"https:\/\/biblioteca.iesalmudeyne.es\/index.php?rest_route=\/wp\/v2\/media\/3852"}],"wp:attachment":[{"href":"https:\/\/biblioteca.iesalmudeyne.es\/index.php?rest_route=%2Fwp%2Fv2%2Fmedia&parent=3851"}],"wp:term":[{"taxonomy":"category","embeddable":true,"href":"https:\/\/biblioteca.iesalmudeyne.es\/index.php?rest_route=%2Fwp%2Fv2%2Fcategories&post=3851"},{"taxonomy":"post_tag","embeddable":true,"href":"https:\/\/biblioteca.iesalmudeyne.es\/index.php?rest_route=%2Fwp%2Fv2%2Ftags&post=3851"}],"curies":[{"name":"wp","href":"https:\/\/api.w.org\/{rel}","templated":true}]}}