{"id":3922,"date":"2022-03-24T19:01:52","date_gmt":"2022-03-24T19:01:52","guid":{"rendered":"https:\/\/biblioteca.iesalmudeyne.es\/?p=3922"},"modified":"2022-03-24T19:06:39","modified_gmt":"2022-03-24T19:06:39","slug":"solidarios-con-quienes-sufren","status":"publish","type":"post","link":"https:\/\/biblioteca.iesalmudeyne.es\/?p=3922","title":{"rendered":"Solidarios con quienes sufren."},"content":{"rendered":"<p>&nbsp;<\/p>\n<p><img decoding=\"async\" class=\"aligncenter wp-image-3923\" src=\"https:\/\/biblioteca.iesalmudeyne.es\/wp-content\/uploads\/2022\/03\/Doc1-300x34.jpg\" alt=\"\" width=\"395\" height=\"44\" srcset=\"https:\/\/biblioteca.iesalmudeyne.es\/wp-content\/uploads\/2022\/03\/Doc1-200x23.jpg 200w, https:\/\/biblioteca.iesalmudeyne.es\/wp-content\/uploads\/2022\/03\/Doc1-300x34.jpg 300w, https:\/\/biblioteca.iesalmudeyne.es\/wp-content\/uploads\/2022\/03\/Doc1-400x46.jpg 400w, https:\/\/biblioteca.iesalmudeyne.es\/wp-content\/uploads\/2022\/03\/Doc1-600x69.jpg 600w, https:\/\/biblioteca.iesalmudeyne.es\/wp-content\/uploads\/2022\/03\/Doc1-768x88.jpg 768w, https:\/\/biblioteca.iesalmudeyne.es\/wp-content\/uploads\/2022\/03\/Doc1-800x92.jpg 800w, https:\/\/biblioteca.iesalmudeyne.es\/wp-content\/uploads\/2022\/03\/Doc1.jpg 1089w\" sizes=\"(max-width: 395px) 100vw, 395px\" \/><\/p>\n<p><strong>Ya sabemos tod@s que el mundo est\u00e1 convulsionado por una nueva guerra que nunca debi\u00f3 comenzar, pero lo cierto es que ha tra\u00eddo miedo, destrucci\u00f3n y dolor a muchas familias. Pienso en esos padres y madres, personas que\u00a0 han perdido todo por lo que llevan luchando toda su vida y\u00a0 me parece tan cruel e injusto que, en verdad,\u00a0 no importa de que lado este la raz\u00f3n. Hay que ayudar, como\u00a0 sea, a paliar el sufrimiento de estas personas y para poner nuestro granito de arena en mejorar las condiciones de vida de estas familias.<\/strong><\/p>\n<p><strong>Por eso planteamos esta hermosa iniciativa \u00abUna tarjeta para Ucrania\u00bb.<\/strong><\/p>\n<p><strong>Ma\u00f1ana, d\u00eda 25 de marzo,\u00a0 pondremos a la venta cuatro tarjetas con dise\u00f1os originales creados por el profesor Arturo Neyra y cada una con una poes\u00eda sobre la guerra y la paz junto con otros art\u00edculos para recaudar fondos y enviarlos a una ONG que se encuentre trabajando para ayudar a estos refugiados.<\/strong><\/p>\n<h1><img decoding=\"async\" class=\"size-medium wp-image-3926 alignleft\" src=\"https:\/\/biblioteca.iesalmudeyne.es\/wp-content\/uploads\/2022\/03\/IMG_20220323_114238-212x300.jpg\" alt=\"\" width=\"212\" height=\"300\" srcset=\"https:\/\/biblioteca.iesalmudeyne.es\/wp-content\/uploads\/2022\/03\/IMG_20220323_114238-200x283.jpg 200w, https:\/\/biblioteca.iesalmudeyne.es\/wp-content\/uploads\/2022\/03\/IMG_20220323_114238-212x300.jpg 212w, https:\/\/biblioteca.iesalmudeyne.es\/wp-content\/uploads\/2022\/03\/IMG_20220323_114238-400x565.jpg 400w, https:\/\/biblioteca.iesalmudeyne.es\/wp-content\/uploads\/2022\/03\/IMG_20220323_114238-600x848.jpg 600w, https:\/\/biblioteca.iesalmudeyne.es\/wp-content\/uploads\/2022\/03\/IMG_20220323_114238-725x1024.jpg 725w, https:\/\/biblioteca.iesalmudeyne.es\/wp-content\/uploads\/2022\/03\/IMG_20220323_114238-768x1085.jpg 768w, https:\/\/biblioteca.iesalmudeyne.es\/wp-content\/uploads\/2022\/03\/IMG_20220323_114238-800x1130.jpg 800w, https:\/\/biblioteca.iesalmudeyne.es\/wp-content\/uploads\/2022\/03\/IMG_20220323_114238-1087x1536.jpg 1087w, https:\/\/biblioteca.iesalmudeyne.es\/wp-content\/uploads\/2022\/03\/IMG_20220323_114238-1200x1695.jpg 1200w, https:\/\/biblioteca.iesalmudeyne.es\/wp-content\/uploads\/2022\/03\/IMG_20220323_114238-1450x2048.jpg 1450w, https:\/\/biblioteca.iesalmudeyne.es\/wp-content\/uploads\/2022\/03\/IMG_20220323_114238-scaled.jpg 1812w\" sizes=\"(max-width: 212px) 100vw, 212px\" \/> <img decoding=\"async\" class=\"size-medium wp-image-3928 alignleft\" src=\"https:\/\/biblioteca.iesalmudeyne.es\/wp-content\/uploads\/2022\/03\/IMG_20220323_114218-199x300.jpg\" alt=\"\" width=\"199\" height=\"300\" srcset=\"https:\/\/biblioteca.iesalmudeyne.es\/wp-content\/uploads\/2022\/03\/IMG_20220323_114218-199x300.jpg 199w, https:\/\/biblioteca.iesalmudeyne.es\/wp-content\/uploads\/2022\/03\/IMG_20220323_114218-200x302.jpg 200w, https:\/\/biblioteca.iesalmudeyne.es\/wp-content\/uploads\/2022\/03\/IMG_20220323_114218-400x604.jpg 400w, https:\/\/biblioteca.iesalmudeyne.es\/wp-content\/uploads\/2022\/03\/IMG_20220323_114218-600x907.jpg 600w, https:\/\/biblioteca.iesalmudeyne.es\/wp-content\/uploads\/2022\/03\/IMG_20220323_114218-678x1024.jpg 678w, https:\/\/biblioteca.iesalmudeyne.es\/wp-content\/uploads\/2022\/03\/IMG_20220323_114218-768x1160.jpg 768w, https:\/\/biblioteca.iesalmudeyne.es\/wp-content\/uploads\/2022\/03\/IMG_20220323_114218-800x1209.jpg 800w, https:\/\/biblioteca.iesalmudeyne.es\/wp-content\/uploads\/2022\/03\/IMG_20220323_114218-1017x1536.jpg 1017w, https:\/\/biblioteca.iesalmudeyne.es\/wp-content\/uploads\/2022\/03\/IMG_20220323_114218-1200x1813.jpg 1200w, https:\/\/biblioteca.iesalmudeyne.es\/wp-content\/uploads\/2022\/03\/IMG_20220323_114218-1355x2048.jpg 1355w, https:\/\/biblioteca.iesalmudeyne.es\/wp-content\/uploads\/2022\/03\/IMG_20220323_114218-scaled.jpg 1694w\" sizes=\"(max-width: 199px) 100vw, 199px\" \/><\/h1>\n<h1><\/h1>\n<h1><\/h1>\n<h1><\/h1>\n<h1><\/h1>\n<h1>**********<\/h1>\n<h1><\/h1>\n<h1 style=\"text-align: center;\"><span style=\"color: #0000ff;\">\u00a1Colabora!<\/span><\/h1>\n<p><img decoding=\"async\" class=\" wp-image-3930 aligncenter\" src=\"https:\/\/biblioteca.iesalmudeyne.es\/wp-content\/uploads\/2022\/03\/personas-gente-unida-azul-1512580-300x115.jpg\" alt=\"\" width=\"407\" height=\"156\" srcset=\"https:\/\/biblioteca.iesalmudeyne.es\/wp-content\/uploads\/2022\/03\/personas-gente-unida-azul-1512580-200x76.jpg 200w, https:\/\/biblioteca.iesalmudeyne.es\/wp-content\/uploads\/2022\/03\/personas-gente-unida-azul-1512580-300x115.jpg 300w, https:\/\/biblioteca.iesalmudeyne.es\/wp-content\/uploads\/2022\/03\/personas-gente-unida-azul-1512580-400x153.jpg 400w, https:\/\/biblioteca.iesalmudeyne.es\/wp-content\/uploads\/2022\/03\/personas-gente-unida-azul-1512580.jpg 600w\" sizes=\"(max-width: 407px) 100vw, 407px\" \/><\/p>\n<p>&nbsp;<\/p>\n<p>&nbsp;<\/p>\n","protected":false},"excerpt":{"rendered":"<p>&nbsp; Ya sabemos tod@s que el mundo est\u00e1 convulsionado por [&hellip;]<\/p>\n","protected":false},"author":5,"featured_media":3929,"comment_status":"open","ping_status":"open","sticky":false,"template":"","format":"standard","meta":{"footnotes":""},"categories":[7],"tags":[],"class_list":["post-3922","post","type-post","status-publish","format-standard","has-post-thumbnail","hentry","category-noticias"],"_links":{"self":[{"href":"https:\/\/biblioteca.iesalmudeyne.es\/index.php?rest_route=\/wp\/v2\/posts\/3922","targetHints":{"allow":["GET"]}}],"collection":[{"href":"https:\/\/biblioteca.iesalmudeyne.es\/index.php?rest_route=\/wp\/v2\/posts"}],"about":[{"href":"https:\/\/biblioteca.iesalmudeyne.es\/index.php?rest_route=\/wp\/v2\/types\/post"}],"author":[{"embeddable":true,"href":"https:\/\/biblioteca.iesalmudeyne.es\/index.php?rest_route=\/wp\/v2\/users\/5"}],"replies":[{"embeddable":true,"href":"https:\/\/biblioteca.iesalmudeyne.es\/index.php?rest_route=%2Fwp%2Fv2%2Fcomments&post=3922"}],"version-history":[{"count":13,"href":"https:\/\/biblioteca.iesalmudeyne.es\/index.php?rest_route=\/wp\/v2\/posts\/3922\/revisions"}],"predecessor-version":[{"id":3942,"href":"https:\/\/biblioteca.iesalmudeyne.es\/index.php?rest_route=\/wp\/v2\/posts\/3922\/revisions\/3942"}],"wp:featuredmedia":[{"embeddable":true,"href":"https:\/\/biblioteca.iesalmudeyne.es\/index.php?rest_route=\/wp\/v2\/media\/3929"}],"wp:attachment":[{"href":"https:\/\/biblioteca.iesalmudeyne.es\/index.php?rest_route=%2Fwp%2Fv2%2Fmedia&parent=3922"}],"wp:term":[{"taxonomy":"category","embeddable":true,"href":"https:\/\/biblioteca.iesalmudeyne.es\/index.php?rest_route=%2Fwp%2Fv2%2Fcategories&post=3922"},{"taxonomy":"post_tag","embeddable":true,"href":"https:\/\/biblioteca.iesalmudeyne.es\/index.php?rest_route=%2Fwp%2Fv2%2Ftags&post=3922"}],"curies":[{"name":"wp","href":"https:\/\/api.w.org\/{rel}","templated":true}]}}